{"id":43729,"date":"2013-01-30T15:46:47","date_gmt":"2013-01-30T18:46:47","guid":{"rendered":"http:\/\/senoticias.com.br\/se\/?p=43729"},"modified":"2013-01-30T16:45:18","modified_gmt":"2013-01-30T19:45:18","slug":"eduardo-amorim-pede-agenda-positiva-a-valadares","status":"publish","type":"post","link":"https:\/\/senoticias.com.br\/se\/eduardo-amorim-pede-agenda-positiva-a-valadares\/","title":{"rendered":"Eduardo Amorim pede agenda positiva a Valadares"},"content":{"rendered":"<p>&nbsp;<\/p>\n<p style=\"text-align: justify;\"><a href=\"http:\/\/senoticias.com.br\/se\/wp-content\/uploads\/2013\/01\/Gilmar.jpg\"><img loading=\"lazy\" decoding=\"async\" class=\"alignleft size-full wp-image-43731\" title=\"Gilmar\" src=\"http:\/\/senoticias.com.br\/se\/wp-content\/uploads\/2013\/01\/Gilmar.jpg\" alt=\"\" width=\"221\" height=\"166\" srcset=\"https:\/\/senoticias.com.br\/se\/wp-content\/uploads\/2013\/01\/Gilmar.jpg 221w, https:\/\/senoticias.com.br\/se\/wp-content\/uploads\/2013\/01\/Gilmar-60x45.jpg 60w, https:\/\/senoticias.com.br\/se\/wp-content\/uploads\/2013\/01\/Gilmar-150x113.jpg 150w\" sizes=\"(max-width: 221px) 100vw, 221px\" \/><\/a>O senador Eduardo Amorim (PSC-SE) revelou em entrevista ao radialista e deputado estadual, Gilmar Carvalho, na manh\u00e3 da quarta-feira, 30, que foi um grande erro denotar a n\u00e3o aprova\u00e7\u00e3o do Proinveste, em Sergipe, a sua pessoa e ao seu irm\u00e3o Edivan Amorim. Para ele, a responsabilidade dos 13 deputados estaduais, contra a proposta inicial do empr\u00e9stimo de R$ 727 milh\u00f5es, teve um car\u00e1ter correto e honesto, quando exigem o conhecimento dos projetos e como eles ser\u00e3o aplicados. \u201cN\u00e3o mudei meus convencimentos ou meus posicionamentos. H\u00e1 muita injusti\u00e7a e difama\u00e7\u00f5es constru\u00eddas por algu\u00e9m que j\u00e1 montou palanque para 2014\u201d, afirmou Eduardo Amorim.<\/p>\n<p style=\"text-align: justify;\">Durante a recep\u00e7\u00e3o da presidente Dilma Rousseff (PT) em Aracaju, o governador Marcelo D\u00e9da (PT), em uma atitude muito simples, comunicou que o senador Eduardo Amorim seria o interlocutor para uma sa\u00edda palp\u00e1vel do Proinveste. \u201cEssa foi a primeira vez que fui chamado para conversar e o governador mostrou sensibilidade para isso\u201d, disse Amorim ao afirmar que teve a curiosidade para estudar os gastos p\u00fablicos, n\u00e3o s\u00f3 de Sergipe, mas como do Brasil. \u201cUm dos grandes problemas que observamos n\u00e3o \u00e9 a falta de dinheiro, podemos dizer que \u00e9 a m\u00e1 qualidade nos gastos p\u00fablicos\u201d, afirmou.<\/p>\n<p style=\"text-align: justify;\">Detalhando em n\u00fameros, o senador mostrou que em 2008 o estado de Sergipe tinha uma d\u00edvida de R$ 829 milh\u00f5es, referente ao segundo ano do Governo Marcelo D\u00e9da, e at\u00e9 2012 foram realizados sucessivos empr\u00e9stimos totalizando R$ 2,4 bilh\u00f5es. \u201cUma evolu\u00e7\u00e3o est\u00fapida e crescente da nossa d\u00edvida. Sergipe em seus 192 anos, nunca esteve t\u00e3o endividado\u201d, informou Amorim ao continuar indagando \u201ce todo esse endividamento pode ser percebido onde\u201d.<\/p>\n<p style=\"text-align: justify;\">\u201cSempre foi dado um cheque em branco. Os deputados, que t\u00eam o poder do voto, solicitaram e solicitam a coer\u00eancia e principalmente o di\u00e1logo efetivo. O que a sociedade espera \u00e9 um cheque nominal, com todas as obras detalhadas e com prioridade naquelas que forem estruturantes, e que estejam relacionadas em Projetos de Lei. Essa \u00e9 a primeira vez que o Governo convidou a oposi\u00e7\u00e3o para conversar e assim vamos esperar\u201d, destacou Amorim.<\/p>\n<p style=\"text-align: justify;\">O senador do PSC solicitou do coordenador da bancada de Sergipe, em Bras\u00edlia, o senador Valadares (PSB) que comece a dar exemplos de di\u00e1logos e que estude os dados financeiros de Sergipe. \u201cSenador, vamos reunir, semanalmente, nossa bancada para tratar de uma agenda positiva, dos projetos. Vamos juntos aos minist\u00e9rios buscar libera\u00e7\u00f5es das emendas. Temos o exemplo do estado de Pernambuco, o qual seu governador \u00e9 do seu partido, ele consegue liberar as emendas em sua totalidade. Aqui pod\u00edamos usar da nossa for\u00e7a pol\u00edtica da mesma forma\u201d, disse Amorim ao completar ainda \u201cpela primeira vez fui chamado por D\u00e9da para irmos juntos ao Minist\u00e9rio da Sa\u00fade onde vamos detalhar o projeto do Hospital do C\u00e2ncer. Esse \u00e9 um bom come\u00e7o\u201d.<\/p>\n<p style=\"text-align: justify;\"><strong>Proposta<\/strong><\/p>\n<p style=\"text-align: justify;\">\u201cEntendemos que a proposta deve nominar os projetos, como por exemplo, onde e como ser\u00e1 constru\u00eddo o novo Instituto M\u00e9dico Legal de Sergipe? Como ser\u00e1 a estrada que ligar\u00e1 o munic\u00edpio de Itabaiana a Itaporanga? Queremos detalhamentos, para que os recursos n\u00e3o sejam destinados para outros fins\u201d, colocou Amorim.<\/p>\n<p style=\"text-align: justify;\"><em><strong>Assessoria de Imprensa<\/strong><\/em><\/p>\n","protected":false},"excerpt":{"rendered":"<p>&nbsp; O senador Eduardo Amorim (PSC-SE) revelou em entrevista ao radialista e deputado estadual, Gilmar Carvalho, na manh\u00e3 da quarta-feira, 30, que foi um grande erro denotar a n\u00e3o aprova\u00e7\u00e3o do Proinveste, em Sergipe, a sua pessoa e ao seu irm\u00e3o Edivan Amorim. Para ele, a responsabilidade dos 13 deputados estaduais, contra a proposta inicial [&hellip;]<\/p>\n","protected":false},"author":1,"featured_media":43731,"comment_status":"closed","ping_status":"closed","sticky":false,"template":"","format":"standard","meta":{"footnotes":""},"categories":[6,1],"tags":[],"class_list":{"0":"post-43729","1":"post","2":"type-post","3":"status-publish","4":"format-standard","5":"has-post-thumbnail","7":"category-politica","8":"category-sem-categoria"},"_links":{"self":[{"href":"https:\/\/senoticias.com.br\/se\/wp-json\/wp\/v2\/posts\/43729"}],"collection":[{"href":"https:\/\/senoticias.com.br\/se\/wp-json\/wp\/v2\/posts"}],"about":[{"href":"https:\/\/senoticias.com.br\/se\/wp-json\/wp\/v2\/types\/post"}],"author":[{"embeddable":true,"href":"https:\/\/senoticias.com.br\/se\/wp-json\/wp\/v2\/users\/1"}],"replies":[{"embeddable":true,"href":"https:\/\/senoticias.com.br\/se\/wp-json\/wp\/v2\/comments?post=43729"}],"version-history":[{"count":0,"href":"https:\/\/senoticias.com.br\/se\/wp-json\/wp\/v2\/posts\/43729\/revisions"}],"wp:featuredmedia":[{"embeddable":true,"href":"https:\/\/senoticias.com.br\/se\/wp-json\/wp\/v2\/media\/43731"}],"wp:attachment":[{"href":"https:\/\/senoticias.com.br\/se\/wp-json\/wp\/v2\/media?parent=43729"}],"wp:term":[{"taxonomy":"category","embeddable":true,"href":"https:\/\/senoticias.com.br\/se\/wp-json\/wp\/v2\/categories?post=43729"},{"taxonomy":"post_tag","embeddable":true,"href":"https:\/\/senoticias.com.br\/se\/wp-json\/wp\/v2\/tags?post=43729"}],"curies":[{"name":"wp","href":"https:\/\/api.w.org\/{rel}","templated":true}]}}