{"id":43726,"date":"2013-01-30T12:32:12","date_gmt":"2013-01-30T15:32:12","guid":{"rendered":"http:\/\/senoticias.com.br\/se\/?p=43726"},"modified":"2013-01-30T12:37:45","modified_gmt":"2013-01-30T15:37:45","slug":"em-brasilia-sylvio-participa-de-encontro-e-busca-parceria","status":"publish","type":"post","link":"https:\/\/senoticias.com.br\/se\/em-brasilia-sylvio-participa-de-encontro-e-busca-parceria\/","title":{"rendered":"Em Bras\u00edlia, Sylvio participa de encontro e busca parceria"},"content":{"rendered":"<p style=\"text-align: justify;\">O prefeito de Divina Pastora, Sylvio Cardoso (PR) participa, em Bras\u00edlia, do Encontro Nacional de Novos Prefeitos e Prefeitas, que come\u00e7ou ontem (28) e vai at\u00e9 amanh\u00e3 (30).<\/p>\n<p style=\"text-align: justify;\">Al\u00e9m do aumento nos repasses do Fundo de Participa\u00e7\u00e3o dos Munic\u00edpios (FPM) e apoio para a\u00e7\u00f5es nas \u00e1reas de sa\u00fade e educa\u00e7\u00e3o \u2013 dentre v\u00e1rios outros temas pautados &#8211; Dr Sylvio apresentar\u00e1 ao governo federal, uma s\u00e9rie de demandas espec\u00edficas do munic\u00edpio.<\/p>\n<p style=\"text-align: justify;\">Uma das grandes necessidades, de acordo com o novo prefeito, \u00e9 a busca de parcerias com o governo federal para garantir o cumprimento de a\u00e7\u00f5es priorit\u00e1rias, como a constru\u00e7\u00e3o de escolas, moradia, al\u00e9m de outras medidas de alcance social.<\/p>\n<p style=\"text-align: justify;\">\u201cO munic\u00edpio de Divina Pastora \u2013 assim como a maioria dos munic\u00edpios brasileiros \u2013 enfrenta s\u00e9rias dificuldades e a receita que dispomos n\u00e3o \u00e9 suficiente para atender a todas as demandas\u201d, afirmou Sylvio, que est\u00e1 otimista com os encaminhamentos que v\u00eam sendo debatidos.<\/p>\n<p style=\"text-align: justify;\"><em><strong>Wasleska S\u00e1 &#8211; Assessoria de Comunica\u00e7\u00e3o<\/strong><\/em><\/p>\n","protected":false},"excerpt":{"rendered":"<p>O prefeito de Divina Pastora, Sylvio Cardoso (PR) participa, em Bras\u00edlia, do Encontro Nacional de Novos Prefeitos e Prefeitas, que come\u00e7ou ontem (28) e vai at\u00e9 amanh\u00e3 (30). Al\u00e9m do aumento nos repasses do Fundo de Participa\u00e7\u00e3o dos Munic\u00edpios (FPM) e apoio para a\u00e7\u00f5es nas \u00e1reas de sa\u00fade e educa\u00e7\u00e3o \u2013 dentre v\u00e1rios outros temas [&hellip;]<\/p>\n","protected":false},"author":1,"featured_media":0,"comment_status":"closed","ping_status":"closed","sticky":false,"template":"","format":"standard","meta":{"footnotes":""},"categories":[1],"tags":[],"class_list":{"0":"post-43726","1":"post","2":"type-post","3":"status-publish","4":"format-standard","6":"category-sem-categoria"},"_links":{"self":[{"href":"https:\/\/senoticias.com.br\/se\/wp-json\/wp\/v2\/posts\/43726"}],"collection":[{"href":"https:\/\/senoticias.com.br\/se\/wp-json\/wp\/v2\/posts"}],"about":[{"href":"https:\/\/senoticias.com.br\/se\/wp-json\/wp\/v2\/types\/post"}],"author":[{"embeddable":true,"href":"https:\/\/senoticias.com.br\/se\/wp-json\/wp\/v2\/users\/1"}],"replies":[{"embeddable":true,"href":"https:\/\/senoticias.com.br\/se\/wp-json\/wp\/v2\/comments?post=43726"}],"version-history":[{"count":0,"href":"https:\/\/senoticias.com.br\/se\/wp-json\/wp\/v2\/posts\/43726\/revisions"}],"wp:attachment":[{"href":"https:\/\/senoticias.com.br\/se\/wp-json\/wp\/v2\/media?parent=43726"}],"wp:term":[{"taxonomy":"category","embeddable":true,"href":"https:\/\/senoticias.com.br\/se\/wp-json\/wp\/v2\/categories?post=43726"},{"taxonomy":"post_tag","embeddable":true,"href":"https:\/\/senoticias.com.br\/se\/wp-json\/wp\/v2\/tags?post=43726"}],"curies":[{"name":"wp","href":"https:\/\/api.w.org\/{rel}","templated":true}]}}