{"id":43722,"date":"2013-01-30T11:49:49","date_gmt":"2013-01-30T14:49:49","guid":{"rendered":"http:\/\/senoticias.com.br\/se\/?p=43722"},"modified":"2013-01-31T13:54:49","modified_gmt":"2013-01-31T16:54:49","slug":"policia-troca-tiros-com-ladroes-de-gado-e-tres-morrem-no-confronto","status":"publish","type":"post","link":"https:\/\/senoticias.com.br\/se\/policia-troca-tiros-com-ladroes-de-gado-e-tres-morrem-no-confronto\/","title":{"rendered":"Pol\u00edcia troca tiros com ladr\u00f5es de gado e tr\u00eas morrem no confronto"},"content":{"rendered":"<div id=\"attachment_43723\" style=\"width: 230px\" class=\"wp-caption alignleft\"><a href=\"http:\/\/senoticias.com.br\/se\/wp-content\/uploads\/2013\/01\/Opera\u00e7\u00e3o.jpg\"><img loading=\"lazy\" decoding=\"async\" aria-describedby=\"caption-attachment-43723\" class=\"size-full wp-image-43723\" title=\"Opera\u00e7\u00e3o\" src=\"http:\/\/senoticias.com.br\/se\/wp-content\/uploads\/2013\/01\/Opera\u00e7\u00e3o.jpg\" alt=\"\" width=\"220\" height=\"165\" srcset=\"https:\/\/senoticias.com.br\/se\/wp-content\/uploads\/2013\/01\/Opera\u00e7\u00e3o.jpg 220w, https:\/\/senoticias.com.br\/se\/wp-content\/uploads\/2013\/01\/Opera\u00e7\u00e3o-60x45.jpg 60w, https:\/\/senoticias.com.br\/se\/wp-content\/uploads\/2013\/01\/Opera\u00e7\u00e3o-150x113.jpg 150w\" sizes=\"(max-width: 220px) 100vw, 220px\" \/><\/a><p id=\"caption-attachment-43723\" class=\"wp-caption-text\">Pol\u00edcia troca tiros com ladr\u00f5es de gado e tr\u00eas morrem no confronto. (SSP\/SE)<\/p><\/div>\n<p style=\"text-align: justify;\">Uma for\u00e7a-tarefa da Secretaria de Seguran\u00e7a P\u00fablica implantada em 30 de outubro do ano passado para combater o roubo de gado na regi\u00e3o de Cedro de S\u00e3o Jo\u00e3o e Malhada dos Bois terminou na noite desta ter\u00e7a-feira, 29, com a morte de tr\u00eas homens envolvidos em a\u00e7\u00f5es criminosas na regi\u00e3o. A informa\u00e7\u00e3o \u00e9 que os suspeitos foram parados em uma blitze na madrugada desta quarta-feira ap\u00f3s matarem v\u00e1rias reses de uma fazenda.<\/p>\n<p style=\"text-align: justify;\">Os suspeitos estavam armados com rev\u00f3lveres calibre 32, em um carro Corsa Classic, com peso muito acima do normal. Dentro do ve\u00edculo havia v\u00e1rios cortes de gado, que tinha acabado de ser abatido da fazenda de um pequeno pecuarista. A blitze ocorreu na entrada do povoado Cruz da Donzela, em Malhada dos Bois, ap\u00f3s meses de investiga\u00e7\u00f5es, que contou com apoio de pol\u00edticos, criadores de gado, comerciantes e de toda a popula\u00e7\u00e3o.<\/p>\n<p style=\"text-align: justify;\">Os acusados dispararam v\u00e1rios tiros contra os policiais, que revidaram a agress\u00e3o e terminou com os homens feridos. Os policiais conduziram os suspeitos para o Hospital Regional de Propri\u00e1, onde foi constatado o \u00f3bito. A opera\u00e7\u00e3o foi coordenada pela Coordenadoria de Pol\u00edcia Civil do Interior (Copci) e pela equipe do secret\u00e1rio-adjunto, Jo\u00e3o Batista Santos J\u00fanior.<\/p>\n<p style=\"text-align: justify;\"><strong>Reuni\u00e3o<\/strong><\/p>\n<p style=\"text-align: justify;\">No dia 30 de outubro, o secret\u00e1rio-adjunto da Secretaria de Estado da Seguran\u00e7a P\u00fablica, Jo\u00e3o Batista Santos J\u00fanior, juntamente com gestores das pol\u00edcias Civil e Militar, estiveram na cidade de Cedro de S\u00e3o Jo\u00e3o para discutir com pecuaristas locais estrat\u00e9gias para coibir o furto de gado na regi\u00e3o.<\/p>\n<p style=\"text-align: justify;\">A presen\u00e7a dos operadores de seguran\u00e7a em Cedro aconteceu ap\u00f3s um pedido dos pecuaristas, que foi prontamente atendido ap\u00f3s determina\u00e7\u00e3o do secret\u00e1rio Jo\u00e3o Eloy de Menezes. O encontro aconteceu na sede de uma escola da cidade e contou com a presen\u00e7a de 35 criadores de gado.<\/p>\n<p style=\"text-align: justify;\">Na \u00e9poca, Batista ainda pediu que todos os presentes continuassem acreditando no trabalho das for\u00e7as policiais, e que caso soubessem de detalhes dos epis\u00f3dios criminosos, entrassem em contato com os representantes da PM e da PC, relatando as informa\u00e7\u00f5es e contribuindo com a elucida\u00e7\u00e3o dos crimes.<\/p>\n<p style=\"text-align: justify;\">&#8220;Esse tipo de crime tem que ser combatido como os demais. \u00c9 uma modalidade que \u00e9 repudiada, pois lesa o pequeno criador que disp\u00f5e de poucas cabe\u00e7as de gado e sustenta sua fam\u00edlia atrav\u00e9s da atividade. Pedimos a paci\u00eancia de todos e a colabora\u00e7\u00e3o atrav\u00e9s de den\u00fancias que podem ser geradas nas unidades policias ou pelo 181&#8221;, destacou.<\/p>\n<p style=\"text-align: justify;\"><em><strong>SSP\/SE<\/strong><\/em><\/p>\n","protected":false},"excerpt":{"rendered":"<p>Uma for\u00e7a-tarefa da Secretaria de Seguran\u00e7a P\u00fablica implantada em 30 de outubro do ano passado para combater o roubo de gado na regi\u00e3o de Cedro de S\u00e3o Jo\u00e3o e Malhada dos Bois terminou na noite desta ter\u00e7a-feira, 29, com a morte de tr\u00eas homens envolvidos em a\u00e7\u00f5es criminosas na regi\u00e3o. A informa\u00e7\u00e3o \u00e9 que os [&hellip;]<\/p>\n","protected":false},"author":1,"featured_media":43723,"comment_status":"closed","ping_status":"closed","sticky":false,"template":"","format":"standard","meta":{"footnotes":""},"categories":[310,7],"tags":[],"class_list":{"0":"post-43722","1":"post","2":"type-post","3":"status-publish","4":"format-standard","5":"has-post-thumbnail","7":"category-destaques-da-semana","8":"category-policia"},"_links":{"self":[{"href":"https:\/\/senoticias.com.br\/se\/wp-json\/wp\/v2\/posts\/43722"}],"collection":[{"href":"https:\/\/senoticias.com.br\/se\/wp-json\/wp\/v2\/posts"}],"about":[{"href":"https:\/\/senoticias.com.br\/se\/wp-json\/wp\/v2\/types\/post"}],"author":[{"embeddable":true,"href":"https:\/\/senoticias.com.br\/se\/wp-json\/wp\/v2\/users\/1"}],"replies":[{"embeddable":true,"href":"https:\/\/senoticias.com.br\/se\/wp-json\/wp\/v2\/comments?post=43722"}],"version-history":[{"count":0,"href":"https:\/\/senoticias.com.br\/se\/wp-json\/wp\/v2\/posts\/43722\/revisions"}],"wp:featuredmedia":[{"embeddable":true,"href":"https:\/\/senoticias.com.br\/se\/wp-json\/wp\/v2\/media\/43723"}],"wp:attachment":[{"href":"https:\/\/senoticias.com.br\/se\/wp-json\/wp\/v2\/media?parent=43722"}],"wp:term":[{"taxonomy":"category","embeddable":true,"href":"https:\/\/senoticias.com.br\/se\/wp-json\/wp\/v2\/categories?post=43722"},{"taxonomy":"post_tag","embeddable":true,"href":"https:\/\/senoticias.com.br\/se\/wp-json\/wp\/v2\/tags?post=43722"}],"curies":[{"name":"wp","href":"https:\/\/api.w.org\/{rel}","templated":true}]}}