{"id":43719,"date":"2013-01-30T14:43:45","date_gmt":"2013-01-30T17:43:45","guid":{"rendered":"http:\/\/senoticias.com.br\/se\/?p=43719"},"modified":"2013-01-31T14:00:42","modified_gmt":"2013-01-31T17:00:42","slug":"padre-joaozinho-e-a-principal-atracao-religiosa-da-festa-da-padroeira-de-itaporanga","status":"publish","type":"post","link":"https:\/\/senoticias.com.br\/se\/padre-joaozinho-e-a-principal-atracao-religiosa-da-festa-da-padroeira-de-itaporanga\/","title":{"rendered":"Padre Jo\u00e3ozinho \u00e9 a principal atra\u00e7\u00e3o religiosa da Festa da Padroeira de Itaporanga"},"content":{"rendered":"<p>&nbsp;<\/p>\n<div id=\"attachment_43727\" style=\"width: 310px\" class=\"wp-caption alignleft\"><a href=\"http:\/\/senoticias.com.br\/se\/wp-content\/uploads\/2013\/01\/20130129_144729.jpg\"><img loading=\"lazy\" decoding=\"async\" aria-describedby=\"caption-attachment-43727\" class=\"size-medium wp-image-43727\" title=\"20130129_144729\" src=\"http:\/\/senoticias.com.br\/se\/wp-content\/uploads\/2013\/01\/20130129_144729-300x225.jpg\" alt=\"\" width=\"300\" height=\"225\" srcset=\"https:\/\/senoticias.com.br\/se\/wp-content\/uploads\/2013\/01\/20130129_144729-300x225.jpg 300w, https:\/\/senoticias.com.br\/se\/wp-content\/uploads\/2013\/01\/20130129_144729-342x256.jpg 342w, https:\/\/senoticias.com.br\/se\/wp-content\/uploads\/2013\/01\/20130129_144729-60x45.jpg 60w, https:\/\/senoticias.com.br\/se\/wp-content\/uploads\/2013\/01\/20130129_144729-150x113.jpg 150w, https:\/\/senoticias.com.br\/se\/wp-content\/uploads\/2013\/01\/20130129_144729-269x201.jpg 269w, https:\/\/senoticias.com.br\/se\/wp-content\/uploads\/2013\/01\/20130129_144729.jpg 653w\" sizes=\"(max-width: 300px) 100vw, 300px\" \/><\/a><p id=\"caption-attachment-43727\" class=\"wp-caption-text\">Imagem de Nossa Senhora D&#39; Ajuda. (Foto: Ascom)<\/p><\/div>\n<p style=\"text-align: justify;\">A festa em homenagem a padroeira da cidade de Itaporanga D`Ajuda, Nossa Senhora D`Ajuda, que come\u00e7ou no dia 24 de janeiro e termina no pr\u00f3ximo dia 02 de fevereiro, contar\u00e1 com a presen\u00e7a do Padre Jo\u00e3ozinho, um dos mais carism\u00e1ticos cantores cat\u00f3licos do Brasil.<\/p>\n<p style=\"text-align: justify;\">Durante o show, Padre Jo\u00e3ozinho cantar\u00e1 m\u00fasicas de sua autoria que fazem sucesso at\u00e9 hoje, como Conhe\u00e7o um Cora\u00e7\u00e3o, Vento do Esp\u00edrito, Tenda do Senhor, Tu que Renovas, Confia no Senhor, Irm\u00e3o Sol, Irm\u00e3 Luz, Cristo \u00e9 Minha Vida (em parceria com o saudoso Padre L\u00e9o), entre outras.<\/p>\n<p style=\"text-align: justify;\">O show do Padre Jo\u00e3ozinho acontece no pr\u00f3ximo s\u00e1bado, dia 02 de fevereiro, a partir das 18h, logo ap\u00f3s a Prociss\u00e3o, na Pra\u00e7a da Matriz.<\/p>\n<p><strong>A Festa<\/strong><\/p>\n<p style=\"text-align: justify;\">A tradicional comemora\u00e7\u00e3o, que \u00e9 realizada h\u00e1 159 anos, vem reunindo na Pra\u00e7a da Matriz, no Centro da cidade, fam\u00edlias e fi\u00e9is que t\u00eam em sua programa\u00e7\u00e3o religiosa e festiva, novena, missas, prociss\u00e3o, al\u00e9m de shows, tendas de alimenta\u00e7\u00e3o e outras atividades.<\/p>\n<p style=\"text-align: justify;\">Al\u00e9m da programa\u00e7\u00e3o religiosa, que \u00e9 de responsabilidade da Par\u00f3quia Nossa Senhora D\u00b4Ajuda, a Prefeitura de Itaporanga, atrav\u00e9s da Secretaria de Cultura e Turismo, promover\u00e1 shows musicais com atra\u00e7\u00f5es locais e nacionais, na Pra\u00e7a de Eventos da cidade.<\/p>\n<p><strong>Confira a programa\u00e7\u00e3o completa<\/strong><\/p>\n<p><strong>Religiosa<\/strong><\/p>\n<p>Dia 31 (Quinta-Feira)<\/p>\n<p>Missa dos Funcion\u00e1rios da Prefeitura e da C\u00e2mara de Vereadores<\/p>\n<p>Dia 1\u00ba (Sexta-Feira)<\/p>\n<p>Prociss\u00e3o de S\u00e3o Crist\u00f3v\u00e3o \u2013 saindo da Capela de S\u00e3o Miguel Arcanjo, no Conjunto Ant\u00f4nio Carlos Valadares (Cohab), \u00e0s 18h.<\/p>\n<p>Dia 02 (S\u00e1bado)<\/p>\n<p style=\"text-align: justify;\">Missa solene na Igreja Matriz, com Dom Henrique Soares da Costa, \u00e0s 10h. J\u00e1 \u00e0s 17h, Prociss\u00e3o pelas ruas da cidade, com sa\u00edda da Igreja Matriz. Logo ap\u00f3s a Prociss\u00e3o, por volta das 19h, show com o Padre Jo\u00e3ozinho, na Pra\u00e7a da Matriz.<\/p>\n<p><strong>Programa\u00e7\u00e3o Musical<\/strong><\/p>\n<p><strong>Dia 1\u00ba (Sexta-Feira)<\/strong><\/p>\n<p>Pagangol\u00ea<br \/>\nCalcinha Preta<br \/>\nAlma Gemea<\/p>\n<p><strong>Dia 02 (S\u00e1bado)<\/strong><\/p>\n<p>Gal\u00e3 do Brega<br \/>\nSaiddy Bamba<br \/>\nNelton Pyter<\/p>\n<p><strong>Ascom\/Itaporanga<\/strong><\/p>\n","protected":false},"excerpt":{"rendered":"<p>&nbsp; A festa em homenagem a padroeira da cidade de Itaporanga D`Ajuda, Nossa Senhora D`Ajuda, que come\u00e7ou no dia 24 de janeiro e termina no pr\u00f3ximo dia 02 de fevereiro, contar\u00e1 com a presen\u00e7a do Padre Jo\u00e3ozinho, um dos mais carism\u00e1ticos cantores cat\u00f3licos do Brasil. Durante o show, Padre Jo\u00e3ozinho cantar\u00e1 m\u00fasicas de sua autoria [&hellip;]<\/p>\n","protected":false},"author":1,"featured_media":43727,"comment_status":"closed","ping_status":"closed","sticky":false,"template":"","format":"standard","meta":{"footnotes":""},"categories":[310,46],"tags":[],"class_list":{"0":"post-43719","1":"post","2":"type-post","3":"status-publish","4":"format-standard","5":"has-post-thumbnail","7":"category-destaques-da-semana","8":"category-religiao"},"_links":{"self":[{"href":"https:\/\/senoticias.com.br\/se\/wp-json\/wp\/v2\/posts\/43719"}],"collection":[{"href":"https:\/\/senoticias.com.br\/se\/wp-json\/wp\/v2\/posts"}],"about":[{"href":"https:\/\/senoticias.com.br\/se\/wp-json\/wp\/v2\/types\/post"}],"author":[{"embeddable":true,"href":"https:\/\/senoticias.com.br\/se\/wp-json\/wp\/v2\/users\/1"}],"replies":[{"embeddable":true,"href":"https:\/\/senoticias.com.br\/se\/wp-json\/wp\/v2\/comments?post=43719"}],"version-history":[{"count":0,"href":"https:\/\/senoticias.com.br\/se\/wp-json\/wp\/v2\/posts\/43719\/revisions"}],"wp:featuredmedia":[{"embeddable":true,"href":"https:\/\/senoticias.com.br\/se\/wp-json\/wp\/v2\/media\/43727"}],"wp:attachment":[{"href":"https:\/\/senoticias.com.br\/se\/wp-json\/wp\/v2\/media?parent=43719"}],"wp:term":[{"taxonomy":"category","embeddable":true,"href":"https:\/\/senoticias.com.br\/se\/wp-json\/wp\/v2\/categories?post=43719"},{"taxonomy":"post_tag","embeddable":true,"href":"https:\/\/senoticias.com.br\/se\/wp-json\/wp\/v2\/tags?post=43719"}],"curies":[{"name":"wp","href":"https:\/\/api.w.org\/{rel}","templated":true}]}}