{"id":43713,"date":"2013-01-30T06:18:10","date_gmt":"2013-01-30T09:18:10","guid":{"rendered":"http:\/\/senoticias.com.br\/se\/?p=43713"},"modified":"2013-01-31T13:35:23","modified_gmt":"2013-01-31T16:35:23","slug":"na-barra-dos-coqueiros-dilma-e-deda-inauguram-usina-eolica","status":"publish","type":"post","link":"https:\/\/senoticias.com.br\/se\/na-barra-dos-coqueiros-dilma-e-deda-inauguram-usina-eolica\/","title":{"rendered":"Na Barra dos Coqueiros, Dilma e D\u00e9da inauguram Usina E\u00f3lica"},"content":{"rendered":"<div id=\"attachment_43714\" style=\"width: 310px\" class=\"wp-caption alignleft\"><a href=\"http:\/\/senoticias.com.br\/se\/wp-content\/uploads\/2013\/01\/20130129InauguracaodoParqueEolicodeSergipe54.jpg\"><img loading=\"lazy\" decoding=\"async\" aria-describedby=\"caption-attachment-43714\" class=\"size-medium wp-image-43714\" title=\"Presidenta Dilma rousseff inaugura Parque Eolico na Barra dos Coqueiros\" src=\"http:\/\/senoticias.com.br\/se\/wp-content\/uploads\/2013\/01\/20130129InauguracaodoParqueEolicodeSergipe54-300x208.jpg\" alt=\"\" width=\"300\" height=\"208\" srcset=\"https:\/\/senoticias.com.br\/se\/wp-content\/uploads\/2013\/01\/20130129InauguracaodoParqueEolicodeSergipe54-300x208.jpg 300w, https:\/\/senoticias.com.br\/se\/wp-content\/uploads\/2013\/01\/20130129InauguracaodoParqueEolicodeSergipe54-342x238.jpg 342w, https:\/\/senoticias.com.br\/se\/wp-content\/uploads\/2013\/01\/20130129InauguracaodoParqueEolicodeSergipe54.jpg 540w\" sizes=\"(max-width: 300px) 100vw, 300px\" \/><\/a><p id=\"caption-attachment-43714\" class=\"wp-caption-text\"> A Usina de Energia E\u00f3lica, ter\u00e1 capacidade de abastecer uma cidade com 120 mil habitantes. (Foto: Marcelle Cristinne\/ASN)<\/p><\/div>\n<p style=\"text-align: justify;\">As 23 torres, de 100 metros de altura cada, que constituem a Usina de Energia E\u00f3lica (UEE) Barra dos Coqueiros formam uma paisagem admir\u00e1vel aos olhos de quem passa \u00e0s margens da Rodovia SE-100, no munic\u00edpio sergipano. Espalhadas numa \u00e1rea de 300 hectares mais do que encantar por sua bela e imponente imagem, o Parque E\u00f3lico, inaugurado pelo governador Marcelo D\u00e9da e pela presidenta Dilma Rousseff no in\u00edcio da tarde desta ter\u00e7a-feira, 29, \u00e9 um marco para produ\u00e7\u00e3o energ\u00e9tica do estado. Antes, Dilma e D\u00e9da inauguraram a ponte Gilberto Amado, que liga os munic\u00edpios de Est\u00e2ncia e Indiaroba.<\/p>\n<p style=\"text-align: justify;\">As necessidades relativas \u00e0 seguran\u00e7a energ\u00e9tica e mitiga\u00e7\u00e3o das altera\u00e7\u00f5es clim\u00e1ticas t\u00eam levado empresas e governos, ao redor do mundo, a buscar novas alternativas relacionadas \u00e0 produ\u00e7\u00e3o de energia. Em Sergipe, a primeira Usina E\u00f3lica sergipana ter\u00e1 capacidade para produzir 34,5 megawatts, o que representa energia suficiente para abastecer uma cidade com 120 mil habitantes. Esta energia \u2013 gerada a partir da for\u00e7a dos ventos &#8211; \u00e9 abundante, renov\u00e1vel, limpa e produzida atrav\u00e9s dos 23 aerogeradores instalados nas torres, os quais captam as for\u00e7as dos ventos por meio das h\u00e9lices ligadas a uma turbina que aciona um gerador el\u00e9trico.<\/p>\n<p style=\"text-align: justify;\">&#8220;Essa constru\u00e7\u00e3o na Barra dos Coqueiros pode abastecer qualquer munic\u00edpio sergipano atrav\u00e9s de energia limpa, com exce\u00e7\u00e3o da capital Aracaju e de Nossa Senhora do Socorro&#8221;, disse Marcelo D\u00e9da ao comparar a capacidade de produ\u00e7\u00e3o da usina \u00e0 quantidade de energia consumida pelas popula\u00e7\u00f5es de cada interior sergipano, onde o n\u00famero de 120 mil habitantes s\u00f3 \u00e9 ultrapassado nos dois munic\u00edpios citados por ele.<\/p>\n<p style=\"text-align: justify;\">Em seu discurso, D\u00e9da falou ainda da import\u00e2ncia do empreendimento para a contribui\u00e7\u00e3o de Sergipe em rela\u00e7\u00e3o \u00e0 produ\u00e7\u00e3o e diversidade de fontes energ\u00e9tica no Brasil. &#8220;O Brasil \u00e9 um Pa\u00eds que oferece seguran\u00e7a energ\u00e9tica. Seguindo a mesma linha, Sergipe produz energia termoel\u00e9trica, a partir da biomassa das usinas da cana de a\u00e7\u00facar; etanol; g\u00e1s natural; petr\u00f3leo; 14,44% da energia hidrel\u00e9trica do Nordeste, dividindo com Alagoas e a Usina de Xing\u00f3, e agora produzimos, tamb\u00e9m, energia e\u00f3lica. Ent\u00e3o, agora, com a Desenvix, Sergipe se consolida como produtor de energia, abrindo para os empres\u00e1rios as possibilidades de se investir aqui, porque o insumo fundamental que \u00e9 energia, n\u00f3s temos\u201d.<\/p>\n<p style=\"text-align: justify;\">J\u00e1 a presidenta Dilma Rousseff lembrou que investir na diversidade de produ\u00e7\u00e3o energ\u00e9tica fazia parte das metas e reformas iniciadas h\u00e1 dez anos, no in\u00edcio do Governo Lula, para que o Pa\u00eds pudesse ter a seguran\u00e7a energ\u00e9tica que apresenta hoje. &#8220;Ter energia significa garantir que o Pa\u00eds cres\u00e7a. Desde o in\u00edcio do Governo Lula, quando fui do Minist\u00e9rio de Minas e Energias, nossa preocupa\u00e7\u00e3o era assegurar energia para o Brasil a curto, m\u00e9dio e longo prazo. E a Usina E\u00f3lica, al\u00e9m de gerar energia limpa, \u00e9 algo bonito de se ver. O estado de Sergipe est\u00e1 contribuindo com as reservas de energia para o Brasil. Com mais essa contribui\u00e7\u00e3o da usina sergipana, o Brasil tem energia suficiente para assegurar o grande crescimento das oportunidades&#8221;, refor\u00e7ou Dilma.<\/p>\n<p style=\"text-align: justify;\">A respeito da seguran\u00e7a energ\u00e9tica do Brasil, quest\u00e3o muito comentada nas \u00faltimas semanas no pa\u00eds D\u00e9da, ressaltou que o Brasil \u00e9 hoje um pa\u00eds que oferece seguran\u00e7a energ\u00e9tica ao contr\u00e1rio do que alguns tentam pregar. \u201cA partir de 2003, a palavra apag\u00e3o pertence a um dicion\u00e1rio que foi jogado no lixo pela responsabilidade pol\u00edtica e capacidade de gest\u00e3o do presidente e das autoridades do setor el\u00e9trico\u201d, afirmou.<\/p>\n<p style=\"text-align: justify;\">Sobre a mesma perspectiva o ministro de Minas e Energias, Edson Lob\u00e3o, criticou \u201co tsunami de desinforma\u00e7\u00e3o\u201d que foi propagado nas \u00faltimas semanas a respeito do sistema el\u00e9trico brasileiro e a presidenta Dilma reafirmou o seu pronunciamento da semana passada, garantindo a redu\u00e7\u00e3o de 18% na conta de energia para o consumidor dom\u00e9stico e 32% para o consumidor produtivo e que n\u00e3o ir\u00e1 faltar energia para o Brasil crescer.<\/p>\n<p style=\"text-align: justify;\"><strong>O Parque E\u00f3lico<\/strong><\/p>\n<p style=\"text-align: justify;\">Fruto de um investimento total de R$ 125 milh\u00f5es, com investimentos do Banco de Desenvolvimento da China \u2013 China Development Bank (CDB), a Usina de Energia E\u00f3lica \u00e9 um empreendimento do grupo Engevix. O Governo do Estado apoiou a iniciativa atrav\u00e9s do Programa Sergipano de Desenvolvimento Industrial (PSDI) com a concess\u00e3o de incentivo locacional, disponibilizando a \u00e1rea de 300 hectares, vizinha ao Porto de Sergipe.<br \/>\nA UEE Barra dos Coqueiros comercializou sua energia no primeiro leil\u00e3o exclusivo de energia e\u00f3lica do Brasil. A energia ser\u00e1 contratada pela C\u00e2mara de Comercializa\u00e7\u00e3o de Energia El\u00e9trica (CCEE) como energia de reserva por um prazo de 20 anos.<\/p>\n<p style=\"text-align: justify;\">Os estudos para implanta\u00e7\u00e3o foram iniciados em 2008. J\u00e1 as obras come\u00e7aram em outubro de 2011 e a instala\u00e7\u00e3o das turbinas em abril de 2012. Os crit\u00e9rios para escolha de Sergipe foram os seguintes: o potencial de ventos do local, que garante a produ\u00e7\u00e3o de energia e torna o parque economicamente vi\u00e1vel; as facilidades log\u00edsticas em raz\u00e3o da proximidade com o porto de Barra dos Coqueiros; e o fato de o local da usina estar inserido no plano de desenvolvimento da Companhia de Desenvolvimento Industrial e de Recursos Minerais de Sergipe (Codise), num local previamente destinado \u00e0 implanta\u00e7\u00e3o de projetos.<\/p>\n<p style=\"text-align: justify;\">O Parque E\u00f3lico \u00e9 controlado pela Desenvix, que tem como s\u00f3cios a empresa de engenharia Jackson Empreendimentos, a norueguesa SN Powere, e a Funcef, Funda\u00e7\u00e3o de Previd\u00eancia Complementar dos Funcion\u00e1rios da Caixa Econ\u00f4mica Federal. A opera\u00e7\u00e3o de financiamento foi a primeira na modalidade de &#8220;project finance&#8221; realizada pelo banco chin\u00eas no mundo. O financiamento obtido com o CDB tem prazo de 15 anos e ser\u00e1 amortizado em 29 parcelas semestrais. A empresa pagar\u00e1 juros de 5,1% ao ano mais a varia\u00e7\u00e3o da taxa interbanc\u00e1ria de Londres (Libor).<\/p>\n<p style=\"text-align: justify;\">Para o chefe do Executivo estadual, o parque e\u00f3lico, representa um grande passo no que diz respeito ao crescimento do estado alinhado \u00e0 busca de alternativas para o desenvolvimento sustent\u00e1vel. \u201cEu, na menor unidade da federa\u00e7\u00e3o, me sinto orgulhoso de ver essas torres girando para que essa energia limpa chegue ao estado de Sergipe. Energia, que ser\u00e1 no futuro, uma das grandes matrizes para a nossa luta contra o aquecimento global e cumprimento dos compromissos assinados nas reuni\u00f5es e confer\u00eancias ambientais mundiais\u201d, explicou D\u00e9da.<\/p>\n<p style=\"text-align: justify;\"><em><strong>Ag\u00eancia Sergipe de Not\u00edcias<\/strong><\/em><\/p>\n","protected":false},"excerpt":{"rendered":"<p>As 23 torres, de 100 metros de altura cada, que constituem a Usina de Energia E\u00f3lica (UEE) Barra dos Coqueiros formam uma paisagem admir\u00e1vel aos olhos de quem passa \u00e0s margens da Rodovia SE-100, no munic\u00edpio sergipano. Espalhadas numa \u00e1rea de 300 hectares mais do que encantar por sua bela e imponente imagem, o Parque [&hellip;]<\/p>\n","protected":false},"author":1,"featured_media":43714,"comment_status":"closed","ping_status":"closed","sticky":false,"template":"","format":"standard","meta":{"footnotes":""},"categories":[6,1],"tags":[],"class_list":{"0":"post-43713","1":"post","2":"type-post","3":"status-publish","4":"format-standard","5":"has-post-thumbnail","7":"category-politica","8":"category-sem-categoria"},"_links":{"self":[{"href":"https:\/\/senoticias.com.br\/se\/wp-json\/wp\/v2\/posts\/43713"}],"collection":[{"href":"https:\/\/senoticias.com.br\/se\/wp-json\/wp\/v2\/posts"}],"about":[{"href":"https:\/\/senoticias.com.br\/se\/wp-json\/wp\/v2\/types\/post"}],"author":[{"embeddable":true,"href":"https:\/\/senoticias.com.br\/se\/wp-json\/wp\/v2\/users\/1"}],"replies":[{"embeddable":true,"href":"https:\/\/senoticias.com.br\/se\/wp-json\/wp\/v2\/comments?post=43713"}],"version-history":[{"count":0,"href":"https:\/\/senoticias.com.br\/se\/wp-json\/wp\/v2\/posts\/43713\/revisions"}],"wp:featuredmedia":[{"embeddable":true,"href":"https:\/\/senoticias.com.br\/se\/wp-json\/wp\/v2\/media\/43714"}],"wp:attachment":[{"href":"https:\/\/senoticias.com.br\/se\/wp-json\/wp\/v2\/media?parent=43713"}],"wp:term":[{"taxonomy":"category","embeddable":true,"href":"https:\/\/senoticias.com.br\/se\/wp-json\/wp\/v2\/categories?post=43713"},{"taxonomy":"post_tag","embeddable":true,"href":"https:\/\/senoticias.com.br\/se\/wp-json\/wp\/v2\/tags?post=43713"}],"curies":[{"name":"wp","href":"https:\/\/api.w.org\/{rel}","templated":true}]}}