{"id":43710,"date":"2013-01-30T05:13:32","date_gmt":"2013-01-30T08:13:32","guid":{"rendered":"http:\/\/senoticias.com.br\/se\/?p=43710"},"modified":"2013-01-30T06:09:38","modified_gmt":"2013-01-30T09:09:38","slug":"aquidaba-se-ja-tem-novo-prefeito","status":"publish","type":"post","link":"https:\/\/senoticias.com.br\/se\/aquidaba-se-ja-tem-novo-prefeito\/","title":{"rendered":"Aquidab\u00e3-SE j\u00e1 tem novo prefeito"},"content":{"rendered":"<p style=\"text-align: justify;\"><em><strong><a href=\" http:\/\/evenilsonsantana.blogspot.com.br\/2013\/01\/aquidaba-ja-tem-novo-prefeito.html?m=0\" target=\"_blank\">Por Evenilson Santana<\/a><\/strong><\/em><\/p>\n<div id=\"attachment_43712\" style=\"width: 171px\" class=\"wp-caption alignright\"><a href=\"http:\/\/senoticias.com.br\/se\/wp-content\/uploads\/2013\/01\/foto_perfil_260000003120.jpg\"><img loading=\"lazy\" decoding=\"async\" aria-describedby=\"caption-attachment-43712\" class=\"size-full wp-image-43712\" title=\"CARLINHOS\" src=\"http:\/\/senoticias.com.br\/se\/wp-content\/uploads\/2013\/01\/foto_perfil_260000003120.jpg\" alt=\"\" width=\"161\" height=\"225\" \/><\/a><p id=\"caption-attachment-43712\" class=\"wp-caption-text\">CARLINHOS DISPUTOU A ELEI\u00c7\u00c3O PELA COLIGA\u00c7\u00c3O AQUIDABA VOLTANDO A SORRIR. (Foto: divulga\u00e7\u00e3o\/TRE\/SE)<\/p><\/div>\n<p style=\"text-align: justify;\">Ap\u00f3s meses de ansiedade os moradores de Aquidab\u00e3 finalmente conhecem o nome do novo Prefeito da cidade. Jos\u00e9 Carlos dos Santos, o <strong>&#8220;Carlinhos&#8221;(PMDB)<\/strong>, teve a candidatura deferida ap\u00f3s sess\u00e3o do pleno do TRE na tarde desta ter\u00e7a-feira, 29. Os membros do Tribunal foram un\u00e2nimes ao apreciarem o recurso especial do ent\u00e3o candidato, agora, de fato e de direito, eleito.<\/p>\n<p style=\"text-align: justify;\">Nas elei\u00e7\u00f5es de outubro do ano passado, Carlinhos obteve 6.229 votos contra 5.252 votos de Euriquinho (PSC). Apesar de ter ganho nas urnas, o novo prefeito de Aquidab\u00e3 estava com a candidatura sob j\u00fadice e teve que aguardar a aprecia\u00e7\u00e3o do TSE sobre as raz\u00f5es da sua poss\u00edvel inelegibilidade. O \u00f3rg\u00e3o anulou o ac\u00f3rd\u00e3o e o redistribui novamenet ao TRE\/SE. No \u00faltimo dia 15 foi anexada ao processo o parecer do MPE que j\u00e1 se posicionava favor\u00e1vel a Carlinhos: &#8220;&#8230; manifesta-se o MPE pela inexistencia de hip\u00f3tese de inelegebilidade que obste o deferimento do registro de candidatura de JOS\u00c9 CARLOS DOS SANTOS, devendo o mesmo ser deferido&#8221;.<\/p>\n<p style=\"text-align: justify;\">Na sess\u00e3o desta ter\u00e7a o Tribunal Regional Eleitoral de Sergipe acompanhou o entendimento do Minist\u00e9rio P\u00fablico.<br \/>\nDesde o \u00faltimo dia 1\u00ba que o o munic\u00edpio tem como prefeito interino o vereador Carlos Moura (PDT), presidente da C\u00e2mara Municipal de Aquidab\u00e3.<\/p>\n<p style=\"text-align: justify;\">Os detalhes sobre a posse a decis\u00e3o que deferiu a candidatura de Carlinhos, voc\u00ea acompanha no Programa Liberdade Sem Censura, da Liberdade FM(99,7 FM), desta quarta-feira, 30. <span style=\"color: #333333;\"><strong>Acesse tamb\u00e9m: www.liberdadefm.com<\/strong><\/span><\/p>\n<p style=\"text-align: justify;\"><strong>Confira abaixo os dados sobre a decis\u00e3o na \u00edntegra.<\/strong><\/p>\n<p style=\"text-align: justify;\">Peti\u00e7\u00e3o N\u00ba 349-81<br \/>\nOrigem: AQUIDAB\u00c3-SE<br \/>\nN\u00famero: 349-81.2012.6.25.0000<br \/>\nSitua\u00e7\u00e3o: Julgado<br \/>\nRelator: JU\u00cdZA ELVIRA MARIA DE ALMEIDA SILVA<br \/>\nAssunto:<br \/>\nREGISTRO DE CANDIDATURA &#8211; PETI\u00c7\u00c3O &#8211; RECURSO ESPECIAL ELEITORAL &#8211; PROVIMENTO PARCIAL &#8211; FORMA\u00c7\u00c3O DE AUTOS SUPLEMENTARES &#8211; EXAME DE QUEST\u00c3O PELO TRE<br \/>\nDecis\u00e3o:<br \/>\nACORDAM os Membros do Tribunal Regional Eleitoral de Sergipe, por unanimidade, em CONHECER e DAR PROVIMENTO AO RECURSO, para DEFERIR o registro de candidatura de Jos\u00e9 Carlos dos Santos<br \/>\nREQUERENTE<br \/>\nJos\u00e9 Carlos dos Santos<\/p>\n<p style=\"text-align: justify;\">Advogado(s):<br \/>\nAn\u00edbal Jos\u00e9 Leite da Silva Monteiro<\/p>\n","protected":false},"excerpt":{"rendered":"<p>Por Evenilson Santana Ap\u00f3s meses de ansiedade os moradores de Aquidab\u00e3 finalmente conhecem o nome do novo Prefeito da cidade. Jos\u00e9 Carlos dos Santos, o &#8220;Carlinhos&#8221;(PMDB), teve a candidatura deferida ap\u00f3s sess\u00e3o do pleno do TRE na tarde desta ter\u00e7a-feira, 29. Os membros do Tribunal foram un\u00e2nimes ao apreciarem o recurso especial do ent\u00e3o candidato, [&hellip;]<\/p>\n","protected":false},"author":1,"featured_media":43712,"comment_status":"closed","ping_status":"closed","sticky":false,"template":"","format":"standard","meta":{"footnotes":""},"categories":[6],"tags":[],"class_list":{"0":"post-43710","1":"post","2":"type-post","3":"status-publish","4":"format-standard","5":"has-post-thumbnail","7":"category-politica"},"_links":{"self":[{"href":"https:\/\/senoticias.com.br\/se\/wp-json\/wp\/v2\/posts\/43710"}],"collection":[{"href":"https:\/\/senoticias.com.br\/se\/wp-json\/wp\/v2\/posts"}],"about":[{"href":"https:\/\/senoticias.com.br\/se\/wp-json\/wp\/v2\/types\/post"}],"author":[{"embeddable":true,"href":"https:\/\/senoticias.com.br\/se\/wp-json\/wp\/v2\/users\/1"}],"replies":[{"embeddable":true,"href":"https:\/\/senoticias.com.br\/se\/wp-json\/wp\/v2\/comments?post=43710"}],"version-history":[{"count":0,"href":"https:\/\/senoticias.com.br\/se\/wp-json\/wp\/v2\/posts\/43710\/revisions"}],"wp:featuredmedia":[{"embeddable":true,"href":"https:\/\/senoticias.com.br\/se\/wp-json\/wp\/v2\/media\/43712"}],"wp:attachment":[{"href":"https:\/\/senoticias.com.br\/se\/wp-json\/wp\/v2\/media?parent=43710"}],"wp:term":[{"taxonomy":"category","embeddable":true,"href":"https:\/\/senoticias.com.br\/se\/wp-json\/wp\/v2\/categories?post=43710"},{"taxonomy":"post_tag","embeddable":true,"href":"https:\/\/senoticias.com.br\/se\/wp-json\/wp\/v2\/tags?post=43710"}],"curies":[{"name":"wp","href":"https:\/\/api.w.org\/{rel}","templated":true}]}}