{"id":43704,"date":"2013-01-29T20:57:35","date_gmt":"2013-01-29T23:57:35","guid":{"rendered":"http:\/\/senoticias.com.br\/se\/?p=43704"},"modified":"2013-01-30T18:12:08","modified_gmt":"2013-01-30T21:12:08","slug":"petrobras-anuncia-reajuste-de-66-para-a-gasolina-e-de-54-para-o-diesel","status":"publish","type":"post","link":"https:\/\/senoticias.com.br\/se\/petrobras-anuncia-reajuste-de-66-para-a-gasolina-e-de-54-para-o-diesel\/","title":{"rendered":"Petrobras anuncia reajuste de 6,6% para a gasolina e de 5,4% para o diesel"},"content":{"rendered":"<p><em><strong><a href=\"http:\/\/www1.folha.uol.com.br\/mercado\/1222534-petrobras-anuncia-reajuste-de-66-para-a-gasolina-e-de-54-para-o-diesel.shtml\" target=\"_blank\">UOL, S\u00c3O PAULO<\/a><\/strong><\/em><\/p>\n<div id=\"attachment_43706\" style=\"width: 600px\" class=\"wp-caption aligncenter\"><a href=\"http:\/\/senoticias.com.br\/se\/wp-content\/uploads\/2013\/01\/size_590_gasolina.jpg\"><img loading=\"lazy\" decoding=\"async\" aria-describedby=\"caption-attachment-43706\" class=\"size-full wp-image-43706\" title=\"\" src=\"http:\/\/senoticias.com.br\/se\/wp-content\/uploads\/2013\/01\/size_590_gasolina.jpg\" alt=\"\" width=\"590\" height=\"443\" srcset=\"https:\/\/senoticias.com.br\/se\/wp-content\/uploads\/2013\/01\/size_590_gasolina.jpg 590w, https:\/\/senoticias.com.br\/se\/wp-content\/uploads\/2013\/01\/size_590_gasolina-300x225.jpg 300w, https:\/\/senoticias.com.br\/se\/wp-content\/uploads\/2013\/01\/size_590_gasolina-342x256.jpg 342w, https:\/\/senoticias.com.br\/se\/wp-content\/uploads\/2013\/01\/size_590_gasolina-60x45.jpg 60w, https:\/\/senoticias.com.br\/se\/wp-content\/uploads\/2013\/01\/size_590_gasolina-150x113.jpg 150w, https:\/\/senoticias.com.br\/se\/wp-content\/uploads\/2013\/01\/size_590_gasolina-269x201.jpg 269w\" sizes=\"(max-width: 590px) 100vw, 590px\" \/><\/a><p id=\"caption-attachment-43706\" class=\"wp-caption-text\">Gasolina: reajuste no pre\u00e7o do combust\u00edvel passa a valer na quarta-feira em refinarias.(Marcos Santos\/USP Imagens)<\/p><\/div>\n<p style=\"text-align: justify;\">A Petrobras informou na noite desta ter\u00e7a-feira (29) que os pre\u00e7os da gasolina e do diesel ser\u00e3o reajustados a partir de amanh\u00e3 nas refinarias.<\/p>\n<p style=\"text-align: justify;\">Na m\u00e9dia do pa\u00eds, o reajuste ser\u00e1 de 6,6% para a gasolina A &#8211;sem adi\u00e7\u00e3o de etanol&#8211; e de 5,4% para o diesel, segundo comunicado da empresa.<\/p>\n<p style=\"text-align: justify;\">Esses percentuais v\u00e3o incidir sobre os pre\u00e7os de venda dos produtos \u00e0s distribuidoras e n\u00e3o representam o exato aumento ao consumidor.<\/p>\n<p style=\"text-align: justify;\">Para o presidente do Sincopetro (sindicato dos donos de postos de combust\u00edvel da cidade de S\u00e3o Paulo), Jos\u00e9 Alberto Gouveia, o aumento dos pre\u00e7os ao consumidor ser\u00e1 &#8220;muito pr\u00f3ximo&#8221; dos percentuais de reajuste nas refinarias.<\/p>\n<p style=\"text-align: justify;\">A consultoria CBIE (Centro Brasileiro de Infraestrutura), por sua vez, estima alta de 4% na gasolina dos postos.<\/p>\n<p style=\"text-align: justify;\">O Sindicom (sindicato nacional das distribuidoras de combust\u00edveis) diz que haver\u00e1 repasse do reajuste para os consumidores. &#8220;Ser\u00e1 um aumento inferior ao reajuste na bomba&#8221;, diz o presidente do sindicato, Al\u00edsio Vaz.<\/p>\n<p style=\"text-align: justify;\">Ele diz que os pre\u00e7os ao consumidor n\u00e3o subir\u00e3o na mesma propor\u00e7\u00e3o do aumento dos pre\u00e7os nas refinarias porque a gasolina e o diesel vendidos na bomba possuem outros componentes que n\u00e3o t\u00eam reajuste autom\u00e1tico.<\/p>\n<p style=\"text-align: justify;\">A gasolina, por exemplo, tem 20% de etanol (percentual que ser\u00e1 aumentado para 25% ainda neste ano, segundo o governo). O \u00f3leo diesel leva 5% de biodiesel em sua composi\u00e7\u00e3o. Tamb\u00e9m comp\u00f5em o pre\u00e7o final dos combust\u00edveis as margens de lucro das distribuidores e dos postos.<\/p>\n<p style=\"text-align: justify;\"><strong>PETROBRAS<\/strong><\/p>\n<p style=\"text-align: justify;\">Segundo a estatal, o reajuste anunciado n\u00e3o inclui os tributos federais Cide (Contribui\u00e7\u00f5es de Interven\u00e7\u00e3o no Dom\u00ednio Econ\u00f4mico) e PIS\/Cofins e o tributo estadual ICMS (Imposto sobre Circula\u00e7\u00e3o de Mercadorias e Servi\u00e7os).<\/p>\n<p style=\"text-align: justify;\">&#8220;Esse reajuste foi definido levando em considera\u00e7\u00e3o a pol\u00edtica de pre\u00e7os da companhia, que busca alinhar o pre\u00e7o dos derivados aos valores praticados no mercado internacional em uma perspectiva de m\u00e9dio e longo prazo&#8221;, informou a Petrobras, em nota.<\/p>\n<p style=\"text-align: justify;\"><strong>DEFASAGEM<\/strong><\/p>\n<p style=\"text-align: justify;\">Desde o ano passado a Petrobras amarga fracos resultados em seus balan\u00e7os trimestrais por n\u00e3o reajustar o pre\u00e7o dos combust\u00edveis porque os pre\u00e7os no Brasil est\u00e3o defasados em rela\u00e7\u00e3o aos praticados no mercado externo.<\/p>\n<p style=\"text-align: justify;\">A presidente da estatal, Gra\u00e7a Foster, j\u00e1 defendeu publicamente o reajuste e negociava com o governo o aumento, embora evitasse falar em uma data.<\/p>\n<p style=\"text-align: justify;\">Segundo o Cbie, o controle dos pre\u00e7os dos combust\u00edveis j\u00e1 fez a Petrobras perder R$ 30,7 bilh\u00f5es de 2003 a outubro deste ano. O valor \u00e9 pr\u00f3ximo do lucro obtido pela estatal em todo o ano de 2011 (R$ 33,3 bilh\u00f5es).<\/p>\n<p style=\"text-align: justify;\"><strong>INFLA\u00c7\u00c3O<\/strong><\/p>\n<p style=\"text-align: justify;\">O governo autorizou o reajuste diante da queda do pre\u00e7o da energia el\u00e9trica ao consumidor, que trar\u00e1 al\u00edvio \u00e0 infla\u00e7\u00e3o e compensar\u00e1 o aumento da gasolina &#8211;o peso do diesel no IPCA (\u00cdndice de Pre\u00e7os ao Consumidor Amplo), \u00edndice oficial do governo, \u00e9 muito pequeno.<\/p>\n","protected":false},"excerpt":{"rendered":"<p>UOL, S\u00c3O PAULO A Petrobras informou na noite desta ter\u00e7a-feira (29) que os pre\u00e7os da gasolina e do diesel ser\u00e3o reajustados a partir de amanh\u00e3 nas refinarias. Na m\u00e9dia do pa\u00eds, o reajuste ser\u00e1 de 6,6% para a gasolina A &#8211;sem adi\u00e7\u00e3o de etanol&#8211; e de 5,4% para o diesel, segundo comunicado da empresa. Esses [&hellip;]<\/p>\n","protected":false},"author":1,"featured_media":43706,"comment_status":"closed","ping_status":"closed","sticky":false,"template":"","format":"standard","meta":{"footnotes":""},"categories":[310,1],"tags":[],"class_list":{"0":"post-43704","1":"post","2":"type-post","3":"status-publish","4":"format-standard","5":"has-post-thumbnail","7":"category-destaques-da-semana","8":"category-sem-categoria"},"_links":{"self":[{"href":"https:\/\/senoticias.com.br\/se\/wp-json\/wp\/v2\/posts\/43704"}],"collection":[{"href":"https:\/\/senoticias.com.br\/se\/wp-json\/wp\/v2\/posts"}],"about":[{"href":"https:\/\/senoticias.com.br\/se\/wp-json\/wp\/v2\/types\/post"}],"author":[{"embeddable":true,"href":"https:\/\/senoticias.com.br\/se\/wp-json\/wp\/v2\/users\/1"}],"replies":[{"embeddable":true,"href":"https:\/\/senoticias.com.br\/se\/wp-json\/wp\/v2\/comments?post=43704"}],"version-history":[{"count":0,"href":"https:\/\/senoticias.com.br\/se\/wp-json\/wp\/v2\/posts\/43704\/revisions"}],"wp:featuredmedia":[{"embeddable":true,"href":"https:\/\/senoticias.com.br\/se\/wp-json\/wp\/v2\/media\/43706"}],"wp:attachment":[{"href":"https:\/\/senoticias.com.br\/se\/wp-json\/wp\/v2\/media?parent=43704"}],"wp:term":[{"taxonomy":"category","embeddable":true,"href":"https:\/\/senoticias.com.br\/se\/wp-json\/wp\/v2\/categories?post=43704"},{"taxonomy":"post_tag","embeddable":true,"href":"https:\/\/senoticias.com.br\/se\/wp-json\/wp\/v2\/tags?post=43704"}],"curies":[{"name":"wp","href":"https:\/\/api.w.org\/{rel}","templated":true}]}}