{"id":43701,"date":"2013-01-29T20:49:52","date_gmt":"2013-01-29T23:49:52","guid":{"rendered":"http:\/\/senoticias.com.br\/se\/?p=43701"},"modified":"2013-01-29T20:50:25","modified_gmt":"2013-01-29T23:50:25","slug":"sintese-lanca-projeto-para-a-educacao-publica-nesta-quarta-feira","status":"publish","type":"post","link":"https:\/\/senoticias.com.br\/se\/sintese-lanca-projeto-para-a-educacao-publica-nesta-quarta-feira\/","title":{"rendered":"Sintese lan\u00e7a projeto para a educa\u00e7\u00e3o p\u00fablica nesta quarta-feira"},"content":{"rendered":"<p>&nbsp;<\/p>\n<p style=\"text-align: justify;\"><a href=\"http:\/\/senoticias.com.br\/se\/wp-content\/uploads\/2013\/01\/convite.jpg\"><img loading=\"lazy\" decoding=\"async\" class=\"alignright size-medium wp-image-43702\" title=\"convite\" src=\"http:\/\/senoticias.com.br\/se\/wp-content\/uploads\/2013\/01\/convite-201x300.jpg\" alt=\"\" width=\"201\" height=\"300\" srcset=\"https:\/\/senoticias.com.br\/se\/wp-content\/uploads\/2013\/01\/convite-201x300.jpg 201w, https:\/\/senoticias.com.br\/se\/wp-content\/uploads\/2013\/01\/convite-342x509.jpg 342w, https:\/\/senoticias.com.br\/se\/wp-content\/uploads\/2013\/01\/convite-300x446.jpg 300w, https:\/\/senoticias.com.br\/se\/wp-content\/uploads\/2013\/01\/convite.jpg 430w\" sizes=\"(max-width: 201px) 100vw, 201px\" \/><\/a>No pr\u00f3ximo dia 30, quarta-feira, \u00e0s 19h na Sociedade Semear o Sindicato dos Trabalhadores em Educa\u00e7\u00e3o B\u00e1sica da Rede Oficial do Estado de Sergipe \u2013 SINTESE faz o lan\u00e7amento do projeto \u201cEscola Democr\u00e1tica e Popular: A Educa\u00e7ao que Queremos\u201d.<\/p>\n<p style=\"text-align: justify;\">No atual cen\u00e1rio nacional em que os gestores, na falta de vontade de construir pol\u00edticas p\u00fablicas estruturantes, percorrem o caminho mais f\u00e1cil que \u00e9 da a compra de pacotes instrucionais e de gest\u00e3o para construir uma educa\u00e7\u00e3o \u201cde qualidade\u201d superficial e se tornar mais atrativo no cen\u00e1rio internacional, o SINTESE sai na frente e numa constru\u00e7\u00e3o coletiva e amplamente debatida entre os educadores apresenta \u201cA Escola Democr\u00e1tica e Popular: A Educa\u00e7\u00e3o que Queremos\u201d.<\/p>\n<p style=\"text-align: justify;\">O projeto \u00e9 fruto das lutas e discuss\u00f5es dos professores nos \u00faltimos 20 anos e que foram sistematizadas no ano de 2012 atrav\u00e9s da cria\u00e7\u00e3o de um grupo de trabalho formado por educadores da base e por membros da dire\u00e7\u00e3o executiva e coordena\u00e7\u00e3o das sub-sedes do SINTESE. A coordena\u00e7\u00e3o do grupo ficou \u00e0 cargo do professor doutor Andr\u00e9 Martins da Universidade Federal de Juiz de Fora, que t\u00eam participado de encontro, congressos e oficinas pedag\u00f3gicas promovidas pelo sindicato.<\/p>\n<p style=\"text-align: justify;\">Para ele, o projeto n\u00e3o deve ser s\u00f3 dos trabalhadores e trabalhadoras em educa\u00e7\u00e3o. Ele precisa ser disputado na sociedade em nome de todos os demais trabalhadores como forma de instituir um novo modelo de educa\u00e7\u00e3o que tenha como horizonte a emancipa\u00e7\u00e3o humana e a perspectiva de avan\u00e7o para toda a classe trabalhadora.<\/p>\n<p style=\"text-align: justify;\">\u201cEsse anteprojeto tem uma clara perspectiva, de construir o novo desafiando o velho. O SINTESE se coloca diante de uma tarefa hist\u00f3rica, construir uma educa\u00e7\u00e3o de novo tipo. E essa \u00e9 uma tarefa que s\u00f3 pode ser realizada por educadores e educadoras corajosos, que carregam sonhos, que possuem for\u00e7a para lutar e ousam desafiar os poderosos. E se o SINTESE n\u00e3o realizar neste momento este projeto, nenhum outro sindicato de educa\u00e7\u00e3o deste pa\u00eds o far\u00e1\u201d, sentenciou Andr\u00e9 Martins.<\/p>\n<p style=\"text-align: justify;\">O projeto foi elaborado a partir de quatro eixos: Forma\u00e7\u00e3o Humana, Trabalho Docente, Gest\u00e3o Democr\u00e1tica e Pol\u00edticas Estruturantes.<\/p>\n<p style=\"text-align: justify;\">\u201cEm 2012 aprofundamos nossas discuss\u00f5es sobre o que queremos para a educa\u00e7\u00e3o. O projeto \u00e9 o resultado de um amplo debate te\u00f3rico, pol\u00edtico e ideol\u00f3gico sobre a educa\u00e7\u00e3o p\u00fablica que os professores querem para Sergipe e qui\u00e7\u00e1 para o Brasil\u201d, aponta a presidenta do SINTESE, \u00c2ngela Maria de Melo.<\/p>\n<p style=\"text-align: justify;\">Desde a elabora\u00e7\u00e3o do anteprojeto no grupo de trabalho, o projeto j\u00e1 passou por discuss\u00f5es entre os professores nos pr\u00e9-congressos e no XIV Congresso Estadual dos Trabalhadores em Educa\u00e7\u00e3o, onde foi aprovado por unanimidade pelos quase 2 mil delegados presentes.<\/p>\n<p style=\"text-align: justify;\">Al\u00e9m do lan\u00e7amento que acontece dia 30, o sindicato tamb\u00e9m ir\u00e1 fazer no dia 19 de fevereiro um semin\u00e1rio para os gestores (prefeitos e secret\u00e1rios de educa\u00e7\u00e3o). \u201cNosso objetivo \u00e9 que todos os gestores conhe\u00e7am o projeto e possam us\u00e1-lo como referencial na constru\u00e7\u00e3o de pol\u00edticas p\u00fablicas para a educa\u00e7\u00e3o\u201d apontou \u00c2ngela.<\/p>\n<p style=\"text-align: justify;\">O projeto tamb\u00e9m ser\u00e1 apresentado nos dias 21, 22 e 23 de fevereiro para pesquisadores da Educa\u00e7\u00e3o durante o IV Semin\u00e1rio de Educa\u00e7\u00e3o Brasileira. O evento \u00e9 promovido pelo Centro de Estudos Educa\u00e7\u00e3o &amp; Sociedade da Universidade Estadual de Campinas (Unicamp).<\/p>\n<p style=\"text-align: justify;\">Grupos de estudos nos munic\u00edpios est\u00e3o sendo criados para estudarem o projeto de forma mais espec\u00edfica e al\u00e9m de usarem o texto base tamb\u00e9m ter\u00e3o como instrumento de estudo uma cartilha que est\u00e1 sendo preparada pelo N\u00facleo Piratininga de Comunica\u00e7\u00e3o.<\/p>\n<p style=\"text-align: justify;\"><strong>Assessoria de Comunica\u00e7\u00e3o\/Sintese<\/strong><\/p>\n","protected":false},"excerpt":{"rendered":"<p>&nbsp; No pr\u00f3ximo dia 30, quarta-feira, \u00e0s 19h na Sociedade Semear o Sindicato dos Trabalhadores em Educa\u00e7\u00e3o B\u00e1sica da Rede Oficial do Estado de Sergipe \u2013 SINTESE faz o lan\u00e7amento do projeto \u201cEscola Democr\u00e1tica e Popular: A Educa\u00e7ao que Queremos\u201d. No atual cen\u00e1rio nacional em que os gestores, na falta de vontade de construir pol\u00edticas [&hellip;]<\/p>\n","protected":false},"author":1,"featured_media":43702,"comment_status":"closed","ping_status":"closed","sticky":false,"template":"","format":"standard","meta":{"footnotes":""},"categories":[15,44,26],"tags":[],"class_list":{"0":"post-43701","1":"post","2":"type-post","3":"status-publish","4":"format-standard","5":"has-post-thumbnail","7":"category-destaques","8":"category-educacao","9":"category-esportes"},"_links":{"self":[{"href":"https:\/\/senoticias.com.br\/se\/wp-json\/wp\/v2\/posts\/43701"}],"collection":[{"href":"https:\/\/senoticias.com.br\/se\/wp-json\/wp\/v2\/posts"}],"about":[{"href":"https:\/\/senoticias.com.br\/se\/wp-json\/wp\/v2\/types\/post"}],"author":[{"embeddable":true,"href":"https:\/\/senoticias.com.br\/se\/wp-json\/wp\/v2\/users\/1"}],"replies":[{"embeddable":true,"href":"https:\/\/senoticias.com.br\/se\/wp-json\/wp\/v2\/comments?post=43701"}],"version-history":[{"count":0,"href":"https:\/\/senoticias.com.br\/se\/wp-json\/wp\/v2\/posts\/43701\/revisions"}],"wp:featuredmedia":[{"embeddable":true,"href":"https:\/\/senoticias.com.br\/se\/wp-json\/wp\/v2\/media\/43702"}],"wp:attachment":[{"href":"https:\/\/senoticias.com.br\/se\/wp-json\/wp\/v2\/media?parent=43701"}],"wp:term":[{"taxonomy":"category","embeddable":true,"href":"https:\/\/senoticias.com.br\/se\/wp-json\/wp\/v2\/categories?post=43701"},{"taxonomy":"post_tag","embeddable":true,"href":"https:\/\/senoticias.com.br\/se\/wp-json\/wp\/v2\/tags?post=43701"}],"curies":[{"name":"wp","href":"https:\/\/api.w.org\/{rel}","templated":true}]}}