{"id":43492,"date":"2013-01-24T19:49:42","date_gmt":"2013-01-24T22:49:42","guid":{"rendered":"http:\/\/senoticias.com.br\/se\/?p=43492"},"modified":"2013-01-24T19:49:42","modified_gmt":"2013-01-24T22:49:42","slug":"amorim-%e2%80%9cdeda-pelo-amor-de-deus-construa-o-hospital-do-cancer%e2%80%9d","status":"publish","type":"post","link":"https:\/\/senoticias.com.br\/se\/amorim-%e2%80%9cdeda-pelo-amor-de-deus-construa-o-hospital-do-cancer%e2%80%9d\/","title":{"rendered":"Amorim: \u201cD\u00e9da, pelo amor de deus, construa o Hospital do C\u00e2ncer\u201d"},"content":{"rendered":"<p>&nbsp;<\/p>\n<div id=\"attachment_39074\" style=\"width: 310px\" class=\"wp-caption alignleft\"><a href=\"http:\/\/senoticias.com.br\/se\/wp-content\/uploads\/2012\/08\/20120828_02505mm.jpg\"><img loading=\"lazy\" decoding=\"async\" aria-describedby=\"caption-attachment-39074\" class=\"size-medium wp-image-39074\" title=\" Senador Eduardo Amorim. (PSC-SE)\" src=\"http:\/\/senoticias.com.br\/se\/wp-content\/uploads\/2012\/08\/20120828_02505mm-300x208.jpg\" alt=\"\" width=\"300\" height=\"208\" srcset=\"https:\/\/senoticias.com.br\/se\/wp-content\/uploads\/2012\/08\/20120828_02505mm-300x208.jpg 300w, https:\/\/senoticias.com.br\/se\/wp-content\/uploads\/2012\/08\/20120828_02505mm-342x237.jpg 342w, https:\/\/senoticias.com.br\/se\/wp-content\/uploads\/2012\/08\/20120828_02505mm.jpg 759w\" sizes=\"(max-width: 300px) 100vw, 300px\" \/><\/a><p id=\"caption-attachment-39074\" class=\"wp-caption-text\">Senador Eduardo Amorim. (Foto: Assessoria de Comunica\u00e7\u00e3o)<\/p><\/div>\n<p style=\"text-align: justify;\">No in\u00edcio da tarde desta quinta\u2013feira, 24, o senador Eduardo Amorim (PSC), atendendo convite da Sociedade M\u00e9dica de Sergipe (Somese), participou do almo\u00e7o realizado pela entidade para debater a quest\u00e3o de sa\u00fade no Estado. Na oportunidade, Eduardo Amorim em entrevista concedida \u00e0 TV Sergipe, aproveitou para clamar pela realiza\u00e7\u00e3o de uma de suas mais importantes bandeiras: a constru\u00e7\u00e3o do Hospital do C\u00e2ncer, j\u00e1 que Sergipe continua sendo o \u00fanico Estado da Federa\u00e7\u00e3o a n\u00e3o possuir uma unidade de sa\u00fade espec\u00edfica para a oncologia.<\/p>\n<p style=\"text-align: justify;\">\u201cDentre os problemas que a sa\u00fade p\u00fablica sergipana enfrenta, a falta de um hospital para o tratamento dos mais de 5.000 casos anuais de c\u00e2ncer \u00e9 um dos mais emblem\u00e1ticos. Por isso fiz um pedido ao governador, em recente evento: D\u00e9da, pelo amor de Deus, construa o Hospital do C\u00e2ncer\u201d, disse Amorim \u00e0 TV Sergipe, que esteve no almo\u00e7o da Somese justamente para entrevistar o senador.<\/p>\n<p style=\"text-align: justify;\">\u201cJ\u00e1 temos empenhados recursos da ordem de R$ 32 milh\u00f5es. E coloquei mais uma emenda de R$ 33 milh\u00f5es. O pr\u00f3prio governo diz que a obra do hospital ficar\u00e1 entre 40 e 60 milh\u00f5es de reais. E porque as obras n\u00e3o come\u00e7aram ainda?\u201d, indagou o senador.<\/p>\n<p style=\"text-align: justify;\"><strong>Problemas diversos<\/strong><\/p>\n<p style=\"text-align: justify;\">Quem tamb\u00e9m esteve presente no almo\u00e7o foi a secret\u00e1ria de Sa\u00fade de Aracaju, Goretti Reis, que fez um relato de como encontrou a sa\u00fade de Aracaju. &#8220;H\u00e1 falta de rem\u00e9dios, muitos d\u00e9bitos, enfim, o descaso com a sa\u00fade p\u00fablica me deixou muito preocupada. Estamos tendo conhecimento dessas necessidades nas especificas \u00e1reas. Temos muita coisa a ser verificada\u201d, disse a secret\u00e1ria, ressaltando que, neste momento, \u00e9 necess\u00e1rio o apoio de todos para que a situa\u00e7\u00e3o possa ser normalizada no menor tempo poss\u00edvel. \u201cAgora temos que nos organizar\u201d, afirmou Goretti, que estava acompanhada de seu secret\u00e1rio-adjunto, Petr\u00f4nio Gomes, que tamb\u00e9m preside a Somese.<\/p>\n<p style=\"text-align: justify;\">Ciente das dificuldades que a sa\u00fade p\u00fablica enfrenta em todo o Estado, Eduardo Amorim hipotecou sua solidariedade e irrestrito apoio a todos os gestores da \u00e1rea. \u201cEu j\u00e1 disse em outro momento, e volto a repetir, que sou como um embaixador em Bras\u00edlia na defesa da nossa sa\u00fade. E assim poderemos, com f\u00e9 em Deus, sanar as dificuldades de atendimento a esse povo que tanto precisa e que tem direito a uma sa\u00fade qualificada&#8221; , disse o Senador Eduardo Amorim.<\/p>\n<p style=\"text-align: justify;\">Sobre as dificuldades financeiras que a \u00e1rea passa, Eduardo Amorim foi enf\u00e1tico. \u201cSe n\u00e3o formos buscar recursos, como \u00e9 que eles vir\u00e3o? \u00c9 necess\u00e1rio mostrar o que se precisa, mesmo com as diferen\u00e7as pol\u00edticas, \u00e9 preciso conseguir emendas para infraestrutura. O Hospital do C\u00e2ncer, por exemplo, jamais perderei as esperan\u00e7as em t\u00ea-lo em nosso Estado. Portanto, contem comigo\u201d, disse Eduardo aos m\u00e9dicos presentes, que tamb\u00e9m demonstraram preocupa\u00e7\u00e3o com o fechamento de unidades de sa\u00fade em todo e, em especial, em Aracaju.<\/p>\n<p style=\"text-align: justify;\"><span style=\"color: #333333;\"><em><strong>Assessoria de Comunica\u00e7\u00e3o<\/strong><\/em><\/span><\/p>\n","protected":false},"excerpt":{"rendered":"<p>&nbsp; No in\u00edcio da tarde desta quinta\u2013feira, 24, o senador Eduardo Amorim (PSC), atendendo convite da Sociedade M\u00e9dica de Sergipe (Somese), participou do almo\u00e7o realizado pela entidade para debater a quest\u00e3o de sa\u00fade no Estado. Na oportunidade, Eduardo Amorim em entrevista concedida \u00e0 TV Sergipe, aproveitou para clamar pela realiza\u00e7\u00e3o de uma de suas mais [&hellip;]<\/p>\n","protected":false},"author":1,"featured_media":39074,"comment_status":"closed","ping_status":"closed","sticky":false,"template":"","format":"standard","meta":{"footnotes":""},"categories":[6],"tags":[],"class_list":{"0":"post-43492","1":"post","2":"type-post","3":"status-publish","4":"format-standard","5":"has-post-thumbnail","7":"category-politica"},"_links":{"self":[{"href":"https:\/\/senoticias.com.br\/se\/wp-json\/wp\/v2\/posts\/43492"}],"collection":[{"href":"https:\/\/senoticias.com.br\/se\/wp-json\/wp\/v2\/posts"}],"about":[{"href":"https:\/\/senoticias.com.br\/se\/wp-json\/wp\/v2\/types\/post"}],"author":[{"embeddable":true,"href":"https:\/\/senoticias.com.br\/se\/wp-json\/wp\/v2\/users\/1"}],"replies":[{"embeddable":true,"href":"https:\/\/senoticias.com.br\/se\/wp-json\/wp\/v2\/comments?post=43492"}],"version-history":[{"count":0,"href":"https:\/\/senoticias.com.br\/se\/wp-json\/wp\/v2\/posts\/43492\/revisions"}],"wp:featuredmedia":[{"embeddable":true,"href":"https:\/\/senoticias.com.br\/se\/wp-json\/wp\/v2\/media\/39074"}],"wp:attachment":[{"href":"https:\/\/senoticias.com.br\/se\/wp-json\/wp\/v2\/media?parent=43492"}],"wp:term":[{"taxonomy":"category","embeddable":true,"href":"https:\/\/senoticias.com.br\/se\/wp-json\/wp\/v2\/categories?post=43492"},{"taxonomy":"post_tag","embeddable":true,"href":"https:\/\/senoticias.com.br\/se\/wp-json\/wp\/v2\/tags?post=43492"}],"curies":[{"name":"wp","href":"https:\/\/api.w.org\/{rel}","templated":true}]}}