{"id":43488,"date":"2013-01-24T14:03:19","date_gmt":"2013-01-24T17:03:19","guid":{"rendered":"http:\/\/senoticias.com.br\/se\/?p=43488"},"modified":"2013-01-24T14:03:19","modified_gmt":"2013-01-24T17:03:19","slug":"prefeitura-de-itaporanga-prioriza-o-social-com-a-entrega-de-enxoval-para-gestantes","status":"publish","type":"post","link":"https:\/\/senoticias.com.br\/se\/prefeitura-de-itaporanga-prioriza-o-social-com-a-entrega-de-enxoval-para-gestantes\/","title":{"rendered":"Prefeitura de Itaporanga prioriza o social com a entrega de enxoval para gestantes"},"content":{"rendered":"<p>&nbsp;<\/p>\n<div id=\"attachment_43489\" style=\"width: 310px\" class=\"wp-caption alignleft\"><a href=\"http:\/\/senoticias.com.br\/se\/wp-content\/uploads\/2013\/01\/20130122_105156.jpg\"><img loading=\"lazy\" decoding=\"async\" aria-describedby=\"caption-attachment-43489\" class=\"size-medium wp-image-43489\" title=\"Gracinha entrega enxovais\" src=\"http:\/\/senoticias.com.br\/se\/wp-content\/uploads\/2013\/01\/20130122_105156-300x225.jpg\" alt=\"\" width=\"300\" height=\"225\" srcset=\"https:\/\/senoticias.com.br\/se\/wp-content\/uploads\/2013\/01\/20130122_105156-300x225.jpg 300w, https:\/\/senoticias.com.br\/se\/wp-content\/uploads\/2013\/01\/20130122_105156-342x256.jpg 342w, https:\/\/senoticias.com.br\/se\/wp-content\/uploads\/2013\/01\/20130122_105156-60x45.jpg 60w, https:\/\/senoticias.com.br\/se\/wp-content\/uploads\/2013\/01\/20130122_105156-150x113.jpg 150w, https:\/\/senoticias.com.br\/se\/wp-content\/uploads\/2013\/01\/20130122_105156-269x201.jpg 269w, https:\/\/senoticias.com.br\/se\/wp-content\/uploads\/2013\/01\/20130122_105156.jpg 653w\" sizes=\"(max-width: 300px) 100vw, 300px\" \/><\/a><p id=\"caption-attachment-43489\" class=\"wp-caption-text\">Prefeita Gracinha prioriza o social com a entrega de enxoval para gestantes. (Foto: Ascom\/Itaporanga)<\/p><\/div>\n<p style=\"text-align: justify;\">A Prefeitura Municipal de Itaporanga D\u2019Ajuda, atrav\u00e9s da Secretaria Municipal de A\u00e7\u00e3o Social e Trabalho, realizou nesta ter\u00e7a-feira (22), a primeira\u00a0entrega do benef\u00edcio eventual de enxoval para 30 gestantes. A solenidade de entrega aconteceu no audit\u00f3rio da Secretaria e contou a presen\u00e7a da\u00a0secret\u00e1ria da Assist\u00eancia Social, Elma Regina Ara\u00fajo.<\/p>\n<p style=\"text-align: justify;\">As gestantes passaram por uma avalia\u00e7\u00e3o social, onde foram atendidas pela equipe do Programa de Aten\u00e7\u00e3o Integral a Fam\u00edlia \u2013 PAIF. O cadastro social\u00a0teve por objetivo identificar cada gestante.<\/p>\n<p style=\"text-align: justify;\">Para ter direito ao enxoval as gestantes tiveram que atender algumas normas, entre elas, estar em dia com o pr\u00e9-natal e participar das a\u00e7\u00f5es\u00a0socioeducativas realizadas no Centro de Refer\u00eancia de Assist\u00eancia Social (CRAS).<\/p>\n<p style=\"text-align: justify;\">A iniciativa da nova gest\u00e3o constitui-se em um trabalho socioeducativo, de car\u00e1ter interdisciplinar, comungando a\u00e7\u00f5es das pol\u00edticas sociais de\u00a0assist\u00eancia social, sa\u00fade, educa\u00e7\u00e3o, e seguran\u00e7a alimentar do munic\u00edpio, al\u00e9m de contribuir para a garantia dos direitos das gestantes e de suas futuras\u00a0crian\u00e7as.<\/p>\n<p style=\"text-align: justify;\">Camisetinhas, fraldas, toalha fralda, luvas de algod\u00e3o, sacola para rec\u00e9m-nascido, touca de algod\u00e3o, sapatinho de algod\u00e3o e banheira comp\u00f5em o kit\u00a0enxoval.<\/p>\n<p style=\"text-align: justify;\">A prefeita Maria das Gra\u00e7as (Gracinha), destaca a entrega do enxoval como um momento que abrange muitos pontos e, em especial, passar informa\u00e7\u00e3o para\u00a0todas as futuras m\u00e3es beneficiadas pelo Programa de Aten\u00e7\u00e3o Integral a fam\u00edlia.<\/p>\n<p style=\"text-align: justify;\">\u201cEste projeto que desenvolvemos, n\u00e3o se resume, simplesmente, a entrega dos kits de enxoval, mas sim, temos algo muito maior, que \u00e9 a nossa preocupa\u00e7\u00e3o\u00a0em fazermos um trabalho de informa\u00e7\u00e3o, cuidado e acompanhamento direcionado a todas essas futuras m\u00e3es\u201d, diz Gracinha.<\/p>\n<p style=\"text-align: justify;\"><span style=\"color: #333333;\"><strong>Da Ascom\/Itaporanga<\/strong><\/span><\/p>\n","protected":false},"excerpt":{"rendered":"<p>&nbsp; A Prefeitura Municipal de Itaporanga D\u2019Ajuda, atrav\u00e9s da Secretaria Municipal de A\u00e7\u00e3o Social e Trabalho, realizou nesta ter\u00e7a-feira (22), a primeira\u00a0entrega do benef\u00edcio eventual de enxoval para 30 gestantes. A solenidade de entrega aconteceu no audit\u00f3rio da Secretaria e contou a presen\u00e7a da\u00a0secret\u00e1ria da Assist\u00eancia Social, Elma Regina Ara\u00fajo. As gestantes passaram por uma [&hellip;]<\/p>\n","protected":false},"author":1,"featured_media":43489,"comment_status":"closed","ping_status":"closed","sticky":false,"template":"","format":"standard","meta":{"footnotes":""},"categories":[1],"tags":[],"class_list":{"0":"post-43488","1":"post","2":"type-post","3":"status-publish","4":"format-standard","5":"has-post-thumbnail","7":"category-sem-categoria"},"_links":{"self":[{"href":"https:\/\/senoticias.com.br\/se\/wp-json\/wp\/v2\/posts\/43488"}],"collection":[{"href":"https:\/\/senoticias.com.br\/se\/wp-json\/wp\/v2\/posts"}],"about":[{"href":"https:\/\/senoticias.com.br\/se\/wp-json\/wp\/v2\/types\/post"}],"author":[{"embeddable":true,"href":"https:\/\/senoticias.com.br\/se\/wp-json\/wp\/v2\/users\/1"}],"replies":[{"embeddable":true,"href":"https:\/\/senoticias.com.br\/se\/wp-json\/wp\/v2\/comments?post=43488"}],"version-history":[{"count":0,"href":"https:\/\/senoticias.com.br\/se\/wp-json\/wp\/v2\/posts\/43488\/revisions"}],"wp:featuredmedia":[{"embeddable":true,"href":"https:\/\/senoticias.com.br\/se\/wp-json\/wp\/v2\/media\/43489"}],"wp:attachment":[{"href":"https:\/\/senoticias.com.br\/se\/wp-json\/wp\/v2\/media?parent=43488"}],"wp:term":[{"taxonomy":"category","embeddable":true,"href":"https:\/\/senoticias.com.br\/se\/wp-json\/wp\/v2\/categories?post=43488"},{"taxonomy":"post_tag","embeddable":true,"href":"https:\/\/senoticias.com.br\/se\/wp-json\/wp\/v2\/tags?post=43488"}],"curies":[{"name":"wp","href":"https:\/\/api.w.org\/{rel}","templated":true}]}}