{"id":43483,"date":"2013-01-24T12:10:13","date_gmt":"2013-01-24T15:10:13","guid":{"rendered":"http:\/\/senoticias.com.br\/se\/?p=43483"},"modified":"2013-01-24T12:10:13","modified_gmt":"2013-01-24T15:10:13","slug":"policia-prende-seis-homens-suspeitos-de-envolvimento-com-drogas-em-caninde","status":"publish","type":"post","link":"https:\/\/senoticias.com.br\/se\/policia-prende-seis-homens-suspeitos-de-envolvimento-com-drogas-em-caninde\/","title":{"rendered":"Pol\u00edcia prende seis homens suspeitos de envolvimento com drogas em Canind\u00e9"},"content":{"rendered":"<p>&nbsp;<\/p>\n<p style=\"text-align: justify;\"><a href=\"http:\/\/senoticias.com.br\/se\/wp-content\/uploads\/2013\/01\/Can..jpg\"><img loading=\"lazy\" decoding=\"async\" class=\"alignleft size-medium wp-image-43484\" title=\"Can.\" src=\"http:\/\/senoticias.com.br\/se\/wp-content\/uploads\/2013\/01\/Can.-300x199.jpg\" alt=\"\" width=\"300\" height=\"199\" srcset=\"https:\/\/senoticias.com.br\/se\/wp-content\/uploads\/2013\/01\/Can.-300x199.jpg 300w, https:\/\/senoticias.com.br\/se\/wp-content\/uploads\/2013\/01\/Can.-342x227.jpg 342w, https:\/\/senoticias.com.br\/se\/wp-content\/uploads\/2013\/01\/Can..jpg 800w\" sizes=\"(max-width: 300px) 100vw, 300px\" \/><\/a>A Pol\u00edcia Militar do Estado de Sergipe, atrav\u00e9s do 4\u00ba Batalh\u00e3o de Pol\u00edcia Militar (4\u00ba BPM), prendeu na tarde da quarta-feira, 23, seis homens por suspeita de envolvimento com drogas nas imedia\u00e7\u00f5es da Rua Castelo Branco, no bairro Olaria, e na Prainha Beira Rio, no munic\u00edpio de Canind\u00e9 do S\u00e3o Francisco, distante 213 quil\u00f4metros da capital sergipana.<\/p>\n<p style=\"text-align: justify;\">Militares faziam rondas quando se depararam com o ve\u00edculo Fiat Palio, com dois ocupantes suspeitos. O carro foi interceptado e a dupla revistada e flagrada com quatro trouxas contendo uma subst\u00e2ncia aparentando ser coca\u00edna. Quando questionados sobre a origem da droga, os homens informaram que tinham comprado-a de rapazes que estavam num Corsa de cor vermelha.<\/p>\n<p style=\"text-align: justify;\"><a href=\"http:\/\/senoticias.com.br\/se\/wp-content\/uploads\/2013\/01\/Can-I.jpg\"><img loading=\"lazy\" decoding=\"async\" class=\"alignleft size-medium wp-image-43485\" title=\"Can I\" src=\"http:\/\/senoticias.com.br\/se\/wp-content\/uploads\/2013\/01\/Can-I-300x199.jpg\" alt=\"\" width=\"300\" height=\"199\" srcset=\"https:\/\/senoticias.com.br\/se\/wp-content\/uploads\/2013\/01\/Can-I-300x199.jpg 300w, https:\/\/senoticias.com.br\/se\/wp-content\/uploads\/2013\/01\/Can-I-342x227.jpg 342w, https:\/\/senoticias.com.br\/se\/wp-content\/uploads\/2013\/01\/Can-I.jpg 800w\" sizes=\"(max-width: 300px) 100vw, 300px\" \/><\/a>Diante do informe, os policiais fizeram dilig\u00eancias at\u00e9 encontrarem o ve\u00edculo mencionado na Prainha Beira Rio. O autom\u00f3vel estava ocupado por quatro rapazes, que traziam duas trouxas de coca\u00edna. Os seis envolvidos foram presos e identificados como Raynner Correia dos Santos J\u00fanior, de 18 anos, Wellington Elias da Silva, de 25 anos, Anselmo de Oliveira, de 28 anos, Cosme Josivaldo Moreira dos Santos, de 19 anos, Sergio Hiago Oliveira dos Santos, de 22 anos, e Bismarck Nunes dos Santos, de 22 anos.<\/p>\n<p style=\"text-align: justify;\">Com o grupo foram apreendidos um ve\u00edculo Corsa GL, de cor vermelha e placas HZE-8548, um autom\u00f3vel Fiat Palio de cor preta e placas IAH-4222, um porta c\u00e9dula com a quantia de R$ 350, quatro celulares e o entorpecente. O caso foi levado \u00e0 delegacia <a href=\"http:\/\/senoticias.com.br\/se\/wp-content\/uploads\/2013\/01\/Can-II.jpg\"><img loading=\"lazy\" decoding=\"async\" class=\"alignleft size-medium wp-image-43486\" title=\"Can II\" src=\"http:\/\/senoticias.com.br\/se\/wp-content\/uploads\/2013\/01\/Can-II-300x199.jpg\" alt=\"\" width=\"300\" height=\"199\" srcset=\"https:\/\/senoticias.com.br\/se\/wp-content\/uploads\/2013\/01\/Can-II-300x199.jpg 300w, https:\/\/senoticias.com.br\/se\/wp-content\/uploads\/2013\/01\/Can-II-342x227.jpg 342w, https:\/\/senoticias.com.br\/se\/wp-content\/uploads\/2013\/01\/Can-II.jpg 800w\" sizes=\"(max-width: 300px) 100vw, 300px\" \/><\/a>local para a devida averigua\u00e7\u00e3o.<\/p>\n<p style=\"text-align: justify;\"><strong>Ascom\/PM<\/strong><\/p>\n<p style=\"text-align: justify;\"><span style=\"color: #333333;\"><strong>Fotos: 4\u00ba Batalh\u00e3o de Canind\u00e9<\/strong><\/span><\/p>\n","protected":false},"excerpt":{"rendered":"<p>&nbsp; A Pol\u00edcia Militar do Estado de Sergipe, atrav\u00e9s do 4\u00ba Batalh\u00e3o de Pol\u00edcia Militar (4\u00ba BPM), prendeu na tarde da quarta-feira, 23, seis homens por suspeita de envolvimento com drogas nas imedia\u00e7\u00f5es da Rua Castelo Branco, no bairro Olaria, e na Prainha Beira Rio, no munic\u00edpio de Canind\u00e9 do S\u00e3o Francisco, distante 213 quil\u00f4metros [&hellip;]<\/p>\n","protected":false},"author":1,"featured_media":43484,"comment_status":"closed","ping_status":"closed","sticky":false,"template":"","format":"standard","meta":{"footnotes":""},"categories":[7],"tags":[],"class_list":{"0":"post-43483","1":"post","2":"type-post","3":"status-publish","4":"format-standard","5":"has-post-thumbnail","7":"category-policia"},"_links":{"self":[{"href":"https:\/\/senoticias.com.br\/se\/wp-json\/wp\/v2\/posts\/43483"}],"collection":[{"href":"https:\/\/senoticias.com.br\/se\/wp-json\/wp\/v2\/posts"}],"about":[{"href":"https:\/\/senoticias.com.br\/se\/wp-json\/wp\/v2\/types\/post"}],"author":[{"embeddable":true,"href":"https:\/\/senoticias.com.br\/se\/wp-json\/wp\/v2\/users\/1"}],"replies":[{"embeddable":true,"href":"https:\/\/senoticias.com.br\/se\/wp-json\/wp\/v2\/comments?post=43483"}],"version-history":[{"count":0,"href":"https:\/\/senoticias.com.br\/se\/wp-json\/wp\/v2\/posts\/43483\/revisions"}],"wp:featuredmedia":[{"embeddable":true,"href":"https:\/\/senoticias.com.br\/se\/wp-json\/wp\/v2\/media\/43484"}],"wp:attachment":[{"href":"https:\/\/senoticias.com.br\/se\/wp-json\/wp\/v2\/media?parent=43483"}],"wp:term":[{"taxonomy":"category","embeddable":true,"href":"https:\/\/senoticias.com.br\/se\/wp-json\/wp\/v2\/categories?post=43483"},{"taxonomy":"post_tag","embeddable":true,"href":"https:\/\/senoticias.com.br\/se\/wp-json\/wp\/v2\/tags?post=43483"}],"curies":[{"name":"wp","href":"https:\/\/api.w.org\/{rel}","templated":true}]}}