{"id":43480,"date":"2013-01-24T11:36:48","date_gmt":"2013-01-24T14:36:48","guid":{"rendered":"http:\/\/senoticias.com.br\/se\/?p=43480"},"modified":"2013-01-25T14:16:09","modified_gmt":"2013-01-25T17:16:09","slug":"prf-apreende-mercadorias-avaliadas-em-r-15-mil-foram-trazidos-do-paraguai","status":"publish","type":"post","link":"https:\/\/senoticias.com.br\/se\/prf-apreende-mercadorias-avaliadas-em-r-15-mil-foram-trazidos-do-paraguai\/","title":{"rendered":"PRF apreende mercadorias avaliadas em R$ 15 mil"},"content":{"rendered":"<div id=\"attachment_43481\" style=\"width: 604px\" class=\"wp-caption aligncenter\"><a href=\"http:\/\/senoticias.com.br\/se\/wp-content\/uploads\/2013\/01\/PRF-SE-PRF-apreende-mercadorias-sem-nota-fiscal.-24jan13.jpg\"><img loading=\"lazy\" decoding=\"async\" aria-describedby=\"caption-attachment-43481\" class=\"size-full wp-image-43481\" title=\"PRF SE - PRF apreende mercadorias sem nota fiscal. 24jan13\" src=\"http:\/\/senoticias.com.br\/se\/wp-content\/uploads\/2013\/01\/PRF-SE-PRF-apreende-mercadorias-sem-nota-fiscal.-24jan13.jpg\" alt=\"\" width=\"594\" height=\"632\" srcset=\"https:\/\/senoticias.com.br\/se\/wp-content\/uploads\/2013\/01\/PRF-SE-PRF-apreende-mercadorias-sem-nota-fiscal.-24jan13.jpg 594w, https:\/\/senoticias.com.br\/se\/wp-content\/uploads\/2013\/01\/PRF-SE-PRF-apreende-mercadorias-sem-nota-fiscal.-24jan13-281x300.jpg 281w, https:\/\/senoticias.com.br\/se\/wp-content\/uploads\/2013\/01\/PRF-SE-PRF-apreende-mercadorias-sem-nota-fiscal.-24jan13-342x363.jpg 342w, https:\/\/senoticias.com.br\/se\/wp-content\/uploads\/2013\/01\/PRF-SE-PRF-apreende-mercadorias-sem-nota-fiscal.-24jan13-300x319.jpg 300w, https:\/\/senoticias.com.br\/se\/wp-content\/uploads\/2013\/01\/PRF-SE-PRF-apreende-mercadorias-sem-nota-fiscal.-24jan13-80x85.jpg 80w\" sizes=\"(max-width: 594px) 100vw, 594px\" \/><\/a><p id=\"caption-attachment-43481\" class=\"wp-caption-text\">Mercadorias avaliados em R$ 15 mil foram trazidos do Paraguai. (Foto: PRF\/SE)<\/p><\/div>\n<p style=\"text-align: justify;\">A Pol\u00edcia Rodovi\u00e1ria Federal (PRF) apreendeu na madrugada de hoje no Km 23 da BR 101, em Malhada dos Bois (SE), produtos trazidos do Paraguai sem nota fiscal. Os agentes federais faziam o trabalho de fiscaliza\u00e7\u00e3o quando deram ordem de parada a um ve\u00edculo Fiat\/Doblo, com placas de Pernambuco e durante abordagem, encontraram diversas mercadorias transportadas sem documenta\u00e7\u00e3o fiscal.<\/p>\n<p style=\"text-align: justify;\">Entre os produtos, h\u00e1 brinquedos, cadeados, cosm\u00e9ticos e eletr\u00f4nicos. Duas pessoas estavam no ve\u00edculo. Elas disseram aos agentes federais que os produtos foram adquiridos no pa\u00eds vizinho e seriam comercializados na cidade de Caruaru (PE).<\/p>\n<p style=\"text-align: justify;\">Elas tamb\u00e9m disseram aos policiais que pagaram cerca de R$ 15 mil pelas mercadorias. O condutor e o passageiro foram detidos e juntos com a mercadoria encaminhados \u00e0 Delegacia da Pol\u00edcia Federal, em Aracaju onde responder\u00e3o pelo crime de descaminho.<\/p>\n<p><span style=\"color: #333333;\"><strong>N\u00facleo de Comunica\u00e7\u00e3o Social<\/strong><\/span><br \/>\n<span style=\"color: #333333;\"><strong>Pol\u00edcia Rodovi\u00e1ria Federal \u2013 Sergipe<\/strong><\/span><\/p>\n","protected":false},"excerpt":{"rendered":"<p>A Pol\u00edcia Rodovi\u00e1ria Federal (PRF) apreendeu na madrugada de hoje no Km 23 da BR 101, em Malhada dos Bois (SE), produtos trazidos do Paraguai sem nota fiscal. Os agentes federais faziam o trabalho de fiscaliza\u00e7\u00e3o quando deram ordem de parada a um ve\u00edculo Fiat\/Doblo, com placas de Pernambuco e durante abordagem, encontraram diversas mercadorias [&hellip;]<\/p>\n","protected":false},"author":1,"featured_media":43481,"comment_status":"closed","ping_status":"closed","sticky":false,"template":"","format":"standard","meta":{"footnotes":""},"categories":[310,7],"tags":[],"class_list":{"0":"post-43480","1":"post","2":"type-post","3":"status-publish","4":"format-standard","5":"has-post-thumbnail","7":"category-destaques-da-semana","8":"category-policia"},"_links":{"self":[{"href":"https:\/\/senoticias.com.br\/se\/wp-json\/wp\/v2\/posts\/43480"}],"collection":[{"href":"https:\/\/senoticias.com.br\/se\/wp-json\/wp\/v2\/posts"}],"about":[{"href":"https:\/\/senoticias.com.br\/se\/wp-json\/wp\/v2\/types\/post"}],"author":[{"embeddable":true,"href":"https:\/\/senoticias.com.br\/se\/wp-json\/wp\/v2\/users\/1"}],"replies":[{"embeddable":true,"href":"https:\/\/senoticias.com.br\/se\/wp-json\/wp\/v2\/comments?post=43480"}],"version-history":[{"count":0,"href":"https:\/\/senoticias.com.br\/se\/wp-json\/wp\/v2\/posts\/43480\/revisions"}],"wp:featuredmedia":[{"embeddable":true,"href":"https:\/\/senoticias.com.br\/se\/wp-json\/wp\/v2\/media\/43481"}],"wp:attachment":[{"href":"https:\/\/senoticias.com.br\/se\/wp-json\/wp\/v2\/media?parent=43480"}],"wp:term":[{"taxonomy":"category","embeddable":true,"href":"https:\/\/senoticias.com.br\/se\/wp-json\/wp\/v2\/categories?post=43480"},{"taxonomy":"post_tag","embeddable":true,"href":"https:\/\/senoticias.com.br\/se\/wp-json\/wp\/v2\/tags?post=43480"}],"curies":[{"name":"wp","href":"https:\/\/api.w.org\/{rel}","templated":true}]}}