{"id":43474,"date":"2013-01-24T10:46:41","date_gmt":"2013-01-24T13:46:41","guid":{"rendered":"http:\/\/senoticias.com.br\/se\/?p=43474"},"modified":"2013-01-25T14:49:59","modified_gmt":"2013-01-25T17:49:59","slug":"i-forum-regional-para-atualizacao-do-consorcio-publico-intermunicipal-de-saneamento-basico-em-residuos-solidos-da-grande-aracaju-foi-realizado-em-laranjeiras","status":"publish","type":"post","link":"https:\/\/senoticias.com.br\/se\/i-forum-regional-para-atualizacao-do-consorcio-publico-intermunicipal-de-saneamento-basico-em-residuos-solidos-da-grande-aracaju-foi-realizado-em-laranjeiras\/","title":{"rendered":"I F\u00f3rum Regional para Atualiza\u00e7\u00e3o do Cons\u00f3rcio P\u00fablico Intermunicipal de Saneamento B\u00e1sico em Res\u00edduos S\u00f3lidos da Grande Aracaju foi realizado em Laranjeiras."},"content":{"rendered":"<p>&nbsp;<\/p>\n<div id=\"attachment_43475\" style=\"width: 236px\" class=\"wp-caption alignleft\"><a href=\"http:\/\/senoticias.com.br\/se\/wp-content\/uploads\/2013\/01\/Juca.jpg\"><img loading=\"lazy\" decoding=\"async\" aria-describedby=\"caption-attachment-43475\" class=\"size-full wp-image-43475\" title=\"Juca\" src=\"http:\/\/senoticias.com.br\/se\/wp-content\/uploads\/2013\/01\/Juca.jpg\" alt=\"\" width=\"226\" height=\"151\" \/><\/a><p id=\"caption-attachment-43475\" class=\"wp-caption-text\">Prefeito Juca de Bala. (Empauta)<\/p><\/div>\n<p style=\"text-align: justify;\">Foi realizado na manh\u00e3 desta quarta-feira (23\/01) na C\u00e2mara Municipal de Laranjeiras o F\u00f3rum sobre a atualiza\u00e7\u00e3o dos Cons\u00f3rcios P\u00fablicos de Saneamento B\u00e1sico do Estado de Sergipe, criados pelas prefeituras municipais. O evento foi organizado com apoio integral da Secretaria de Estado do Meio Ambiente e dos Recursos H\u00eddricos (Semarh), foi destinado ao Cons\u00f3rcio P\u00fablico dos munic\u00edpios da GRANDE ARACAJU, composto por 11 prefeituras.<\/p>\n<p style=\"text-align: justify;\">Representando o secret\u00e1rio de Estado do Meio Ambiente no f\u00f3rum, Genival Nunes, a secret\u00e1ria-adjunta da Semarh, Marisa Ramos, que em seu discurso, destacou a import\u00e2ncia do evento, mostrando preocupa\u00e7\u00e3o com a aus\u00eancia dos demais munic\u00edpios que formam o cons\u00f3rcio, pois apenas 5 dos 11 munic\u00edpios envolvidos participaram do F\u00f3rum. Mas mostrou toda sua gratid\u00e3o pelo acolhimento em Laranjeiras. Neste sentido, o Prefeito Jos\u00e9 de Ara\u00fajo Leite Neto, Juca de Bala, falou sobre a import\u00e2ncia do cons\u00f3rcio para os munic\u00edpios, mostrando que \u00e9 poss\u00edvel adequar-se antes do prazo estabelecido na Lei 12.305\/10, ou seja, antes de 2014. Ele destacou ainda que &#8220;trata-se de um tema complexo e que exige capacita\u00e7\u00e3o e empenho de todos os envolvidos&#8221;.<\/p>\n<p style=\"text-align: justify;\">Em seguida, a Superintendente de Qualidade Ambiental da Secretaria de Estado do Meio Ambiente e dos Recursos H\u00eddricos (Semarh), F\u00e1tima Maynard, fez uma apresenta\u00e7\u00e3o de como funciona o cons\u00f3rcio, confirmando que os Cons\u00f3rcios P\u00fablicos de Saneamento B\u00e1sico do Estado de Sergipe (CPSB) da Grande Aracaju continuam com Laranjeiras, atrav\u00e9s do Prefeito Juca de Bala na presid\u00eancia. O superintendente tamb\u00e9m continua sendo Evaldino Calazans, tendo ainda como Vice-Presidente o munic\u00edpio de Santo Amaro das Brotas, Diretoria Geral, S\u00e3o Crist\u00f3v\u00e3o e Diretoria Financeira com o munic\u00edpio de General Maynard.<\/p>\n<p style=\"text-align: justify;\">Estiveram presentes neste evento, al\u00e9m de t\u00e9cnicos da prefeitura, o Secret\u00e1rio Municipal de Meio Ambiente (Emmanuel Xavier Almeida) e o Secret\u00e1rio da Pesca Jos\u00e9 Carlos Santos (Sob\u00f3 dos Pescadores). Registraram presen\u00e7a ainda os vereadores Luciano (Presidente da C\u00e2mara), Brasilina, Cei\u00e7a e o Vice-Prefeito Z\u00e9 Bodega que mostrou conhecimento sobre o tema discutido.<\/p>\n<p style=\"text-align: justify;\"><em><strong>Ascom\/Laranjeiras<\/strong><\/em><\/p>\n","protected":false},"excerpt":{"rendered":"<p>&nbsp; Foi realizado na manh\u00e3 desta quarta-feira (23\/01) na C\u00e2mara Municipal de Laranjeiras o F\u00f3rum sobre a atualiza\u00e7\u00e3o dos Cons\u00f3rcios P\u00fablicos de Saneamento B\u00e1sico do Estado de Sergipe, criados pelas prefeituras municipais. O evento foi organizado com apoio integral da Secretaria de Estado do Meio Ambiente e dos Recursos H\u00eddricos (Semarh), foi destinado ao Cons\u00f3rcio [&hellip;]<\/p>\n","protected":false},"author":1,"featured_media":43475,"comment_status":"closed","ping_status":"closed","sticky":false,"template":"","format":"standard","meta":{"footnotes":""},"categories":[6],"tags":[],"class_list":{"0":"post-43474","1":"post","2":"type-post","3":"status-publish","4":"format-standard","5":"has-post-thumbnail","7":"category-politica"},"_links":{"self":[{"href":"https:\/\/senoticias.com.br\/se\/wp-json\/wp\/v2\/posts\/43474"}],"collection":[{"href":"https:\/\/senoticias.com.br\/se\/wp-json\/wp\/v2\/posts"}],"about":[{"href":"https:\/\/senoticias.com.br\/se\/wp-json\/wp\/v2\/types\/post"}],"author":[{"embeddable":true,"href":"https:\/\/senoticias.com.br\/se\/wp-json\/wp\/v2\/users\/1"}],"replies":[{"embeddable":true,"href":"https:\/\/senoticias.com.br\/se\/wp-json\/wp\/v2\/comments?post=43474"}],"version-history":[{"count":0,"href":"https:\/\/senoticias.com.br\/se\/wp-json\/wp\/v2\/posts\/43474\/revisions"}],"wp:featuredmedia":[{"embeddable":true,"href":"https:\/\/senoticias.com.br\/se\/wp-json\/wp\/v2\/media\/43475"}],"wp:attachment":[{"href":"https:\/\/senoticias.com.br\/se\/wp-json\/wp\/v2\/media?parent=43474"}],"wp:term":[{"taxonomy":"category","embeddable":true,"href":"https:\/\/senoticias.com.br\/se\/wp-json\/wp\/v2\/categories?post=43474"},{"taxonomy":"post_tag","embeddable":true,"href":"https:\/\/senoticias.com.br\/se\/wp-json\/wp\/v2\/tags?post=43474"}],"curies":[{"name":"wp","href":"https:\/\/api.w.org\/{rel}","templated":true}]}}