{"id":43469,"date":"2013-01-24T07:15:55","date_gmt":"2013-01-24T10:15:55","guid":{"rendered":"http:\/\/senoticias.com.br\/se\/?p=43469"},"modified":"2013-01-24T07:15:55","modified_gmt":"2013-01-24T10:15:55","slug":"governo-define-jurados-para-selecao-de-musicos-sergipanos-no-verao-sergipe","status":"publish","type":"post","link":"https:\/\/senoticias.com.br\/se\/governo-define-jurados-para-selecao-de-musicos-sergipanos-no-verao-sergipe\/","title":{"rendered":"Governo define jurados para sele\u00e7\u00e3o de m\u00fasicos sergipanos no Ver\u00e3o Sergipe"},"content":{"rendered":"<div id=\"attachment_43470\" style=\"width: 310px\" class=\"wp-caption alignleft\"><a href=\"http:\/\/senoticias.com.br\/se\/wp-content\/uploads\/2013\/01\/Governo.jpeg\"><img loading=\"lazy\" decoding=\"async\" aria-describedby=\"caption-attachment-43470\" class=\"size-full wp-image-43470\" title=\"Governo\" src=\"http:\/\/senoticias.com.br\/se\/wp-content\/uploads\/2013\/01\/Governo.jpeg\" alt=\"\" width=\"300\" height=\"207\" \/><\/a><p id=\"caption-attachment-43470\" class=\"wp-caption-text\">O coordenador de m\u00fasica da Secult, Ed\u00e9zio Arag\u00e3o \/ Foto: Fabiana Costa\/Secult<\/p><\/div>\n<p style=\"text-align: justify;\">Na tarde da \u00faltima ter\u00e7a-feira, 22, representes da Secretaria de Estado da Cultura (Secult) e da sociedade civil estiveram presentes em uma reuni\u00e3o na Biblioteca P\u00fablica Epif\u00e2nio D\u00f3ria, para definir os jurados que ir\u00e3o ajudar a Secult a selecionar os quatro m\u00fasicos que ir\u00e3o tocar no Ver\u00e3o Sergipe 2013, que acontece nos dias 1 e 2 de fevereiro na Atalaia Nova, na Barra dos Coqueiros.<\/p>\n<p style=\"text-align: justify;\">O encontro que foi conduzido pelo coordenador de m\u00fasica da Secult, Ed\u00e9zio Arag\u00e3o, reuniu diversos agentes culturais que puderam expor suas opini\u00f5es e dialogar com o poder p\u00fablico sobre alguns pontos da festa. \u201cQueremos abrir aqui um processo de sele\u00e7\u00e3o dos jurados que para a escolha dos m\u00fasicos que ir\u00e3o tocar no Ver\u00e3o Sergipe seja extremamente transparente e participativa. Al\u00e9m disso, todas as decis\u00f5es tomadas nesta reuni\u00e3o s\u00e3o soberanas\u201d, explanou.<\/p>\n<p style=\"text-align: justify;\">Ap\u00f3s algumas horas de debates, foram escolhidos tr\u00eas jurados titulares e tr\u00eas suplentes. Os titulares foram Emanoel Garapa, do F\u00f3rum de M\u00fasica, o estudante e m\u00fasico F\u00e1bio Barros e o jornalista cultural Rian Santos. J\u00e1 os suplentes escolhidos foram os m\u00fasicos Alberto Marcelino e Adelvan Kenobi e o estudante Igor Andrade. Al\u00e9m deles, mais dois representantes foram indicados pela Secult e ir\u00e3o compor o j\u00fari, s\u00e3o eles Ricardo Gama e Jo\u00e3o Liberato.<\/p>\n<p style=\"text-align: justify;\"><strong>Opini\u00e3o dos participantes<\/strong><\/p>\n<p style=\"text-align: justify;\">Para os agentes culturais que participaram do encontro, a reuni\u00e3o foi bastante proveitosa e democr\u00e1tica. \u201cEssa reuni\u00e3o foi bastante satisfat\u00f3ria e bastante democr\u00e1tica, dando voz a todos que estavam presentes\u201d, definiu o estudante F\u00e1bio Barros, que foi escolhido como um dos jurados.<\/p>\n<p style=\"text-align: justify;\">O m\u00fasico Gabriel Carvalho da Banda The Baggios tamb\u00e9m esteve presente e concordou com a opini\u00e3o do colega. \u201cO caminho \u00e9 esse. Ser sempre o mais democr\u00e1tico e imparcial poss\u00edvel. Meu desejo \u00e9 que cada vez mais m\u00fasicos e agentes culturais participem dessas plen\u00e1rias e possam discutir conosco esses temas\u201d, completou.<\/p>\n<p style=\"text-align: justify;\">O resultado da sele\u00e7\u00e3o das quatro bandas selecionadas para tocar no Ver\u00e3o Sergipe 2013 deve ser divulgada na sexta-feira, 25 de janeiro.<\/p>\n<p style=\"text-align: justify;\"><strong>Sobre os jurados<\/strong><\/p>\n<p style=\"text-align: justify;\"><strong>F\u00e1bio Barros<\/strong><\/p>\n<p style=\"text-align: justify;\">Estudante de letras Ingl\u00eas na UFS e professor de ingl\u00eas. Possui uma banda chamada \u2018Alunte\u2019 e tem experi\u00eancia nas banda \u2018Gesebels\u2019, e \u2018Friendship\u2019. Toca guitarra, baixo e \u00e9 cantor.<\/p>\n<p style=\"text-align: justify;\"><strong>Emanuel Garapa<\/strong><\/p>\n<p style=\"text-align: justify;\">Emanuel Garapa possui experi\u00eancia como artista pl\u00e1stico, cen\u00f3grafo em teatro e cinema e \u00e9 delegado de Cultura e de Controle Social. \u00c9 ainda diretor do F\u00f3rum de M\u00fasica de Sergipe e representa o Estado no F\u00f3rum Nacional de M\u00fasica.<\/p>\n<p style=\"text-align: justify;\"><strong>Rian Santos<\/strong><\/p>\n<p style=\"text-align: justify;\">\u00c9 jornalista cultural do Jornal do Dia e tem grande conhecimento sobre a vida cultural do Estado. Possui um blog chamado Spleen e Charutos, com o qual fala sobre m\u00fasica, fotografia, audiovisual, literatura e demais artes.<\/p>\n<p style=\"text-align: justify;\"><strong>Ricardo Gama<\/strong><\/p>\n<p style=\"text-align: justify;\">\u00c9 radialista desde 1991 atuando em v\u00e1rias emissoras dos Estado. Hoje, est\u00e1 nas r\u00e1dios Liberdade AM e Aperip\u00ea FM. Nesta com os programas \u2018Aperip\u00ea Revista\u2019 e \u2018Choros e Can\u00e7\u00f5es\u2019, que tem destaque para a m\u00fasica sergipana.<\/p>\n<p style=\"text-align: justify;\"><strong>Jo\u00e3o Liberato<\/strong><\/p>\n<p style=\"text-align: justify;\">Graduado no Curso de Instrumento (Flauta Transversal) e Mestre em M\u00fasica pela Universidade Federal da Bahia, ocupa os cargos de Vice-Coordenador e Professor do Curso de M\u00fasica da Universidade Federal de Sergipe. Nos \u00faltimos anos vem desenvolvendo trabalhos na \u00e1rea audiovisual, podendo destacar a dire\u00e7\u00e3o musical e composi\u00e7\u00e3o de trilhas sonoras Tem experi\u00eancia tamb\u00e9m em dire\u00e7\u00e3o musical, diretor musical e designer de som.<\/p>\n<p style=\"text-align: justify;\"><em><strong>Ag\u00eancia Sergipe de Not\u00edcias<\/strong><\/em><\/p>\n","protected":false},"excerpt":{"rendered":"<p>Na tarde da \u00faltima ter\u00e7a-feira, 22, representes da Secretaria de Estado da Cultura (Secult) e da sociedade civil estiveram presentes em uma reuni\u00e3o na Biblioteca P\u00fablica Epif\u00e2nio D\u00f3ria, para definir os jurados que ir\u00e3o ajudar a Secult a selecionar os quatro m\u00fasicos que ir\u00e3o tocar no Ver\u00e3o Sergipe 2013, que acontece nos dias 1 e [&hellip;]<\/p>\n","protected":false},"author":1,"featured_media":43470,"comment_status":"closed","ping_status":"closed","sticky":false,"template":"","format":"standard","meta":{"footnotes":""},"categories":[310],"tags":[],"class_list":{"0":"post-43469","1":"post","2":"type-post","3":"status-publish","4":"format-standard","5":"has-post-thumbnail","7":"category-destaques-da-semana"},"_links":{"self":[{"href":"https:\/\/senoticias.com.br\/se\/wp-json\/wp\/v2\/posts\/43469"}],"collection":[{"href":"https:\/\/senoticias.com.br\/se\/wp-json\/wp\/v2\/posts"}],"about":[{"href":"https:\/\/senoticias.com.br\/se\/wp-json\/wp\/v2\/types\/post"}],"author":[{"embeddable":true,"href":"https:\/\/senoticias.com.br\/se\/wp-json\/wp\/v2\/users\/1"}],"replies":[{"embeddable":true,"href":"https:\/\/senoticias.com.br\/se\/wp-json\/wp\/v2\/comments?post=43469"}],"version-history":[{"count":0,"href":"https:\/\/senoticias.com.br\/se\/wp-json\/wp\/v2\/posts\/43469\/revisions"}],"wp:featuredmedia":[{"embeddable":true,"href":"https:\/\/senoticias.com.br\/se\/wp-json\/wp\/v2\/media\/43470"}],"wp:attachment":[{"href":"https:\/\/senoticias.com.br\/se\/wp-json\/wp\/v2\/media?parent=43469"}],"wp:term":[{"taxonomy":"category","embeddable":true,"href":"https:\/\/senoticias.com.br\/se\/wp-json\/wp\/v2\/categories?post=43469"},{"taxonomy":"post_tag","embeddable":true,"href":"https:\/\/senoticias.com.br\/se\/wp-json\/wp\/v2\/tags?post=43469"}],"curies":[{"name":"wp","href":"https:\/\/api.w.org\/{rel}","templated":true}]}}