{"id":43463,"date":"2013-01-23T21:52:50","date_gmt":"2013-01-24T00:52:50","guid":{"rendered":"http:\/\/senoticias.com.br\/se\/?p=43463"},"modified":"2013-01-25T06:47:07","modified_gmt":"2013-01-25T09:47:07","slug":"dilma-anuncia-antecipacao-de-desconto-na-conta-de-luz-e-descarta-racionamento","status":"publish","type":"post","link":"https:\/\/senoticias.com.br\/se\/dilma-anuncia-antecipacao-de-desconto-na-conta-de-luz-e-descarta-racionamento\/","title":{"rendered":"Dilma anuncia antecipa\u00e7\u00e3o de desconto na conta de luz e descarta racionamento"},"content":{"rendered":"<div id=\"attachment_42192\" style=\"width: 310px\" class=\"wp-caption alignleft\"><a href=\"http:\/\/senoticias.com.br\/se\/wp-content\/uploads\/2012\/12\/Dilma-nova.jpg\"><img loading=\"lazy\" decoding=\"async\" aria-describedby=\"caption-attachment-42192\" class=\"size-medium wp-image-42192\" title=\"Dilma nova\" src=\"http:\/\/senoticias.com.br\/se\/wp-content\/uploads\/2012\/12\/Dilma-nova-300x237.jpg\" alt=\"\" width=\"300\" height=\"237\" srcset=\"https:\/\/senoticias.com.br\/se\/wp-content\/uploads\/2012\/12\/Dilma-nova-300x237.jpg 300w, https:\/\/senoticias.com.br\/se\/wp-content\/uploads\/2012\/12\/Dilma-nova-342x270.jpg 342w, https:\/\/senoticias.com.br\/se\/wp-content\/uploads\/2012\/12\/Dilma-nova.jpg 480w\" sizes=\"(max-width: 300px) 100vw, 300px\" \/><\/a><p id=\"caption-attachment-42192\" class=\"wp-caption-text\">(Foto: Roberto Stuckert Filho \/ Presid\u00eancia da Rep\u00fablica)<\/p><\/div>\n<p style=\"text-align: justify;\">A presidente Dilma Rousseff anunciou na noite desta quarta-feira (23), em pronunciamento em cadeia de r\u00e1dio e televis\u00e3o, a antecipa\u00e7\u00e3o do desconto na conta de luz, que passar\u00e1 a vigorar a partir de amanh\u00e3 (24). Inicialmente, ela estava prevista para valer s\u00f3 em 5 de fevereiro. Dilma descartou ainda qualquer necessidade de racionamento de energia &#8220;no curto, no m\u00e9dio ou no longo prazo&#8221;.<\/p>\n<p style=\"text-align: justify;\">Dilma reiterou que a redu\u00e7\u00e3o da conta de luz ser\u00e1 de 18% para resid\u00eancias e de at\u00e9 32% para ind\u00fastria, com\u00e9rcio e agricultura. A informa\u00e7\u00e3o j\u00e1 havia sido dada pela Aneel (Ag\u00eancia Nacional de Energia El\u00e9trica) hoje \u00e0 tarde.<\/p>\n<p style=\"text-align: justify;\">&#8220;Acabo de assinar o ato que coloca em vigor, a partir de amanh\u00e3, uma forte redu\u00e7\u00e3o na conta de luz de todos os brasileiros. Al\u00e9m de estarmos antecipando a entrada em vigor das novas tarifas, estamos dando \u00edndice de redu\u00e7\u00e3o maior do que o previsto e j\u00e1 anunciado&#8221;, disse Dilma no pronunciamento.<\/p>\n<p style=\"text-align: justify;\">Os percentuais s\u00e3o maiores do que os estimados anteriormente pelo governo. Em setembro passado, quando anunciou o plano para baratear a tarifa de energia, a presidente disse que o corte seria, em m\u00e9dia, de 16% para resid\u00eancias e de at\u00e9 28% para a ind\u00fastria.<\/p>\n<p style=\"text-align: justify;\">&#8220;Com essa redu\u00e7\u00e3o de tarifa, o Brasil, que j\u00e1 \u00e9 uma pot\u00eancia energ\u00e9tica, passa a viver uma situa\u00e7\u00e3o mais especial no setor el\u00e9trico. Somos agora um dos poucos pa\u00edses que est\u00e3o, ao mesmo tempo, baixando o custo da energia e aumentando a sua produ\u00e7\u00e3o el\u00e9trica&#8221;, disse Dilma. Ela assinou hoje um decreto e uma medida provis\u00f3ria com os novos \u00edndices de redu\u00e7\u00e3o das tarifas.<\/p>\n<p style=\"text-align: justify;\">Segundo a presidente, os consumidores que s\u00e3o atendidos pelas concession\u00e1rias que n\u00e3o aderiram \u00e0 prorroga\u00e7\u00e3o dos contratos (Companhia Energ\u00e9tica de S\u00e3o Paulo &#8211; Cesp, Companhia Energ\u00e9tica de Minas Gerais \u2013 Cemig e Companhia Paranaense de Energia &#8211; Copel) tamb\u00e9m ter\u00e3o a conta de luz reduzida.<\/p>\n<p style=\"text-align: justify;\"><strong>&#8220;Previs\u00f5es sem fundamento&#8221;<\/strong><\/p>\n<p style=\"text-align: justify;\">A falta de chuva em diversas regi\u00f5es do pa\u00eds e os reservat\u00f3rios das hidrel\u00e9tricas operando abaixo da capacidade provocaram d\u00favidas sobre o cumprimento da medida prometida pelo governo. A presidente fez duras cr\u00edticas \u00e0s previs\u00f5es sobre a possibilidade de racionamento de energia por causa do baixo n\u00edvel dos reservat\u00f3rios.<\/p>\n<p style=\"text-align: justify;\">No seu pronunciamento, ela explicou que praticamente todos os anos as usinas t\u00e9rmicas, movidas a g\u00e1s natural, \u00f3leo diesel, carv\u00e3o ou biomassa, s\u00e3o acionadas com menor ou maior exig\u00eancia para garantir o suprimento de energia do pa\u00eds. Segundo Dilma, isso \u00e9 &#8220;usual, normal, seguro e correto&#8221;.<\/p>\n<p style=\"text-align: justify;\">&#8220;Surpreende que algumas pessoas, por precipita\u00e7\u00e3o, desinforma\u00e7\u00e3o ou outro motivo, tenham feito previs\u00f5es sem fundamento quando os n\u00edveis dos reservat\u00f3rios baixaram e as t\u00e9rmicas foram normalmente acionadas. Como era de se esperar, essas previs\u00f5es fracassaram. O Brasil n\u00e3o deixou de produzir um \u00fanico quilowatt que precisava. E agora, com a volta das chuvas, as t\u00e9rmicas voltar\u00e3o a ser menos exigidas.&#8221;<\/p>\n<p style=\"text-align: justify;\">A presidente disse ainda que o pa\u00eds ir\u00e1 dobrar em 15 anos a capacidade instalada de energia el\u00e9trica, que hoje \u00e9 121 mil megawatts. Segundo ela, no ano passado, o pa\u00eds colocou em opera\u00e7\u00e3o 4.000 megawatts e 2.700 quil\u00f4metros de linhas de transmiss\u00e3o e, neste ano, deve colocar mais 8.500 megawatts de energia e 7.500 quil\u00f4metros de novas linhas.<\/p>\n<p style=\"text-align: justify;\">&#8220;Temos contratada toda a energia que o Brasil precisa para crescer e, bem, neste e nos pr\u00f3ximos anos&#8221;. A presidente acrescentou que o sistema el\u00e9trico brasileiro \u00e9 um dos mais seguros do mundo porque trabalha com fontes diversas de produ\u00e7\u00e3o de energia, o que n\u00e3o ocorre na maioria dos pa\u00edses.<\/p>\n<p style=\"text-align: justify;\">Ela criticou os que, segundo ela, &#8220;s\u00e3o sempre do contra&#8221;, e n\u00e3o acreditavam que o governo conseguiria baixar os juros, aumentar o n\u00edvel de emprego e reduzir a pobreza.<\/p>\n<p style=\"text-align: justify;\"><strong>&#8220;Do contra&#8221;<\/strong><\/p>\n<p style=\"text-align: justify;\">&#8220;Nesse novo Brasil, aqueles que s\u00e3o sempre do contra est\u00e3o ficando para tr\u00e1s. Pois nosso pa\u00eds avan\u00e7a sem retrocesso em meio a um mundo cheio de dificuldades. Hoje, podemos ver como erraram feio no passado os que n\u00e3o acreditavam que era poss\u00edvel crescer e distribuir renda, que pensavam ser imposs\u00edvel que dezenas de milh\u00f5es de pessoas sa\u00edssem da mis\u00e9ria e n\u00e3o acreditavam que o Brasil virasse um pa\u00eds de classe m\u00e9dia&#8221;.<\/p>\n<p style=\"text-align: justify;\">Dilma disse que os que tentaram &#8220;amedrontar&#8221; os brasileiros com a queda do emprego ou a perda do poder de compra do sal\u00e1rio tamb\u00e9m erraram e que &#8220;n\u00e3o faltou comida na mesa nem emprego&#8221;. Tamb\u00e9m citou a sa\u00edda de 19,5 milh\u00f5es de brasileiros da linha da extrema pobreza nos \u00faltimos dois anos.<\/p>\n<p style=\"text-align: justify;\">&#8220;O Brasil est\u00e1 cada vez maior e imune a ser atingido por previs\u00f5es alarmistas. Nos \u00faltimos anos, o time vencedor tem sido os do que tem f\u00e9 e apostam no Brasil. Por termos vencido o pessimismo e os pessimistas, estamos vivendo um dos melhores momentos da nossa hist\u00f3ria&#8221;.<\/p>\n<p style=\"text-align: justify;\">Dilma aproveitou ainda para propagandear que o seu governo, al\u00e9m de ter baixado o custo da energia, diminuiu juros, reduziu impostos e tamb\u00e9m ampliou investimentos em infraestrutura, sa\u00fade e educa\u00e7\u00e3o.<\/p>\n<p style=\"text-align: justify;\">Segundo ela, o pa\u00eds vai alcan\u00e7ar uma situa\u00e7\u00e3o ainda melhor quando todos os brasileiros trabalharem para &#8220;unir e construir&#8221; e n\u00e3o para &#8220;desunir ou destruir&#8221;. &#8220;Somente construiremos um Brasil com a grandeza dos nossos sonhos quando colocarmos a nossa f\u00e9 no Brasil acima dos nossos interesses pol\u00edticos e pessoais&#8221;, concluiu.<\/p>\n<p><span style=\"color: #333333;\"><strong><span style=\"font-family: Consolas, Monaco, monospace; font-size: 12px; line-height: 18px;\">Do UOL, em Bras\u00edlia, com ag\u00eancia Brasil<\/span><\/strong><\/span><\/p>\n","protected":false},"excerpt":{"rendered":"<p>A presidente Dilma Rousseff anunciou na noite desta quarta-feira (23), em pronunciamento em cadeia de r\u00e1dio e televis\u00e3o, a antecipa\u00e7\u00e3o do desconto na conta de luz, que passar\u00e1 a vigorar a partir de amanh\u00e3 (24). Inicialmente, ela estava prevista para valer s\u00f3 em 5 de fevereiro. Dilma descartou ainda qualquer necessidade de racionamento de energia [&hellip;]<\/p>\n","protected":false},"author":1,"featured_media":42192,"comment_status":"closed","ping_status":"closed","sticky":false,"template":"","format":"standard","meta":{"footnotes":""},"categories":[310,6,1],"tags":[],"class_list":{"0":"post-43463","1":"post","2":"type-post","3":"status-publish","4":"format-standard","5":"has-post-thumbnail","7":"category-destaques-da-semana","8":"category-politica","9":"category-sem-categoria"},"_links":{"self":[{"href":"https:\/\/senoticias.com.br\/se\/wp-json\/wp\/v2\/posts\/43463"}],"collection":[{"href":"https:\/\/senoticias.com.br\/se\/wp-json\/wp\/v2\/posts"}],"about":[{"href":"https:\/\/senoticias.com.br\/se\/wp-json\/wp\/v2\/types\/post"}],"author":[{"embeddable":true,"href":"https:\/\/senoticias.com.br\/se\/wp-json\/wp\/v2\/users\/1"}],"replies":[{"embeddable":true,"href":"https:\/\/senoticias.com.br\/se\/wp-json\/wp\/v2\/comments?post=43463"}],"version-history":[{"count":0,"href":"https:\/\/senoticias.com.br\/se\/wp-json\/wp\/v2\/posts\/43463\/revisions"}],"wp:featuredmedia":[{"embeddable":true,"href":"https:\/\/senoticias.com.br\/se\/wp-json\/wp\/v2\/media\/42192"}],"wp:attachment":[{"href":"https:\/\/senoticias.com.br\/se\/wp-json\/wp\/v2\/media?parent=43463"}],"wp:term":[{"taxonomy":"category","embeddable":true,"href":"https:\/\/senoticias.com.br\/se\/wp-json\/wp\/v2\/categories?post=43463"},{"taxonomy":"post_tag","embeddable":true,"href":"https:\/\/senoticias.com.br\/se\/wp-json\/wp\/v2\/tags?post=43463"}],"curies":[{"name":"wp","href":"https:\/\/api.w.org\/{rel}","templated":true}]}}