{"id":43460,"date":"2013-01-23T20:58:13","date_gmt":"2013-01-23T23:58:13","guid":{"rendered":"http:\/\/senoticias.com.br\/se\/?p=43460"},"modified":"2013-01-23T20:58:13","modified_gmt":"2013-01-23T23:58:13","slug":"presidente-da-fames-destaca-importancia-de-sergipe-no-encontro-nacional-de-prefeitos","status":"publish","type":"post","link":"https:\/\/senoticias.com.br\/se\/presidente-da-fames-destaca-importancia-de-sergipe-no-encontro-nacional-de-prefeitos\/","title":{"rendered":"Presidente da Fames destaca import\u00e2ncia de Sergipe no Encontro Nacional de Prefeitos"},"content":{"rendered":"<p>&nbsp;<\/p>\n<div id=\"attachment_43461\" style=\"width: 209px\" class=\"wp-caption alignleft\"><a href=\"http:\/\/senoticias.com.br\/se\/wp-content\/uploads\/2013\/01\/DSC_0065.jpg\"><img loading=\"lazy\" decoding=\"async\" aria-describedby=\"caption-attachment-43461\" class=\"size-medium wp-image-43461\" title=\"Tonh\u00e3o\" src=\"http:\/\/senoticias.com.br\/se\/wp-content\/uploads\/2013\/01\/DSC_0065-199x300.jpg\" alt=\"\" width=\"199\" height=\"300\" srcset=\"https:\/\/senoticias.com.br\/se\/wp-content\/uploads\/2013\/01\/DSC_0065-199x300.jpg 199w, https:\/\/senoticias.com.br\/se\/wp-content\/uploads\/2013\/01\/DSC_0065-342x515.jpg 342w, https:\/\/senoticias.com.br\/se\/wp-content\/uploads\/2013\/01\/DSC_0065-300x451.jpg 300w, https:\/\/senoticias.com.br\/se\/wp-content\/uploads\/2013\/01\/DSC_0065.jpg 427w\" sizes=\"(max-width: 199px) 100vw, 199px\" \/><\/a><p id=\"caption-attachment-43461\" class=\"wp-caption-text\">Presidente da Fames destaca import\u00e2ncia de Sergipe no Encontro Nacional de Prefeitos. (Foto: Empauta)<\/p><\/div>\n<p style=\"text-align: justify;\">Nos pr\u00f3ximos dias 28, 29 e 30 de janeiro, a capital brasileira ser\u00e1 palco do grande Encontro Nacional com Novos Prefeitos e Prefeitas \u2013 Munic\u00edpios Fortes, Brasil Sustent\u00e1vel. O evento, coordenado pela Secretaria de Rela\u00e7\u00f5es P\u00fablicas, tem como objetivo promover o crescimento econ\u00f4mico do pa\u00eds com inclus\u00e3o social, equil\u00edbrio ambiental e participa\u00e7\u00e3o cidad\u00e3. A fim de apoiar os gestores municipais ao longo de seus mandatos, ser\u00e3o apresentados os principais programas federais compreendidos nos eixos Desenvolvimento Social, Desenvolvimento Econ\u00f4mico, Desenvolvimento Ambiental e Urbano e Participa\u00e7\u00e3o Social e Cidadania.<\/p>\n<p style=\"text-align: justify;\">O prefeito de Monte Alegre e presidente da Federa\u00e7\u00e3o dos Munic\u00edpios do Estado de Sergipe (Fames), Ant\u00f4nio Fernandes Rodrigues Santos (o \u201cTonh\u00e3o\u201d \u2013 PSC), frisou que para os gestores de Sergipe, ser\u00e1 uma experi\u00eancia muito boa. \u201cEsse encontro ser\u00e1 muito importante para todos, e fa\u00e7o quest\u00e3o de ver Sergipe bem representado por todos os prefeitos que puderem comparecer. Creio que ser\u00e1 poss\u00edvel promover uma integra\u00e7\u00e3o ainda maior entre os prefeitos e a Uni\u00e3o. L\u00e1, os gestores poder\u00e3o conhecer melhor todos os instrumentos dispon\u00edveis para cumprir com o plano de governo proposto nas campanhas\u201d, destacou.<br \/>\nPara Tonh\u00e3o, h\u00e1 perspectivas de boas not\u00edcias para os sergipanos, apesar da situa\u00e7\u00e3o financeira dif\u00edcil em que se encontra a maior parte dos munic\u00edpios do estado. \u201cMuitas prefeituras ainda est\u00e3o com grandes problemas, principalmente as que iniciaram suas gest\u00f5es num cen\u00e1rio de abandono e de contas falidas. A situa\u00e7\u00e3o tamb\u00e9m \u00e9 complicada na hora de honrar o piso do magist\u00e9rio, sal\u00e1rio m\u00ednimo, enfim&#8230; Acredito que para tudo isso h\u00e1 solu\u00e7\u00e3o, e \u00e9 na luta municipalista que, juntos, vamos encontr\u00e1-la. O encontro com a presidente Dilma ser\u00e1 uma oportunidade de conhecer as medidas que o Governo Federal t\u00eam a nos oferecer\u201d, acrescentou o presidente da Fames.<\/p>\n<p style=\"text-align: justify;\">Um dos pedidos da Confedera\u00e7\u00e3o Nacional dos Munic\u00edpios (CNM), que est\u00e1 sempre \u00e0 frente das mobiliza\u00e7\u00f5es municipalistas pelo Brasil, \u00e9 que seja atendida uma antiga reivindica\u00e7\u00e3o, o \u201cencontro de contas\u201d. \u201cNotamos uma resist\u00eancia em rela\u00e7\u00e3o a este pedido nosso, que prev\u00ea a contabiliza\u00e7\u00e3o de d\u00e9bitos e cr\u00e9ditos das contas dos munic\u00edpios, de um lado, e da Receita Federal e o Instituto Nacional do Seguro Social, de outro. N\u00e3o sabemos se esse impasse ser\u00e1 resolvido, mas pelo menos, pela primeira vez neste governo, p assunto est\u00e1 sendo colocado na pauta de discuss\u00f5es\u201d, explicou Tonh\u00e3o, confiante.<\/p>\n<p style=\"text-align: justify;\">\u201cOutra grande queixa que temos \u00e9 a redu\u00e7\u00e3o do repasse do Fundo de Participa\u00e7\u00e3o dos Munic\u00edpios (FPM), principal fonte de arrecada\u00e7\u00e3o da maioria das prefeituras brasileiras. Vamos ver como o governo pode ajudar a melhorar este repasse para muitos dos munic\u00edpios, que, em alguns casos, est\u00e3o sem receber recursos. Vi, inclusive, que a presidente Dilma dever\u00e1 anunciar a amplia\u00e7\u00e3o de programas do governo na abertura do evento. Diante disso, \u00e9 ainda mais importante a presen\u00e7a dos representantes sergipanos na oportunidade\u201d, concluiu o presidente da Fames, convocando todos os prefeitos do estado a participarem do encontro.<\/p>\n<p style=\"text-align: justify;\"><em><strong>Empauta Comunica\u00e7\u00e3o<\/strong><\/em><\/p>\n","protected":false},"excerpt":{"rendered":"<p>&nbsp; Nos pr\u00f3ximos dias 28, 29 e 30 de janeiro, a capital brasileira ser\u00e1 palco do grande Encontro Nacional com Novos Prefeitos e Prefeitas \u2013 Munic\u00edpios Fortes, Brasil Sustent\u00e1vel. O evento, coordenado pela Secretaria de Rela\u00e7\u00f5es P\u00fablicas, tem como objetivo promover o crescimento econ\u00f4mico do pa\u00eds com inclus\u00e3o social, equil\u00edbrio ambiental e participa\u00e7\u00e3o cidad\u00e3. A [&hellip;]<\/p>\n","protected":false},"author":1,"featured_media":43461,"comment_status":"closed","ping_status":"closed","sticky":false,"template":"","format":"standard","meta":{"footnotes":""},"categories":[1],"tags":[],"class_list":{"0":"post-43460","1":"post","2":"type-post","3":"status-publish","4":"format-standard","5":"has-post-thumbnail","7":"category-sem-categoria"},"_links":{"self":[{"href":"https:\/\/senoticias.com.br\/se\/wp-json\/wp\/v2\/posts\/43460"}],"collection":[{"href":"https:\/\/senoticias.com.br\/se\/wp-json\/wp\/v2\/posts"}],"about":[{"href":"https:\/\/senoticias.com.br\/se\/wp-json\/wp\/v2\/types\/post"}],"author":[{"embeddable":true,"href":"https:\/\/senoticias.com.br\/se\/wp-json\/wp\/v2\/users\/1"}],"replies":[{"embeddable":true,"href":"https:\/\/senoticias.com.br\/se\/wp-json\/wp\/v2\/comments?post=43460"}],"version-history":[{"count":0,"href":"https:\/\/senoticias.com.br\/se\/wp-json\/wp\/v2\/posts\/43460\/revisions"}],"wp:featuredmedia":[{"embeddable":true,"href":"https:\/\/senoticias.com.br\/se\/wp-json\/wp\/v2\/media\/43461"}],"wp:attachment":[{"href":"https:\/\/senoticias.com.br\/se\/wp-json\/wp\/v2\/media?parent=43460"}],"wp:term":[{"taxonomy":"category","embeddable":true,"href":"https:\/\/senoticias.com.br\/se\/wp-json\/wp\/v2\/categories?post=43460"},{"taxonomy":"post_tag","embeddable":true,"href":"https:\/\/senoticias.com.br\/se\/wp-json\/wp\/v2\/tags?post=43460"}],"curies":[{"name":"wp","href":"https:\/\/api.w.org\/{rel}","templated":true}]}}