{"id":43452,"date":"2013-01-23T20:30:50","date_gmt":"2013-01-23T23:30:50","guid":{"rendered":"http:\/\/senoticias.com.br\/se\/?p=43452"},"modified":"2013-01-24T19:59:45","modified_gmt":"2013-01-24T22:59:45","slug":"dirigente-de-escolinha-de-futebol-e-indiciado-por-abuso-em-nossa-senhora-da-gloria","status":"publish","type":"post","link":"https:\/\/senoticias.com.br\/se\/dirigente-de-escolinha-de-futebol-e-indiciado-por-abuso-em-nossa-senhora-da-gloria\/","title":{"rendered":"Dirigente de escolinha de futebol \u00e9 indiciado por abuso em Nossa Senhora da Gl\u00f3ria"},"content":{"rendered":"<p>&nbsp;<\/p>\n<p><strong>Por Nayara Ar\u00eades &#8211; Infonet<\/strong><\/p>\n<div id=\"attachment_43459\" style=\"width: 310px\" class=\"wp-caption alignleft\"><a href=\"http:\/\/senoticias.com.br\/se\/wp-content\/uploads\/2013\/01\/acusado.jpg\"><img loading=\"lazy\" decoding=\"async\" aria-describedby=\"caption-attachment-43459\" class=\"size-medium wp-image-43459\" title=\"acusado\" src=\"http:\/\/senoticias.com.br\/se\/wp-content\/uploads\/2013\/01\/acusado-300x225.jpg\" alt=\"\" width=\"300\" height=\"225\" srcset=\"https:\/\/senoticias.com.br\/se\/wp-content\/uploads\/2013\/01\/acusado-300x225.jpg 300w, https:\/\/senoticias.com.br\/se\/wp-content\/uploads\/2013\/01\/acusado-342x256.jpg 342w, https:\/\/senoticias.com.br\/se\/wp-content\/uploads\/2013\/01\/acusado-60x45.jpg 60w, https:\/\/senoticias.com.br\/se\/wp-content\/uploads\/2013\/01\/acusado-150x113.jpg 150w, https:\/\/senoticias.com.br\/se\/wp-content\/uploads\/2013\/01\/acusado-269x201.jpg 269w, https:\/\/senoticias.com.br\/se\/wp-content\/uploads\/2013\/01\/acusado.jpg 620w\" sizes=\"(max-width: 300px) 100vw, 300px\" \/><\/a><p id=\"caption-attachment-43459\" class=\"wp-caption-text\">Baleia \u00e9 suspeito de explorar os adolescentes que sonham em se tornarem \u00eddolos do futebol (Foto: Reprodu\u00e7\u00e3o\/TV Sergipe)<\/p><\/div>\n<p style=\"text-align: justify;\">No munic\u00edpio de Nossa Senhora da Gl\u00f3ria, distante 113km da capital, o dirigente de uma escolinha de futebol ser\u00e1 indiciado pelo crime de explora\u00e7\u00e3o sexual contra menores. Jos\u00e9 Augusto dos Santos foi denunciado pela pr\u00f3pria v\u00edtima de abuso, um jovem de 16 anos proveniente do estado do Piau\u00ed. Segundo informa\u00e7\u00f5es da pol\u00edcia, o adolescente teria sido coagido a manter rela\u00e7\u00f5es sexuais com Jos\u00e9 em troca de R$ 45.<\/p>\n<p style=\"text-align: justify;\">Segundo Ant\u00f4nio Francisco Filho, delegado do munic\u00edpio, Jos\u00e9 Augusto dos Santos poder\u00e1 ser penalizado entre um e quatro anos de reclus\u00e3o, e aguardar\u00e1 em liberdade pela decis\u00e3o do judici\u00e1rio. O dirigente chegou a ser preso na noite do \u00faltimo domingo, 20, mas foi liberado na manh\u00e3 do dia 21 ap\u00f3s constata\u00e7\u00e3o da pol\u00edcia de que n\u00e3o houve flagrante.<\/p>\n<p style=\"text-align: justify;\">\u201cAl\u00e9m do adolescente de 16 anos que sofreu o abuso, outros tr\u00eas foram bolinados, recebendo car\u00edcias do acusado. Esses jovens est\u00e3o em Sergipe h\u00e1 aproximadamente 20 dias, e vieram passar por treinamento para possivelmente ingressar nas categorias de base dos times do Estado. Eles moravam em uma esp\u00e9cie de rep\u00fablica mantida pelo dirigente, e recebiam alimenta\u00e7\u00e3o e vestu\u00e1rio. Em troca de algo a mais, como algum dinheiro para sair, o acusado pediu favores sexuais ao menores\u201d, descreve o delegado.<\/p>\n<p style=\"text-align: justify;\">No total, 11 garotos entre 15 e 17 anos estavam alojados na rep\u00fablica, sendo oito do Piau\u00ed, dois da Bahia e um do Par\u00e1. A maioria dos adolescentes j\u00e1 foi encaminhada ao seus locais de origem. O jovem paraense, no entanto, aguarda provid\u00eancias da pol\u00edcia para seu retorno.<\/p>\n<p style=\"text-align: justify;\"><strong>Abuso<\/strong><\/p>\n<p style=\"text-align: justify;\">Em junho de 2012, o presidente de duas organiza\u00e7\u00f5es n\u00e3o governamentais de apoio ao esporte foi acusado de praticar abusos sexuais contra cinco jovens dos estados da Bahia, Sergipe e Alagoas. As v\u00edtimas, todas com idades ent\u00e3o inferioriores aos 15 anos, foram atra\u00eddas pelo sonho de jogar futebol profissionalmente.<\/p>\n","protected":false},"excerpt":{"rendered":"<p>&nbsp; Por Nayara Ar\u00eades &#8211; Infonet No munic\u00edpio de Nossa Senhora da Gl\u00f3ria, distante 113km da capital, o dirigente de uma escolinha de futebol ser\u00e1 indiciado pelo crime de explora\u00e7\u00e3o sexual contra menores. Jos\u00e9 Augusto dos Santos foi denunciado pela pr\u00f3pria v\u00edtima de abuso, um jovem de 16 anos proveniente do estado do Piau\u00ed. Segundo [&hellip;]<\/p>\n","protected":false},"author":1,"featured_media":43459,"comment_status":"closed","ping_status":"closed","sticky":false,"template":"","format":"standard","meta":{"footnotes":""},"categories":[310,7,1],"tags":[],"class_list":{"0":"post-43452","1":"post","2":"type-post","3":"status-publish","4":"format-standard","5":"has-post-thumbnail","7":"category-destaques-da-semana","8":"category-policia","9":"category-sem-categoria"},"_links":{"self":[{"href":"https:\/\/senoticias.com.br\/se\/wp-json\/wp\/v2\/posts\/43452"}],"collection":[{"href":"https:\/\/senoticias.com.br\/se\/wp-json\/wp\/v2\/posts"}],"about":[{"href":"https:\/\/senoticias.com.br\/se\/wp-json\/wp\/v2\/types\/post"}],"author":[{"embeddable":true,"href":"https:\/\/senoticias.com.br\/se\/wp-json\/wp\/v2\/users\/1"}],"replies":[{"embeddable":true,"href":"https:\/\/senoticias.com.br\/se\/wp-json\/wp\/v2\/comments?post=43452"}],"version-history":[{"count":0,"href":"https:\/\/senoticias.com.br\/se\/wp-json\/wp\/v2\/posts\/43452\/revisions"}],"wp:featuredmedia":[{"embeddable":true,"href":"https:\/\/senoticias.com.br\/se\/wp-json\/wp\/v2\/media\/43459"}],"wp:attachment":[{"href":"https:\/\/senoticias.com.br\/se\/wp-json\/wp\/v2\/media?parent=43452"}],"wp:term":[{"taxonomy":"category","embeddable":true,"href":"https:\/\/senoticias.com.br\/se\/wp-json\/wp\/v2\/categories?post=43452"},{"taxonomy":"post_tag","embeddable":true,"href":"https:\/\/senoticias.com.br\/se\/wp-json\/wp\/v2\/tags?post=43452"}],"curies":[{"name":"wp","href":"https:\/\/api.w.org\/{rel}","templated":true}]}}