{"id":43415,"date":"2013-01-24T11:10:15","date_gmt":"2013-01-24T14:10:15","guid":{"rendered":"http:\/\/senoticias.com.br\/se\/?p=43415"},"modified":"2013-01-25T06:28:59","modified_gmt":"2013-01-25T09:28:59","slug":"banda-calcinha-preta-na-festa-de-festa-de-nossa-senhora-d%c2%b4ajuda","status":"publish","type":"post","link":"https:\/\/senoticias.com.br\/se\/banda-calcinha-preta-na-festa-de-festa-de-nossa-senhora-d%c2%b4ajuda\/","title":{"rendered":"Come\u00e7a hoje noven\u00e1rio da padroeira de Itaporanga D\u00b4Ajuda"},"content":{"rendered":"<p>&nbsp;<\/p>\n<p><span style=\"color: #333333;\"><strong>Prefeitura e Par\u00f3quia de Itaporanga divulgam programa\u00e7\u00e3o da Festa de Nossa Senhora D\u00b4Ajuda<\/strong><\/span><\/p>\n<p style=\"text-align: justify;\"><a href=\"http:\/\/senoticias.com.br\/se\/wp-content\/uploads\/2013\/01\/Padroeira.jpg\"><img loading=\"lazy\" decoding=\"async\" class=\"alignleft size-medium wp-image-43479\" title=\"Padroeira\" src=\"http:\/\/senoticias.com.br\/se\/wp-content\/uploads\/2013\/01\/Padroeira-300x276.jpg\" alt=\"\" width=\"300\" height=\"276\" srcset=\"https:\/\/senoticias.com.br\/se\/wp-content\/uploads\/2013\/01\/Padroeira-300x276.jpg 300w, https:\/\/senoticias.com.br\/se\/wp-content\/uploads\/2013\/01\/Padroeira-342x314.jpg 342w, https:\/\/senoticias.com.br\/se\/wp-content\/uploads\/2013\/01\/Padroeira.jpg 401w\" sizes=\"(max-width: 300px) 100vw, 300px\" \/><\/a>No per\u00edodo de 24 de janeiro a 02 de fevereiro, a Prefeitura de Itaporanga D\u00b4Ajuda e a Par\u00f3quia Nossa Senhora D\u00b4Ajuda realizam a festa em homenagem \u00e0 padroeira da cidade, Nossa Senhora D\u00b4Ajuda celebrada, oficialmente, na pr\u00f3xima sexta-feira, dia 02.<\/p>\n<p style=\"text-align: justify;\">A tradicional comemora\u00e7\u00e3o, que \u00e9 realizada h\u00e1 159 anos, reunir\u00e1 na Pra\u00e7a da Matriz, no Centro da cidade, fam\u00edlias e fi\u00e9is que t\u00eam em sua programa\u00e7\u00e3o religiosa e festiva, novena, santas missas, prociss\u00e3o, al\u00e9m de shows, tendas de alimenta\u00e7\u00e3o e outras atividades.<\/p>\n<p style=\"text-align: justify;\">A programa\u00e7\u00e3o religiosa come\u00e7a na pr\u00f3xima quinta-feira, dia 24, com o in\u00edcio da novena, al\u00e9m de quermesses, missas e palestras, que seguem at\u00e9 o dia 1\u00ba de fevereiro. J\u00e1 no dia 02, ser\u00e1 realizada alvorada festiva, \u00e0s 06 da manh\u00e3.<\/p>\n<p style=\"text-align: justify;\"><strong>Programa\u00e7\u00e3o musical<\/strong><\/p>\n<p style=\"text-align: justify;\">Al\u00e9m da programa\u00e7\u00e3o religiosa, que \u00e9 de responsabilidade da Par\u00f3quia Nossa Senhora D\u00b4Ajuda, a Prefeitura de Itaporanga, atrav\u00e9s da Secretaria de Cultura e Turismo, promover\u00e1 shows musicais com atra\u00e7\u00f5es locais e nacionais.<\/p>\n<p style=\"text-align: justify;\">Entre as atra\u00e7\u00f5es musicais, destaques para as bandas Parangol\u00ea, Calcinha Preta e Alma Gemea, que se apresentar\u00e3o na sexta-feira, dia 1\u00ba de fevereiro. J\u00e1 no dia 02, a anima\u00e7\u00e3o ficar\u00e1 por conta das bandas Gal\u00e3 do Brega e Saiddy Bamba, al\u00e9m de Nelton Pyter, que se apresentar\u00e3o na Pra\u00e7a de Eventos da cidade.<\/p>\n<p style=\"text-align: justify;\">Ascom\/Itaporanga<\/p>\n","protected":false},"excerpt":{"rendered":"<p>&nbsp; Prefeitura e Par\u00f3quia de Itaporanga divulgam programa\u00e7\u00e3o da Festa de Nossa Senhora D\u00b4Ajuda No per\u00edodo de 24 de janeiro a 02 de fevereiro, a Prefeitura de Itaporanga D\u00b4Ajuda e a Par\u00f3quia Nossa Senhora D\u00b4Ajuda realizam a festa em homenagem \u00e0 padroeira da cidade, Nossa Senhora D\u00b4Ajuda celebrada, oficialmente, na pr\u00f3xima sexta-feira, dia 02. A [&hellip;]<\/p>\n","protected":false},"author":1,"featured_media":43479,"comment_status":"closed","ping_status":"closed","sticky":false,"template":"","format":"standard","meta":{"footnotes":""},"categories":[310,46],"tags":[],"class_list":{"0":"post-43415","1":"post","2":"type-post","3":"status-publish","4":"format-standard","5":"has-post-thumbnail","7":"category-destaques-da-semana","8":"category-religiao"},"_links":{"self":[{"href":"https:\/\/senoticias.com.br\/se\/wp-json\/wp\/v2\/posts\/43415"}],"collection":[{"href":"https:\/\/senoticias.com.br\/se\/wp-json\/wp\/v2\/posts"}],"about":[{"href":"https:\/\/senoticias.com.br\/se\/wp-json\/wp\/v2\/types\/post"}],"author":[{"embeddable":true,"href":"https:\/\/senoticias.com.br\/se\/wp-json\/wp\/v2\/users\/1"}],"replies":[{"embeddable":true,"href":"https:\/\/senoticias.com.br\/se\/wp-json\/wp\/v2\/comments?post=43415"}],"version-history":[{"count":0,"href":"https:\/\/senoticias.com.br\/se\/wp-json\/wp\/v2\/posts\/43415\/revisions"}],"wp:featuredmedia":[{"embeddable":true,"href":"https:\/\/senoticias.com.br\/se\/wp-json\/wp\/v2\/media\/43479"}],"wp:attachment":[{"href":"https:\/\/senoticias.com.br\/se\/wp-json\/wp\/v2\/media?parent=43415"}],"wp:term":[{"taxonomy":"category","embeddable":true,"href":"https:\/\/senoticias.com.br\/se\/wp-json\/wp\/v2\/categories?post=43415"},{"taxonomy":"post_tag","embeddable":true,"href":"https:\/\/senoticias.com.br\/se\/wp-json\/wp\/v2\/tags?post=43415"}],"curies":[{"name":"wp","href":"https:\/\/api.w.org\/{rel}","templated":true}]}}