{"id":43087,"date":"2013-01-10T21:33:13","date_gmt":"2013-01-11T00:33:13","guid":{"rendered":"http:\/\/senoticias.com.br\/se\/?p=43087"},"modified":"2013-01-10T21:48:52","modified_gmt":"2013-01-11T00:48:52","slug":"piso-salarial-dos-professores-tera-reajuste-de-797-em-2013","status":"publish","type":"post","link":"https:\/\/senoticias.com.br\/se\/piso-salarial-dos-professores-tera-reajuste-de-797-em-2013\/","title":{"rendered":"Piso salarial dos professores ter\u00e1 reajuste de 7,97% em 2013"},"content":{"rendered":"<p>&nbsp;<\/p>\n<div id=\"attachment_43089\" style=\"width: 310px\" class=\"wp-caption alignleft\"><a href=\"http:\/\/senoticias.com.br\/se\/wp-content\/uploads\/2013\/01\/AgenciaBrasil100113_VAC5079.jpg\"><img loading=\"lazy\" decoding=\"async\" aria-describedby=\"caption-attachment-43089\" class=\"size-full wp-image-43089\" title=\"AgenciaBrasil100113_VAC5079\" src=\"http:\/\/senoticias.com.br\/se\/wp-content\/uploads\/2013\/01\/AgenciaBrasil100113_VAC5079.jpg\" alt=\"\" width=\"300\" height=\"225\" srcset=\"https:\/\/senoticias.com.br\/se\/wp-content\/uploads\/2013\/01\/AgenciaBrasil100113_VAC5079.jpg 300w, https:\/\/senoticias.com.br\/se\/wp-content\/uploads\/2013\/01\/AgenciaBrasil100113_VAC5079-60x45.jpg 60w, https:\/\/senoticias.com.br\/se\/wp-content\/uploads\/2013\/01\/AgenciaBrasil100113_VAC5079-150x113.jpg 150w, https:\/\/senoticias.com.br\/se\/wp-content\/uploads\/2013\/01\/AgenciaBrasil100113_VAC5079-269x201.jpg 269w\" sizes=\"(max-width: 300px) 100vw, 300px\" \/><\/a><p id=\"caption-attachment-43089\" class=\"wp-caption-text\">Ministro da Educa\u00e7\u00e3o, Aloizio Mercadante. (Foto: ag\u00eancia Brasil)<\/p><\/div>\n<p style=\"text-align: justify;\">O valor piso salarial nacional do magist\u00e9rio da educa\u00e7\u00e3o b\u00e1sica ter\u00e1 reajuste de 7,97% em 2013. A informa\u00e7\u00e3o foi divulgada hoje (10) pelo Minist\u00e9rio da Educa\u00e7\u00e3o. Com o aumento, o valor passa de R$ 1.451 para R$ 1.567 e j\u00e1 ser\u00e1 pago, por estados e munic\u00edpios em fevereiro. A composi\u00e7\u00e3o do piso leva em conta o custo anual por estudante dos \u00faltimos dois anos, calculado pelo Fundo de Manuten\u00e7\u00e3o e Desenvolvimento da Educa\u00e7\u00e3o B\u00e1sica e de Valoriza\u00e7\u00e3o dos Profissionais da Educa\u00e7\u00e3o (Fundeb).<\/p>\n<p style=\"text-align: justify;\">O reajuste do piso em 2013 n\u00e3o segue a tend\u00eancia de aumento dos \u00faltimos dois anos, quando foi registrado 22%, em 2012, e 18%, em 2011. Segundo o ministro da Educa\u00e7\u00e3o, Aloizio Mercadante, o reajuste menor \u00e9 por causa da desacelera\u00e7\u00e3o da economia e da queda na arrecada\u00e7\u00e3o de receitas. O Fundeb \u00e9 um fundo cont\u00e1bil e composto por uma cesta de impostos e transfer\u00eancias estaduais e municipais, e sua vig\u00eancia se estende at\u00e9 2020. Por lei, pelo menos 60% dos recursos do Fundeb devem ser usados para pagamento do sal\u00e1rio dos professores e gestores educacionais.<\/p>\n<p style=\"text-align: justify;\">&#8220;N\u00e3o tem o mesmo impacto que a corre\u00e7\u00e3o do ano passado, mas \u00e9 um reajuste acima da infla\u00e7\u00e3o. O problema \u00e9 que n\u00f3s partimos de um patamar muito baixo de sal\u00e1rio, R$ 1.567, \u00e9 pouco mais que dois sal\u00e1rios m\u00ednimos&#8221;, disse o ministro.<\/p>\n<p style=\"text-align: justify;\"><em><strong>\u00a0Ag\u00eancia Brasil<\/strong><\/em><\/p>\n","protected":false},"excerpt":{"rendered":"<p>&nbsp; O valor piso salarial nacional do magist\u00e9rio da educa\u00e7\u00e3o b\u00e1sica ter\u00e1 reajuste de 7,97% em 2013. A informa\u00e7\u00e3o foi divulgada hoje (10) pelo Minist\u00e9rio da Educa\u00e7\u00e3o. Com o aumento, o valor passa de R$ 1.451 para R$ 1.567 e j\u00e1 ser\u00e1 pago, por estados e munic\u00edpios em fevereiro. A composi\u00e7\u00e3o do piso leva em [&hellip;]<\/p>\n","protected":false},"author":1,"featured_media":43089,"comment_status":"closed","ping_status":"closed","sticky":false,"template":"","format":"standard","meta":{"footnotes":""},"categories":[44,26,1],"tags":[],"class_list":{"0":"post-43087","1":"post","2":"type-post","3":"status-publish","4":"format-standard","5":"has-post-thumbnail","7":"category-educacao","8":"category-esportes","9":"category-sem-categoria"},"_links":{"self":[{"href":"https:\/\/senoticias.com.br\/se\/wp-json\/wp\/v2\/posts\/43087"}],"collection":[{"href":"https:\/\/senoticias.com.br\/se\/wp-json\/wp\/v2\/posts"}],"about":[{"href":"https:\/\/senoticias.com.br\/se\/wp-json\/wp\/v2\/types\/post"}],"author":[{"embeddable":true,"href":"https:\/\/senoticias.com.br\/se\/wp-json\/wp\/v2\/users\/1"}],"replies":[{"embeddable":true,"href":"https:\/\/senoticias.com.br\/se\/wp-json\/wp\/v2\/comments?post=43087"}],"version-history":[{"count":0,"href":"https:\/\/senoticias.com.br\/se\/wp-json\/wp\/v2\/posts\/43087\/revisions"}],"wp:featuredmedia":[{"embeddable":true,"href":"https:\/\/senoticias.com.br\/se\/wp-json\/wp\/v2\/media\/43089"}],"wp:attachment":[{"href":"https:\/\/senoticias.com.br\/se\/wp-json\/wp\/v2\/media?parent=43087"}],"wp:term":[{"taxonomy":"category","embeddable":true,"href":"https:\/\/senoticias.com.br\/se\/wp-json\/wp\/v2\/categories?post=43087"},{"taxonomy":"post_tag","embeddable":true,"href":"https:\/\/senoticias.com.br\/se\/wp-json\/wp\/v2\/tags?post=43087"}],"curies":[{"name":"wp","href":"https:\/\/api.w.org\/{rel}","templated":true}]}}