{"id":43085,"date":"2013-01-10T21:18:27","date_gmt":"2013-01-11T00:18:27","guid":{"rendered":"http:\/\/senoticias.com.br\/se\/?p=43085"},"modified":"2013-01-12T16:43:55","modified_gmt":"2013-01-12T19:43:55","slug":"senador-valadares-escreve-a-face-oculta-do-senador-eduardo-amorim","status":"publish","type":"post","link":"https:\/\/senoticias.com.br\/se\/senador-valadares-escreve-a-face-oculta-do-senador-eduardo-amorim\/","title":{"rendered":"Senador Valadares escreve: a face oculta do senador Eduardo Amorim"},"content":{"rendered":"<div id=\"attachment_34356\" style=\"width: 310px\" class=\"wp-caption alignleft\"><a href=\"http:\/\/senoticias.com.br\/se\/wp-content\/uploads\/2012\/06\/DSC_1460A.jpg\"><img loading=\"lazy\" decoding=\"async\" aria-describedby=\"caption-attachment-34356\" class=\"size-medium wp-image-34356\" title=\"Valadares \" src=\"http:\/\/senoticias.com.br\/se\/wp-content\/uploads\/2012\/06\/DSC_1460A-300x199.jpg\" alt=\"\" width=\"300\" height=\"199\" srcset=\"https:\/\/senoticias.com.br\/se\/wp-content\/uploads\/2012\/06\/DSC_1460A-300x199.jpg 300w, https:\/\/senoticias.com.br\/se\/wp-content\/uploads\/2012\/06\/DSC_1460A-342x227.jpg 342w, https:\/\/senoticias.com.br\/se\/wp-content\/uploads\/2012\/06\/DSC_1460A.jpg 638w\" sizes=\"(max-width: 300px) 100vw, 300px\" \/><\/a><p id=\"caption-attachment-34356\" class=\"wp-caption-text\">Senador Antonio Carlos Valadares. (Foto: Reinaldo Ferrigno)<\/p><\/div>\n<p style=\"text-align: justify;\">O homem p\u00fablico se revela por suas atitudes. Em muitos casos, em decorr\u00eancia do que faz ou deixa de fazer, o pol\u00edtico gera animosidade,\u00a0apoio, antipatia, surpresa ou decep\u00e7\u00e3o.<\/p>\n<p style=\"text-align: justify;\">Apesar da surpresa causada pelo meu colega de Senado Eduardo Amorim (PSC) em rela\u00e7\u00e3o ao Proinveste -, um empr\u00e9stimo do governo da Uni\u00e3o,\u00a0em favor de Sergipe, superior a R$ 700 milh\u00f5es para a realiza\u00e7\u00e3o de obras de infraestrutura, n\u00e3o me move qualquer desejo de atac\u00e1-lo.<\/p>\n<p style=\"text-align: justify;\">O meu verdadeiro objetivo \u00e9 tentar mostrar-lhe o equ\u00edvoco de suas avalia\u00e7\u00f5es, as quais, no meu sentir, colidem com os reais interesses\u00a0de nossa gente. A mim, me parece, ambi\u00e7\u00f5es de poder, que s\u00e3o leg\u00edtimas, nunca poderiam interferir na prepara\u00e7\u00e3o e na execu\u00e7\u00e3o de\u00a0qualquer programa que venha em benef\u00edcio de Sergipe.<\/p>\n<p style=\"text-align: justify;\">Se em determinado momento n\u00e3o estamos no comando do Estado para levar \u00e0 frente um programa de governo, temos que respeitar e aceitar como\u00a0razo\u00e1vel que aquele que det\u00e9m o poder leg\u00edtimo conquistado com o voto do povo, n\u00e3o seja impedido de exercer as suas fun\u00e7\u00f5es.<\/p>\n<p style=\"text-align: justify;\">\u00c9 preciso que entendamos que neste per\u00edodo o governador Marcelo D\u00e9da, a exemplo de tantos que o sucederam, com suas virtudes e defeitos, tem\u00a0todo o direito e o dever que n\u00e3o podemos negar, de conduzir sem obst\u00e1culos o seu plano de trabalho, desde que o fa\u00e7a em obedi\u00eancia \u00e0\u00a0legisla\u00e7\u00e3o vigente.<\/p>\n<p style=\"text-align: justify;\">Em algumas oportunidades o Senador Eduardo Amorim, na discuss\u00e3o desse tema, o do empr\u00e9stimo, no af\u00e3 de defender a sua tese e convencer \u00e0\u00a0opini\u00e3o p\u00fablica, usou e abusou de argumentos falaciosos e de informa\u00e7\u00f5es equivocadas.<\/p>\n<p style=\"text-align: justify;\">Aquele seu jeito aparentemente contemporizador, com a fisionomia do bom mocinho, confundindo aos que n\u00e3o o conhecem como a de um virtuoso\u00a0padre, cedeu lugar \u00e0 verdadeira tend\u00eancia de seu grupo pol\u00edtico, a hegemonia a qualquer pre\u00e7o, mesmo que para essa usura o nosso povo\u00a0venha a pagar um pre\u00e7o sem limites.<\/p>\n<p style=\"text-align: justify;\">Na primeira tramita\u00e7\u00e3o na Assembl\u00e9ia Legislativa o projeto do Proinveste (ou os projetos) nunca se exigiu tanto papel e tantos<br \/>\ndepoimentos e explica\u00e7\u00f5es. Nenhum papel deixou de ser encaminhado nem tampouco depoimentos e explica\u00e7\u00f5es foram sonegados.<br \/>\nFizeram vista grossa ao estrito cumprimento do dever legal de o Executivo prestar as informa\u00e7\u00f5es que de pronto foram atendidas, e, sem\u00a0nenhuma justificava plaus\u00edvel, o Proinveste foi rejeitado.<\/p>\n<p style=\"text-align: justify;\">O Senador Eduardo Amorim ao liderar esse movimento para derrubar o Proinveste e impedir o progresso de Sergipe &#8211; que precisa mais do que\u00a0nunca vencer a crise e avan\u00e7ar, garantindo emprego e renda-, atua como se planejasse o caos para da\u00ed tirar proveito pol\u00edtico em favor de sua\u00a0candidatura para o governo em 2014.<\/p>\n<p style=\"text-align: justify;\">Exp\u00f5e publicamente a sua paix\u00e3o na busca de um objetivo pessoal, denotando uma cegueira pol\u00edtica \u00e0 primeira vista incur\u00e1vel. Foge da\u00a0realidade, e procura convencer com fr\u00e1geis argumentos. Apresenta a Ministros dados inver\u00eddicos sobre a situa\u00e7\u00e3o do Estado, faz discursos\u00a0e emite notas em desacordo com os pareceres do Tesouro Nacional, e distorce decis\u00f5es judiciais da Suprema Corte, dizendo que Sergipe n\u00e3o\u00a0pode ou n\u00e3o tem condi\u00e7\u00f5es de tomar o empr\u00e9stimo, s\u00f3 para se justificar perante os menos avisados.<\/p>\n<p style=\"text-align: justify;\">Sinto o perigo rondando o Estado. N\u00e3o pensem que vejo apenas uma luz amarela que se acende, mas um clar\u00e3o vermelho de um inc\u00eandio cujas\u00a0labaredas j\u00e1 est\u00e3o bem perto do nosso territ\u00f3rio sagrado. Um territ\u00f3rio habitado por um povo que sempre soube se proteger e reagir\u00a0contra tudo e contra todos que se antepuseram aos seus avan\u00e7os e conquistas.<\/p>\n<p style=\"text-align: justify;\">Sergipe n\u00e3o pode parar. O nosso povo, sempre altivo e atuante em momento decisivos, merece que essa batalha seja vencida com o apoio e\u00a0a responsabilidade de nossas lideran\u00e7as pol\u00edticas.<\/p>\n<p style=\"text-align: center;\"><strong>Antonio Carlos Valadares<\/strong><br \/>\n<strong> Senador da Rep\u00fablica<\/strong><\/p>\n","protected":false},"excerpt":{"rendered":"<p>O homem p\u00fablico se revela por suas atitudes. Em muitos casos, em decorr\u00eancia do que faz ou deixa de fazer, o pol\u00edtico gera animosidade,\u00a0apoio, antipatia, surpresa ou decep\u00e7\u00e3o. Apesar da surpresa causada pelo meu colega de Senado Eduardo Amorim (PSC) em rela\u00e7\u00e3o ao Proinveste -, um empr\u00e9stimo do governo da Uni\u00e3o,\u00a0em favor de Sergipe, superior [&hellip;]<\/p>\n","protected":false},"author":1,"featured_media":34356,"comment_status":"closed","ping_status":"closed","sticky":false,"template":"","format":"standard","meta":{"footnotes":""},"categories":[6],"tags":[],"class_list":{"0":"post-43085","1":"post","2":"type-post","3":"status-publish","4":"format-standard","5":"has-post-thumbnail","7":"category-politica"},"_links":{"self":[{"href":"https:\/\/senoticias.com.br\/se\/wp-json\/wp\/v2\/posts\/43085"}],"collection":[{"href":"https:\/\/senoticias.com.br\/se\/wp-json\/wp\/v2\/posts"}],"about":[{"href":"https:\/\/senoticias.com.br\/se\/wp-json\/wp\/v2\/types\/post"}],"author":[{"embeddable":true,"href":"https:\/\/senoticias.com.br\/se\/wp-json\/wp\/v2\/users\/1"}],"replies":[{"embeddable":true,"href":"https:\/\/senoticias.com.br\/se\/wp-json\/wp\/v2\/comments?post=43085"}],"version-history":[{"count":0,"href":"https:\/\/senoticias.com.br\/se\/wp-json\/wp\/v2\/posts\/43085\/revisions"}],"wp:featuredmedia":[{"embeddable":true,"href":"https:\/\/senoticias.com.br\/se\/wp-json\/wp\/v2\/media\/34356"}],"wp:attachment":[{"href":"https:\/\/senoticias.com.br\/se\/wp-json\/wp\/v2\/media?parent=43085"}],"wp:term":[{"taxonomy":"category","embeddable":true,"href":"https:\/\/senoticias.com.br\/se\/wp-json\/wp\/v2\/categories?post=43085"},{"taxonomy":"post_tag","embeddable":true,"href":"https:\/\/senoticias.com.br\/se\/wp-json\/wp\/v2\/tags?post=43085"}],"curies":[{"name":"wp","href":"https:\/\/api.w.org\/{rel}","templated":true}]}}