{"id":43081,"date":"2013-01-10T20:36:55","date_gmt":"2013-01-10T23:36:55","guid":{"rendered":"http:\/\/senoticias.com.br\/se\/?p=43081"},"modified":"2013-01-10T20:40:03","modified_gmt":"2013-01-10T23:40:03","slug":"joao-alves-filho-presta-ultima-homenagem-a-frei-miguel","status":"publish","type":"post","link":"https:\/\/senoticias.com.br\/se\/joao-alves-filho-presta-ultima-homenagem-a-frei-miguel\/","title":{"rendered":"Jo\u00e3o Alves Filho presta \u00faltima homenagem a Frei Miguel"},"content":{"rendered":"<div id=\"attachment_43084\" style=\"width: 310px\" class=\"wp-caption alignleft\"><a href=\"http:\/\/senoticias.com.br\/se\/wp-content\/uploads\/2013\/01\/Jo\u00e3o.jpeg\"><img loading=\"lazy\" decoding=\"async\" aria-describedby=\"caption-attachment-43084\" class=\"size-medium wp-image-43084\" title=\"Jo\u00e3o\" src=\"http:\/\/senoticias.com.br\/se\/wp-content\/uploads\/2013\/01\/Jo\u00e3o-300x200.jpg\" alt=\"\" width=\"300\" height=\"200\" srcset=\"https:\/\/senoticias.com.br\/se\/wp-content\/uploads\/2013\/01\/Jo\u00e3o-300x200.jpg 300w, https:\/\/senoticias.com.br\/se\/wp-content\/uploads\/2013\/01\/Jo\u00e3o-342x228.jpg 342w, https:\/\/senoticias.com.br\/se\/wp-content\/uploads\/2013\/01\/Jo\u00e3o.jpeg 450w\" sizes=\"(max-width: 300px) 100vw, 300px\" \/><\/a><p id=\"caption-attachment-43084\" class=\"wp-caption-text\">Jo\u00e3o Alves participou da \u00faltima homenagem a Frei Miguel (Foto: Silvio Rocha)<\/p><\/div>\n<p style=\"text-align: justify;\">O prefeito Jo\u00e3o Alves Filho esteve nesta quinta-feira, dia 10, na missa de corpo presente em encomenda\u00e7\u00e3o do corpo de Frei Miguel, realizada na igreja S\u00e3o Judas Tadeu. O celibat\u00e1rio morreu aos 104 anos em decorr\u00eancia de uma infec\u00e7\u00e3o pulmonar e deixa um legado de humildade e caridade para os moradores do bairro Am\u00e9rica.<\/p>\n<p style=\"text-align: justify;\">Jo\u00e3o Alves lamentou a morte do Frei dizendo que ele era um homem que dedicou sua vida \u00e0 caridade e ao amor ao povo. &#8220;Frei Miguel foi um exemplo de vida inesquec\u00edvel. Algo que nos consola neste momento de dor \u00e9 que ele hoje est\u00e1 na vida eterna. Perdemos um amigo, mas ganhamos um santo que est\u00e1 no c\u00e9u&#8221;.<\/p>\n<p style=\"text-align: justify;\">O vice-prefeito, Jos\u00e9 Carlos Machado, lembrou de momentos que viveu com o Frei e de qu\u00e3o importante foram os conselhos que dava. &#8220;Ele foi uma pessoa impressionante e muito especial, que tinha sua vida voltada para as pessoas carentes. Eu e Jo\u00e3o estivemos com ele durante a campanha ele pediu que govern\u00e1ssemos para os pobres. Essa \u00e9 a ess\u00eancia do Evangelho&#8221;, declarou.<\/p>\n<p style=\"text-align: justify;\">O deputado petista M\u00e1rcio Macedo, presidente da Comiss\u00e3o Mista Permanente de Mudan\u00e7as Clim\u00e1ticas, esteve presente durante a celebra\u00e7\u00e3o e elogiou o Frei dizendo que ele se dedicava a vida de todos com f\u00e9 e amor ao pr\u00f3ximo. O deputado aproveitou a oportunidade para elogiar o prefeito Jo\u00e3o Alves Filho pela cria\u00e7\u00e3o da Secretaria de Meio Ambiente, j\u00e1 que a capital sergipana era a \u00fanica que n\u00e3o tinha uma pasta voltada ao assunto.<\/p>\n<p style=\"text-align: justify;\">Os crist\u00e3os, que lotaram a Igreja, escutaram palavras de conforto na celebra\u00e7\u00e3o presidida pelo Arcebispo de Aracaju Dom Jos\u00e9 Palmeira Lessa. Para o celebrante, Frei Miguel foi um homem que adorou incessantemente Deus. &#8220;Ele era um homem de Deus e por conta disso trouxe multid\u00f5es para a Igreja, pessoas que hoje vieram demonstrar toda gratid\u00e3o por este irm\u00e3o. Ele \u00e9 um exemplo de homem consagrado&#8221;, disse o arcebispo salientando a import\u00e2ncia de Frei Miguel para a comunidade carente. &#8220;Queremos agradecer a Deus pela vida preciosa do Frei. Hoje ele vive plenamente nas m\u00e3os de Deus o que realizou aqui na terra&#8221;.<\/p>\n<p style=\"text-align: justify;\">O Frei Rubival Cabral, provincial dos Capuchinhos BA\/SE, fez depoimento emocionante para a congrega\u00e7\u00e3o falando sobre a vida sacerdotal de Frei Miguel. De acordo com o padre, Deus levou consigo um grande tesouro, um irm\u00e3o e mission\u00e1rio. &#8220;Ele agora vive plenamente com Deus, fonte e origem do amor, miseric\u00f3rdia e salva\u00e7\u00e3o&#8221;, completou.<\/p>\n<p style=\"text-align: justify;\">Ap\u00f3s celebra\u00e7\u00e3o eucar\u00edstica, o corpo do Frei foi levado pelos frades capuchinhos em cortejo seguido pelos fi\u00e9s at\u00e9 o mausol\u00e9u da igreja S\u00e3o Judas Tadeu, onde o corpo ser\u00e1 enterrado.<\/p>\n<p style=\"text-align: justify;\"><strong>Frei Miguel<\/strong><\/p>\n<p style=\"text-align: justify;\">Nascido em 30 de outubro de 1908 na It\u00e1lia, Frei Miguel foi acolhido pelos Capuchinhos, onde come\u00e7ou sua vida celibat\u00e1ria aos 12 anos. Enquanto sacerdote desenvolveu atividades mission\u00e1rias por quase toda a regi\u00e3o norte da Bahia.<\/p>\n<p style=\"text-align: justify;\">Em 1961 veio \u00e0 Aracaju onde construiu a igreja e convento S\u00e3o Judas Tadeu, na qual exerceu atividade incans\u00e1vel por mais de 50 anos, servindo com amor o povo sergipano. Seus conselhos ajudaram muitas pessoas, dentre elas dona Anesita Bezerra, que se confessava com o Frei. &#8220;Ele foi um padre excelente, muito caridoso. Ajudou-nos muito com seus conselhos. Ele era um exemplo edificante de vida consagrada&#8221;.<\/p>\n<p style=\"text-align: justify;\">Pobre e abnegado, Frei Miguel doava tudo que recebia para a Igreja e para os pobres, que ele chamava &#8220;os escolhidos de Deus&#8221;.<\/p>\n<p style=\"text-align: justify;\"><em><strong>Ag\u00eancia Aracaju de Not\u00edcias<\/strong><\/em><\/p>\n","protected":false},"excerpt":{"rendered":"<p>O prefeito Jo\u00e3o Alves Filho esteve nesta quinta-feira, dia 10, na missa de corpo presente em encomenda\u00e7\u00e3o do corpo de Frei Miguel, realizada na igreja S\u00e3o Judas Tadeu. O celibat\u00e1rio morreu aos 104 anos em decorr\u00eancia de uma infec\u00e7\u00e3o pulmonar e deixa um legado de humildade e caridade para os moradores do bairro Am\u00e9rica. Jo\u00e3o [&hellip;]<\/p>\n","protected":false},"author":1,"featured_media":43084,"comment_status":"closed","ping_status":"closed","sticky":false,"template":"","format":"standard","meta":{"footnotes":""},"categories":[6],"tags":[],"class_list":{"0":"post-43081","1":"post","2":"type-post","3":"status-publish","4":"format-standard","5":"has-post-thumbnail","7":"category-politica"},"_links":{"self":[{"href":"https:\/\/senoticias.com.br\/se\/wp-json\/wp\/v2\/posts\/43081"}],"collection":[{"href":"https:\/\/senoticias.com.br\/se\/wp-json\/wp\/v2\/posts"}],"about":[{"href":"https:\/\/senoticias.com.br\/se\/wp-json\/wp\/v2\/types\/post"}],"author":[{"embeddable":true,"href":"https:\/\/senoticias.com.br\/se\/wp-json\/wp\/v2\/users\/1"}],"replies":[{"embeddable":true,"href":"https:\/\/senoticias.com.br\/se\/wp-json\/wp\/v2\/comments?post=43081"}],"version-history":[{"count":0,"href":"https:\/\/senoticias.com.br\/se\/wp-json\/wp\/v2\/posts\/43081\/revisions"}],"wp:featuredmedia":[{"embeddable":true,"href":"https:\/\/senoticias.com.br\/se\/wp-json\/wp\/v2\/media\/43084"}],"wp:attachment":[{"href":"https:\/\/senoticias.com.br\/se\/wp-json\/wp\/v2\/media?parent=43081"}],"wp:term":[{"taxonomy":"category","embeddable":true,"href":"https:\/\/senoticias.com.br\/se\/wp-json\/wp\/v2\/categories?post=43081"},{"taxonomy":"post_tag","embeddable":true,"href":"https:\/\/senoticias.com.br\/se\/wp-json\/wp\/v2\/tags?post=43081"}],"curies":[{"name":"wp","href":"https:\/\/api.w.org\/{rel}","templated":true}]}}