{"id":43078,"date":"2013-01-10T16:12:41","date_gmt":"2013-01-10T19:12:41","guid":{"rendered":"http:\/\/senoticias.com.br\/se\/?p=43078"},"modified":"2013-01-12T06:47:01","modified_gmt":"2013-01-12T09:47:01","slug":"governo-suspende-venda-de-225-planos-de-saude-de-24-operadoras-veja-a-lista","status":"publish","type":"post","link":"https:\/\/senoticias.com.br\/se\/governo-suspende-venda-de-225-planos-de-saude-de-24-operadoras-veja-a-lista\/","title":{"rendered":"Governo suspende venda de 225 planos de sa\u00fade de 24 operadoras."},"content":{"rendered":"<p>&nbsp;<\/p>\n<div id=\"attachment_43080\" style=\"width: 310px\" class=\"wp-caption alignleft\"><a href=\"http:\/\/senoticias.com.br\/se\/wp-content\/uploads\/2013\/01\/VEJA-SE-O-SEU-PLANO-DE-SA\u00daDE-FOI-SUSPENSO.jpg\"><img loading=\"lazy\" decoding=\"async\" aria-describedby=\"caption-attachment-43080\" class=\"size-medium wp-image-43080\" title=\"VEJA SE O SEU PLANO DE SA\u00daDE FOI SUSPENSO\" src=\"http:\/\/senoticias.com.br\/se\/wp-content\/uploads\/2013\/01\/VEJA-SE-O-SEU-PLANO-DE-SA\u00daDE-FOI-SUSPENSO-300x188.jpg\" alt=\"\" width=\"300\" height=\"188\" srcset=\"https:\/\/senoticias.com.br\/se\/wp-content\/uploads\/2013\/01\/VEJA-SE-O-SEU-PLANO-DE-SA\u00daDE-FOI-SUSPENSO-300x188.jpg 300w, https:\/\/senoticias.com.br\/se\/wp-content\/uploads\/2013\/01\/VEJA-SE-O-SEU-PLANO-DE-SA\u00daDE-FOI-SUSPENSO-342x214.jpg 342w, https:\/\/senoticias.com.br\/se\/wp-content\/uploads\/2013\/01\/VEJA-SE-O-SEU-PLANO-DE-SA\u00daDE-FOI-SUSPENSO.jpg 400w\" sizes=\"(max-width: 300px) 100vw, 300px\" \/><\/a><p id=\"caption-attachment-43080\" class=\"wp-caption-text\">A suspens\u00e3o vale por tr\u00eas meses. (Foto: Reprodu\u00e7\u00e3o)<\/p><\/div>\n<p style=\"text-align: justify;\">O Minist\u00e9rio da Sa\u00fade anunciou nesta quinta-feira a suspens\u00e3o da comercializa\u00e7\u00e3o de 225 planos de sa\u00fade de 24 operadoras pelo descumprimento nos prazos de atendimento de consultas, procedimento e cirurgias. Outras quatro operadoras ainda ter\u00e3o a suspens\u00e3o de suas carteiras completas &#8211;n\u00e3o foi passado o n\u00famero exato de planos comercializados por elas.<\/p>\n<p><strong><a href=\" http:\/\/media.folha.uol.com.br\/cotidiano\/2013\/01\/10\/tabela-plano_de_saude.pdf\" target=\"_blank\">Veja a lista de planos de sa\u00fade com venda suspensa<\/a><\/strong><\/p>\n<p style=\"text-align: justify;\">A suspens\u00e3o das vendas come\u00e7a na pr\u00f3xima segunda-feira (14) e vale por tr\u00eas meses. Ela, por\u00e9m, n\u00e3o impacta no atendimento dos clientes que j\u00e1 s\u00e3o desses planos &#8211;que abarcam cerca de 1,9 milh\u00e3o de pessoas, ou 4% do p\u00fablico da sa\u00fade suplementar.<\/p>\n<p style=\"text-align: justify;\">Desde dezembro de 2011, vale uma norma da ANS (Ag\u00eancia Nacional de Sa\u00fade Suplementar) que estabelece o prazo limite para atendimento de uma consulta b\u00e1sica (pediatria, cl\u00ednica m\u00e9dica, cirurgia geral, ginecologia e obstetr\u00edcia) em sete dias, 14 dias para consultas com outros especialistas e 21 dias para interna\u00e7\u00f5es eletivas, entre outros.<\/p>\n<p style=\"text-align: justify;\">A ag\u00eancia estabelece um indicador para cada operadora, baseado na rela\u00e7\u00e3o entre o n\u00famero de reclama\u00e7\u00f5es e de benefici\u00e1rios. Ganha quatro pontos quem tiver indicador 75% acima da mediada de todos os indicadores. Quatro pontos em dois monitoramentos consecutivos leva \u00e0 suspens\u00e3o do plano.<\/p>\n<p style=\"text-align: justify;\">Essa \u00e9 a terceira rodada de suspens\u00f5es da comercializa\u00e7\u00e3o dos planos. Em julho de 2012, foram 268 planos com a venda suspensa de 37 operadoras. J\u00e1 em outubro, foram mais de 300 planos de 38 operadoras.<\/p>\n<p style=\"text-align: justify;\"><strong>NOVAS PUNI\u00c7\u00d5ES<\/strong><\/p>\n<p style=\"text-align: justify;\">Como 16 das operadoras listadas passaram o \u00faltimo ano na pior classifica\u00e7\u00e3o, sem apresentar melhora, elas entrar\u00e3o em processo de dire\u00e7\u00e3o t\u00e9cnica &#8211;al\u00e9m de terem a suspens\u00e3o de venda dos planos.<\/p>\n<p style=\"text-align: justify;\">Isso significa que dever\u00e3o apresentar \u00e0 ANS uma proposta de solu\u00e7\u00e3o dos problemas. Se isso n\u00e3o ocorrer, um t\u00e9cnico da ANS ser\u00e1 destacado para acompanhar as respostas da operadora \u00e0 necessidade de amplia\u00e7\u00e3o da rede de atendimento ou a organiza\u00e7\u00e3o da central de atendimento.<\/p>\n<p style=\"text-align: justify;\">Outra novidade no ciclo de monitoramento, explicou nesta quinta-feira o ministro Alexandre Padilha (Sa\u00fade), \u00e9 a inclus\u00e3o, a partir de agora, de outros crit\u00e9rios na composi\u00e7\u00e3o do indicador, como a negativa de atendimento, a cobran\u00e7a de car\u00eancias indevidas e a n\u00e3o-oferta dos procedimentos m\u00ednimos obrigat\u00f3rios.<\/p>\n<p style=\"text-align: justify;\">Um termo de compromisso entre governo e empresas ser\u00e1 assinado, tamb\u00e9m, com 13 operadoras.<\/p>\n","protected":false},"excerpt":{"rendered":"<p>&nbsp; O Minist\u00e9rio da Sa\u00fade anunciou nesta quinta-feira a suspens\u00e3o da comercializa\u00e7\u00e3o de 225 planos de sa\u00fade de 24 operadoras pelo descumprimento nos prazos de atendimento de consultas, procedimento e cirurgias. Outras quatro operadoras ainda ter\u00e3o a suspens\u00e3o de suas carteiras completas &#8211;n\u00e3o foi passado o n\u00famero exato de planos comercializados por elas. Veja a [&hellip;]<\/p>\n","protected":false},"author":1,"featured_media":43080,"comment_status":"closed","ping_status":"closed","sticky":false,"template":"","format":"standard","meta":{"footnotes":""},"categories":[15,310],"tags":[],"class_list":{"0":"post-43078","1":"post","2":"type-post","3":"status-publish","4":"format-standard","5":"has-post-thumbnail","7":"category-destaques","8":"category-destaques-da-semana"},"_links":{"self":[{"href":"https:\/\/senoticias.com.br\/se\/wp-json\/wp\/v2\/posts\/43078"}],"collection":[{"href":"https:\/\/senoticias.com.br\/se\/wp-json\/wp\/v2\/posts"}],"about":[{"href":"https:\/\/senoticias.com.br\/se\/wp-json\/wp\/v2\/types\/post"}],"author":[{"embeddable":true,"href":"https:\/\/senoticias.com.br\/se\/wp-json\/wp\/v2\/users\/1"}],"replies":[{"embeddable":true,"href":"https:\/\/senoticias.com.br\/se\/wp-json\/wp\/v2\/comments?post=43078"}],"version-history":[{"count":0,"href":"https:\/\/senoticias.com.br\/se\/wp-json\/wp\/v2\/posts\/43078\/revisions"}],"wp:featuredmedia":[{"embeddable":true,"href":"https:\/\/senoticias.com.br\/se\/wp-json\/wp\/v2\/media\/43080"}],"wp:attachment":[{"href":"https:\/\/senoticias.com.br\/se\/wp-json\/wp\/v2\/media?parent=43078"}],"wp:term":[{"taxonomy":"category","embeddable":true,"href":"https:\/\/senoticias.com.br\/se\/wp-json\/wp\/v2\/categories?post=43078"},{"taxonomy":"post_tag","embeddable":true,"href":"https:\/\/senoticias.com.br\/se\/wp-json\/wp\/v2\/tags?post=43078"}],"curies":[{"name":"wp","href":"https:\/\/api.w.org\/{rel}","templated":true}]}}