{"id":43071,"date":"2013-01-10T14:44:49","date_gmt":"2013-01-10T17:44:49","guid":{"rendered":"http:\/\/senoticias.com.br\/se\/?p=43071"},"modified":"2013-01-11T17:31:58","modified_gmt":"2013-01-11T20:31:58","slug":"eduardo-amorim-coloca-gabinete-em-brasilia-a-disposicao-dos-prefeitos","status":"publish","type":"post","link":"https:\/\/senoticias.com.br\/se\/eduardo-amorim-coloca-gabinete-em-brasilia-a-disposicao-dos-prefeitos\/","title":{"rendered":"Eduardo Amorim coloca gabinete em Bras\u00edlia a disposi\u00e7\u00e3o dos prefeitos"},"content":{"rendered":"<p>&nbsp;<\/p>\n<div id=\"attachment_39074\" style=\"width: 310px\" class=\"wp-caption alignleft\"><a href=\"http:\/\/senoticias.com.br\/se\/wp-content\/uploads\/2012\/08\/20120828_02505mm.jpg\"><img loading=\"lazy\" decoding=\"async\" aria-describedby=\"caption-attachment-39074\" class=\"size-medium wp-image-39074\" title=\" Senador Eduardo Amorim. (PSC-SE)\" src=\"http:\/\/senoticias.com.br\/se\/wp-content\/uploads\/2012\/08\/20120828_02505mm-300x208.jpg\" alt=\"\" width=\"300\" height=\"208\" srcset=\"https:\/\/senoticias.com.br\/se\/wp-content\/uploads\/2012\/08\/20120828_02505mm-300x208.jpg 300w, https:\/\/senoticias.com.br\/se\/wp-content\/uploads\/2012\/08\/20120828_02505mm-342x237.jpg 342w, https:\/\/senoticias.com.br\/se\/wp-content\/uploads\/2012\/08\/20120828_02505mm.jpg 759w\" sizes=\"(max-width: 300px) 100vw, 300px\" \/><\/a><p id=\"caption-attachment-39074\" class=\"wp-caption-text\">Senador Eduardo Amorim. (Foto: Assessoria de Comunica\u00e7\u00e3o)<\/p><\/div>\n<p style=\"text-align: justify;\">O senador Eduardo Amorim (PSC-SE) manifestou seu apoio aos novos prefeitos, que nesse primeiro momento ter\u00e3o os desafios postos para colocar a m\u00e1quina administrativa em pleno funcionamento. Com um grande apre\u00e7o pelas realiza\u00e7\u00f5es que possam melhorar as cidades, Eduardo Amorim coloca seu gabinete em Bras\u00edlia a disposi\u00e7\u00e3o dos gestores.<\/p>\n<p style=\"text-align: justify;\">Para ele os projetos nascem nas comunidades, nos bairros; j\u00e1 no Distrito Federal os prefeitos devem participar de reuni\u00f5es e buscarem as libera\u00e7\u00f5es das emendas. \u201cNosso gabinete \u00e9 a porta de entrada dos sergipanos e nesse novo ano vamos continuar recebendo bem\u201d, disse Amorim.<\/p>\n<p style=\"text-align: justify;\">Segundo o senador a equipe do seu gabinete em Bras\u00edlia \u00e9 totalmente capacitada para atender os pleitos de Sergipe independente de op\u00e7\u00f5es partid\u00e1rias. \u201cN\u00e3o estamos na pol\u00edtica para favorecer um ou outro munic\u00edpio, nosso prop\u00f3sito \u00e9 com os 75 munic\u00edpios e assim fazemos\u201d, informou Eduardo Amorim ao explicar que mais de 90% das cidades sergipanas j\u00e1 foram beneficiadas.<\/p>\n<p style=\"text-align: justify;\">O prefeito de Boquim Jean Carlos Nascimento (PSD) esteve em Bras\u00edlia e gostou do tratamento \u201cVamos fazer parceria com o senador, para que ele possa enviar emendas para nosso munic\u00edpio. Nossos projetos foram bem acolhidos\u201d, disse o prefeito.<\/p>\n<p style=\"text-align: justify;\">Para o prefeito de Capela, Ezequiel Leite (PR), o parlamentar ter\u00e1 um papel fundamental para amenizar o sofrimento do povo capelense, segundo ele 62% da popula\u00e7\u00e3o \u00e9 carente e o desafio para diminuir esse \u00edndice depender\u00e1 de recursos federais. \u201cTemos 25 povoados sem \u00e1gua encanada, uma das maiores cidades de Sergipe e n\u00e3o tem um mercado municipal, temos uma popula\u00e7\u00e3o com 32 mil habitantes, temos uma festa grande no S\u00e3o Pedro e n\u00e3o temos uma rodovi\u00e1ria\u201d, mostrou Ezequiel ao completar ainda \u201ca educa\u00e7\u00e3o est\u00e1 um caos com 35 escolas precisando de reforma\u201d.<\/p>\n<p style=\"text-align: justify;\">O ex-prefeito de Est\u00e2ncia Ivan Leite conheceu o funcionamento do gabinete e para ele sempre que precisou do senador, em Bras\u00edlia, contou a parceria. \u201cMuito boa vontade, inclusive colocando algumas emendas para o nosso munic\u00edpio e tenho certeza que ele continuar\u00e1 ajudando a Est\u00e2ncia com o novo prefeito, porque o povo precisa e quer o apoio de pessoas de boa vontade\u201d, completou Ivan Leite.<\/p>\n<p style=\"text-align: justify;\">\u201cO senador Eduardo Amorim vem nos orgulhando a cada dia que passa com emendas, com participa\u00e7\u00e3o efetiva e tem se destacado entre os senadores do pa\u00eds\u201d, disse Albino Tavares, prefeito de Porto da Folha, que falou ainda \u201cTenho Eduardo Amorim como aliado e uma pessoa que pode nos ajudar nos munic\u00edpios de forma concreta. Quem ganha \u00e9 o povo\u201d.<\/p>\n<p style=\"text-align: justify;\"><em><strong>Assessoria de Comunica\u00e7\u00e3o<\/strong><\/em><\/p>\n","protected":false},"excerpt":{"rendered":"<p>&nbsp; O senador Eduardo Amorim (PSC-SE) manifestou seu apoio aos novos prefeitos, que nesse primeiro momento ter\u00e3o os desafios postos para colocar a m\u00e1quina administrativa em pleno funcionamento. Com um grande apre\u00e7o pelas realiza\u00e7\u00f5es que possam melhorar as cidades, Eduardo Amorim coloca seu gabinete em Bras\u00edlia a disposi\u00e7\u00e3o dos gestores. Para ele os projetos nascem [&hellip;]<\/p>\n","protected":false},"author":1,"featured_media":39074,"comment_status":"closed","ping_status":"closed","sticky":false,"template":"","format":"standard","meta":{"footnotes":""},"categories":[6],"tags":[],"class_list":{"0":"post-43071","1":"post","2":"type-post","3":"status-publish","4":"format-standard","5":"has-post-thumbnail","7":"category-politica"},"_links":{"self":[{"href":"https:\/\/senoticias.com.br\/se\/wp-json\/wp\/v2\/posts\/43071"}],"collection":[{"href":"https:\/\/senoticias.com.br\/se\/wp-json\/wp\/v2\/posts"}],"about":[{"href":"https:\/\/senoticias.com.br\/se\/wp-json\/wp\/v2\/types\/post"}],"author":[{"embeddable":true,"href":"https:\/\/senoticias.com.br\/se\/wp-json\/wp\/v2\/users\/1"}],"replies":[{"embeddable":true,"href":"https:\/\/senoticias.com.br\/se\/wp-json\/wp\/v2\/comments?post=43071"}],"version-history":[{"count":0,"href":"https:\/\/senoticias.com.br\/se\/wp-json\/wp\/v2\/posts\/43071\/revisions"}],"wp:featuredmedia":[{"embeddable":true,"href":"https:\/\/senoticias.com.br\/se\/wp-json\/wp\/v2\/media\/39074"}],"wp:attachment":[{"href":"https:\/\/senoticias.com.br\/se\/wp-json\/wp\/v2\/media?parent=43071"}],"wp:term":[{"taxonomy":"category","embeddable":true,"href":"https:\/\/senoticias.com.br\/se\/wp-json\/wp\/v2\/categories?post=43071"},{"taxonomy":"post_tag","embeddable":true,"href":"https:\/\/senoticias.com.br\/se\/wp-json\/wp\/v2\/tags?post=43071"}],"curies":[{"name":"wp","href":"https:\/\/api.w.org\/{rel}","templated":true}]}}