{"id":43069,"date":"2013-01-10T14:39:03","date_gmt":"2013-01-10T17:39:03","guid":{"rendered":"http:\/\/senoticias.com.br\/se\/?p=43069"},"modified":"2013-01-10T14:42:26","modified_gmt":"2013-01-10T17:42:26","slug":"sem-condicoes-de-trabalho-fernandinho-decreta-emergencia-em-muribeca","status":"publish","type":"post","link":"https:\/\/senoticias.com.br\/se\/sem-condicoes-de-trabalho-fernandinho-decreta-emergencia-em-muribeca\/","title":{"rendered":"Sem condi\u00e7\u00f5es de trabalho, Fernandinho decreta emerg\u00eancia em Muribeca"},"content":{"rendered":"<p>&nbsp;<\/p>\n<div id=\"attachment_43070\" style=\"width: 220px\" class=\"wp-caption alignleft\"><a href=\"http:\/\/senoticias.com.br\/se\/wp-content\/uploads\/2013\/01\/largura210px_supremoimagesmodulosnoticiasm_p17eof6fmd1p19121spghs5nj3c4jpg.jpg\"><img loading=\"lazy\" decoding=\"async\" aria-describedby=\"caption-attachment-43070\" class=\"size-full wp-image-43070\" title=\"largura210px_supremoimagesmodulosnoticiasm_p17eof6fmd1p19121spghs5nj3c4jpg\" src=\"http:\/\/senoticias.com.br\/se\/wp-content\/uploads\/2013\/01\/largura210px_supremoimagesmodulosnoticiasm_p17eof6fmd1p19121spghs5nj3c4jpg.jpg\" alt=\"\" width=\"210\" height=\"139\" \/><\/a><p id=\"caption-attachment-43070\" class=\"wp-caption-text\">Prefeito e vice-prefeito de Muribeca . (Foto: Reprodu\u00e7\u00e3o)<\/p><\/div>\n<p style=\"text-align: justify;\">Sal\u00e1rio dos servidores em atraso, ve\u00edculos sucateados, postos de sa\u00fade sem medica\u00e7\u00e3o e escolas destru\u00eddas. Essa \u00e9 apenas uma amostra do que o novo prefeito de Muribeca, Fernandinho Franco (PDT) encontrou no munic\u00edpio ao assumir a Prefeitura no \u00faltimo dia 1o.<br \/>\nPor conta do quadro calamitoso, ele decidiu decretar emerg\u00eancia por 90 dias, podendo prorrogar por igual per\u00edodo para que possa chamar o feito \u00e0 ordem e organizar a situa\u00e7\u00e3o. \u201cAssumimos o caos. N\u00e3o temos a menor condi\u00e7\u00e3o de fazer nada. Muribeca virou terra arrasada\u201d, lamentou o prefeito.<\/p>\n<p style=\"text-align: justify;\">S\u00f3 a d\u00edvida com servidor, de acordo com Fernandinho Franco, \u00e9 da ordem de R$ 1 milh\u00e3o. \u201cEncontramos os trabalhadores sem receber o sal\u00e1rio de dezembro e sem o d\u00e9cimo terceiro. Isso \u00e9 constrangedor, pois \u00e9 com esse dinheiro que esses pais e m\u00e3es sustentam as suas fam\u00edlias\u201d, observou.<\/p>\n<p style=\"text-align: justify;\">O prefeito, tamb\u00e9m, encontrou os postos de sa\u00fade sem rem\u00e9dios e muitos pacientes enfrentando dificuldades para ter atendimento. \u201cSe conseguia o atendimento, n\u00e3o encontrava medica\u00e7\u00e3o. \u00c0s vezes, n\u00e3o encontrava nada. Ouvimos v\u00e1rios relatos de pessoas que falaram da via-cr\u00facis que enfrentam para ter acesso a m\u00e9dicos e rem\u00e9dios\u201d, contou.<\/p>\n<p style=\"text-align: justify;\">Ao citar o quadro cr\u00edtico encontrado em todos os demais setores, como a precariedade na limpeza p\u00fablica, a destrui\u00e7\u00e3o e abandono das pra\u00e7as, o sucateamento da frota de ve\u00edculos e a depreda\u00e7\u00e3o das escolas, Fernandinho Franco pediu paci\u00eancia \u00e0 toda a popula\u00e7\u00e3o de Muribeca at\u00e9 que a ordem seja restabelecida no munic\u00edpio. \u201cPrecisamos de um tempo para reconstruir Muribeca. E vou precisar do apoio e da compreens\u00e3o da comunidade\u201d, disse, ressaltando que o seu compromisso de resgatar o orgulho dos muribequenses continua valendo.<\/p>\n<p style=\"text-align: justify;\"><em><strong>SeT Comunica\u00e7\u00e3o Estrat\u00e9gica<\/strong><\/em><\/p>\n","protected":false},"excerpt":{"rendered":"<p>&nbsp; Sal\u00e1rio dos servidores em atraso, ve\u00edculos sucateados, postos de sa\u00fade sem medica\u00e7\u00e3o e escolas destru\u00eddas. Essa \u00e9 apenas uma amostra do que o novo prefeito de Muribeca, Fernandinho Franco (PDT) encontrou no munic\u00edpio ao assumir a Prefeitura no \u00faltimo dia 1o. Por conta do quadro calamitoso, ele decidiu decretar emerg\u00eancia por 90 dias, podendo [&hellip;]<\/p>\n","protected":false},"author":1,"featured_media":43070,"comment_status":"closed","ping_status":"closed","sticky":false,"template":"","format":"standard","meta":{"footnotes":""},"categories":[6,1],"tags":[],"class_list":{"0":"post-43069","1":"post","2":"type-post","3":"status-publish","4":"format-standard","5":"has-post-thumbnail","7":"category-politica","8":"category-sem-categoria"},"_links":{"self":[{"href":"https:\/\/senoticias.com.br\/se\/wp-json\/wp\/v2\/posts\/43069"}],"collection":[{"href":"https:\/\/senoticias.com.br\/se\/wp-json\/wp\/v2\/posts"}],"about":[{"href":"https:\/\/senoticias.com.br\/se\/wp-json\/wp\/v2\/types\/post"}],"author":[{"embeddable":true,"href":"https:\/\/senoticias.com.br\/se\/wp-json\/wp\/v2\/users\/1"}],"replies":[{"embeddable":true,"href":"https:\/\/senoticias.com.br\/se\/wp-json\/wp\/v2\/comments?post=43069"}],"version-history":[{"count":0,"href":"https:\/\/senoticias.com.br\/se\/wp-json\/wp\/v2\/posts\/43069\/revisions"}],"wp:featuredmedia":[{"embeddable":true,"href":"https:\/\/senoticias.com.br\/se\/wp-json\/wp\/v2\/media\/43070"}],"wp:attachment":[{"href":"https:\/\/senoticias.com.br\/se\/wp-json\/wp\/v2\/media?parent=43069"}],"wp:term":[{"taxonomy":"category","embeddable":true,"href":"https:\/\/senoticias.com.br\/se\/wp-json\/wp\/v2\/categories?post=43069"},{"taxonomy":"post_tag","embeddable":true,"href":"https:\/\/senoticias.com.br\/se\/wp-json\/wp\/v2\/tags?post=43069"}],"curies":[{"name":"wp","href":"https:\/\/api.w.org\/{rel}","templated":true}]}}