{"id":42669,"date":"2012-12-28T15:30:02","date_gmt":"2012-12-28T18:30:02","guid":{"rendered":"http:\/\/senoticias.com.br\/se\/?p=42669"},"modified":"2012-12-29T20:05:08","modified_gmt":"2012-12-29T23:05:08","slug":"com-media-21-governo-deda-e-reprovado-na-educacao-em-2012","status":"publish","type":"post","link":"https:\/\/senoticias.com.br\/se\/com-media-21-governo-deda-e-reprovado-na-educacao-em-2012\/","title":{"rendered":"Com m\u00e9dia 2,1, governo D\u00e9da \u00e9 reprovado na educa\u00e7\u00e3o em 2012"},"content":{"rendered":"<p>&nbsp;<\/p>\n<p style=\"text-align: justify;\"><span style=\"color: #333333;\"><strong>No interior, pior nota \u00e9 a de Aquidab\u00e3, cuja pol\u00edtica de educa\u00e7\u00e3o recebeu nota 0,1. S\u00e3o Francisco teve a melhor m\u00e9dia: 7,5<\/strong><\/span><\/p>\n<p style=\"text-align: justify;\"><a href=\"http:\/\/senoticias.com.br\/se\/wp-content\/uploads\/2012\/12\/CAPAfotos-198.jpg\"><img loading=\"lazy\" decoding=\"async\" class=\"alignleft size-medium wp-image-42671\" title=\"CAPAfotos (198)\" src=\"http:\/\/senoticias.com.br\/se\/wp-content\/uploads\/2012\/12\/CAPAfotos-198-300x199.jpg\" alt=\"\" width=\"300\" height=\"199\" srcset=\"https:\/\/senoticias.com.br\/se\/wp-content\/uploads\/2012\/12\/CAPAfotos-198-300x199.jpg 300w, https:\/\/senoticias.com.br\/se\/wp-content\/uploads\/2012\/12\/CAPAfotos-198-342x227.jpg 342w, https:\/\/senoticias.com.br\/se\/wp-content\/uploads\/2012\/12\/CAPAfotos-198.jpg 410w\" sizes=\"(max-width: 300px) 100vw, 300px\" \/><\/a>Os professores da rede estadual de ensino reprovaram a pol\u00edtica de educa\u00e7\u00e3o do governo Marcelo D\u00e9da em 2012. De zero a 10, na m\u00e9dia, o magist\u00e9rio estadual deu nota 2,1 \u00e0 pol\u00edtica educacional do governo estadual, a mais baixa ao longo dos seis anos de D\u00e9da como governador. A Regi\u00e3o Centro-Sul foi onde o governo teve melhor avalia\u00e7\u00e3o: 4,7. J\u00e1 na Regi\u00e3o de Aracaju, o governo D\u00e9da, no quesito educa\u00e7\u00e3o, teve o pior desempenho: nota 1,3.<\/p>\n<p style=\"text-align: justify;\"><a href=\"  http:\/\/www.sintese-se.com.br\/index.php?option=com_content&amp;view=article&amp;id=5025:com-media-21-governo-deda-e-reprovado-na-educacao-em-2012&amp;catid=1:rede-estadual&amp;Itemid=2 \" target=\"_blank\">VEJA AQUI TODAS AS NOTAS<\/a><\/p>\n<p style=\"text-align: justify;\">No ano passado, primeiro ano do segundo governo de Marcelo D\u00e9da, a avalia\u00e7\u00e3o dos professores em rela\u00e7\u00e3o \u00e0 pol\u00edtica educacional do Estado foi um pouco melhor. O Governo D\u00e9da recebeu, em 2011, m\u00e9dia 3,0 na educa\u00e7\u00e3o. J\u00e1 a m\u00e9dia do seu primeiro governo (2007 a 2010) foi de 4,2.<\/p>\n<p style=\"text-align: justify;\">\u201cN\u00e3o resta d\u00favida que a pol\u00edtica de educa\u00e7\u00e3o implementada pelo governo do estado \u00e9 um fracasso. Quem est\u00e1 dizendo isso s\u00e3o os professores, que vivenciam no ch\u00e3o da escola todos os problemas advindos da falta de uma pol\u00edtica de Estado transformadora na educa\u00e7\u00e3o. Faltam compromisso e vontade pol\u00edtica para mudar a realidade da educa\u00e7\u00e3o sergipana, como tamb\u00e9m tem faltado uma pol\u00edtica de valoriza\u00e7\u00e3o do magist\u00e9rio e respeito a esta categoria. A resposta est\u00e1 a\u00ed, com a nota 2,1 dada pelos professores, a mais baixa deste governo deste 2007. Que o governo receba como uma cr\u00edtica construtiva e trabalhe muito mais para mudar a realidade da nossa educa\u00e7\u00e3o\u201d, afirmou Angela Melo, presidenta do SINTESE.<\/p>\n<p style=\"text-align: justify;\"><strong>Redes municipais<\/strong><\/p>\n<p style=\"text-align: justify;\">Entre as redes municipais, a melhor nota de 2012, na avalia\u00e7\u00e3o dos professores em seus munic\u00edpios, foi dada \u00e0 administra\u00e7\u00e3o de S\u00e3o Francisco, regi\u00e3o do Baixo S\u00e3o Francisco. A pol\u00edtica educacional implementada pelo prefeito Ailton Nascimento (PDT) recebeu m\u00e9dia 7,5. Em 2011, o mesmo munic\u00edpio recebeu dos seus professores a m\u00e9dia 3,8.<\/p>\n<p style=\"text-align: justify;\">O munic\u00edpio com a pior avalia\u00e7\u00e3o da pol\u00edtica educacional em todo o estado foi Aquidab\u00e3, tamb\u00e9m no Baixo S\u00e3o Francisco. A administra\u00e7\u00e3o do prefeito Marcos da Acau\u00e3 (PR) por muito pouco n\u00e3o recebeu nota zero, ficando com a m\u00e9dia 0,1. No ano passado, os professores deram 3,6 para a pol\u00edtica de educa\u00e7\u00e3o implementada pelo prefeito do PR.<\/p>\n<p style=\"text-align: justify;\"><strong>Sobre a prova<\/strong><\/p>\n<p style=\"text-align: justify;\">A Prova Final da Educa\u00e7\u00e3o busca avaliar o n\u00edvel educacional das redes estadual e municipais atrav\u00e9s de um question\u00e1rio, respondido pelos professores da rede, que aborda as vari\u00e1veis presentes no processo de ensino e aprendizado, sob temas como: Valoriza\u00e7\u00e3o profissional; Gest\u00e3o Democr\u00e1tica; Garantia de Direitos do Plano de Carreira e Estatuto; Condi\u00e7\u00f5es de Trabalho; Pol\u00edtica Educacional e Qualidade Social do ensino s\u00e3o debatidos e avaliados pelo magist\u00e9rio sergipano.<\/p>\n<p style=\"text-align: justify;\">Desde 2004 os professores das redes estadual e municipais utilizam os momentos finais do ano corrente para apresentar para a sociedade os resultados da \u201cProva Final da Educa\u00e7\u00e3o P\u00fablica\u201d.<\/p>\n<p style=\"text-align: justify;\"><strong>Assessoria de Comunica\u00e7\u00e3o Sindical<\/strong><\/p>\n","protected":false},"excerpt":{"rendered":"<p>&nbsp; No interior, pior nota \u00e9 a de Aquidab\u00e3, cuja pol\u00edtica de educa\u00e7\u00e3o recebeu nota 0,1. S\u00e3o Francisco teve a melhor m\u00e9dia: 7,5 Os professores da rede estadual de ensino reprovaram a pol\u00edtica de educa\u00e7\u00e3o do governo Marcelo D\u00e9da em 2012. De zero a 10, na m\u00e9dia, o magist\u00e9rio estadual deu nota 2,1 \u00e0 pol\u00edtica [&hellip;]<\/p>\n","protected":false},"author":1,"featured_media":42671,"comment_status":"closed","ping_status":"closed","sticky":false,"template":"","format":"standard","meta":{"footnotes":""},"categories":[310],"tags":[],"class_list":{"0":"post-42669","1":"post","2":"type-post","3":"status-publish","4":"format-standard","5":"has-post-thumbnail","7":"category-destaques-da-semana"},"_links":{"self":[{"href":"https:\/\/senoticias.com.br\/se\/wp-json\/wp\/v2\/posts\/42669"}],"collection":[{"href":"https:\/\/senoticias.com.br\/se\/wp-json\/wp\/v2\/posts"}],"about":[{"href":"https:\/\/senoticias.com.br\/se\/wp-json\/wp\/v2\/types\/post"}],"author":[{"embeddable":true,"href":"https:\/\/senoticias.com.br\/se\/wp-json\/wp\/v2\/users\/1"}],"replies":[{"embeddable":true,"href":"https:\/\/senoticias.com.br\/se\/wp-json\/wp\/v2\/comments?post=42669"}],"version-history":[{"count":0,"href":"https:\/\/senoticias.com.br\/se\/wp-json\/wp\/v2\/posts\/42669\/revisions"}],"wp:featuredmedia":[{"embeddable":true,"href":"https:\/\/senoticias.com.br\/se\/wp-json\/wp\/v2\/media\/42671"}],"wp:attachment":[{"href":"https:\/\/senoticias.com.br\/se\/wp-json\/wp\/v2\/media?parent=42669"}],"wp:term":[{"taxonomy":"category","embeddable":true,"href":"https:\/\/senoticias.com.br\/se\/wp-json\/wp\/v2\/categories?post=42669"},{"taxonomy":"post_tag","embeddable":true,"href":"https:\/\/senoticias.com.br\/se\/wp-json\/wp\/v2\/tags?post=42669"}],"curies":[{"name":"wp","href":"https:\/\/api.w.org\/{rel}","templated":true}]}}