{"id":42663,"date":"2012-12-28T11:47:15","date_gmt":"2012-12-28T14:47:15","guid":{"rendered":"http:\/\/senoticias.com.br\/se\/?p=42663"},"modified":"2012-12-29T13:26:07","modified_gmt":"2012-12-29T16:26:07","slug":"caminhoneiro-morre-apos-capotamento-em-estancia","status":"publish","type":"post","link":"https:\/\/senoticias.com.br\/se\/caminhoneiro-morre-apos-capotamento-em-estancia\/","title":{"rendered":"Caminhoneiro morre ap\u00f3s capotamento em Est\u00e2ncia"},"content":{"rendered":"<p><span style=\"color: #333333;\"><strong>\u00a0Por Pisca J\u00fanior &#8211; Di\u00e1rio Sergipano<\/strong><\/span><\/p>\n<div id=\"attachment_42665\" style=\"width: 278px\" class=\"wp-caption alignleft\"><a href=\"http:\/\/senoticias.com.br\/se\/wp-content\/uploads\/2012\/12\/acidente_cimento_fatal.jpg\"><img loading=\"lazy\" decoding=\"async\" aria-describedby=\"caption-attachment-42665\" class=\"size-medium wp-image-42665\" title=\"acidente_cimento_fatal\" src=\"http:\/\/senoticias.com.br\/se\/wp-content\/uploads\/2012\/12\/acidente_cimento_fatal-268x300.jpg\" alt=\"\" width=\"268\" height=\"300\" srcset=\"https:\/\/senoticias.com.br\/se\/wp-content\/uploads\/2012\/12\/acidente_cimento_fatal-268x300.jpg 268w, https:\/\/senoticias.com.br\/se\/wp-content\/uploads\/2012\/12\/acidente_cimento_fatal-342x381.jpg 342w, https:\/\/senoticias.com.br\/se\/wp-content\/uploads\/2012\/12\/acidente_cimento_fatal.jpg 772w\" sizes=\"(max-width: 268px) 100vw, 268px\" \/><\/a><p id=\"caption-attachment-42665\" class=\"wp-caption-text\">O acidente foi registrado na BR 101, nas imedia\u00e7\u00f5es do Povoado Calumbi. (Foto: Pisca J\u00fanior)<\/p><\/div>\n<p style=\"text-align: justify;\">Por volta das 6h desta sexta feira, 28, mais um grave acidente foi registrado na BR 101, nas imedia\u00e7\u00f5es do Povoado Calumbi. Mais uma vez, o fato envolveu caminh\u00e3o carregado de cimento e desta feita, o motorista n\u00e3o teve a mesma sorte e acabou falecendo no local.<\/p>\n<p style=\"text-align: justify;\">Segundo as informa\u00e7\u00f5es colhidas no local do acidente, o senhor Edgar da Silva Mascarenhas, 56, perdeu o controle do seu ve\u00edculo, um caminh\u00e3o de cor verde e placa policial JOK 4034 de Feira de Santana, Bahia, e acabou saindo da pista, batendo no guardrail e capotando o ve\u00edculo por aproximadamente oitenta metros, ficando com os dez pneus para cima e preso as ferragens, juntamente com o seu filho, o jovem Marconi Pereira Mascarenhas, 27.<\/p>\n<p style=\"text-align: justify;\">Ap\u00f3s o acidente, tr\u00eas viaturas do SAMU, duas PRF e uma viatura do Corpo de Bombeiros se deslocaram at\u00e9 o local para fazer os atendimentos \u00e0s v\u00edtimas.<\/p>\n<p style=\"text-align: justify;\">Depois de muito trabalho e fazendo uso de um desencarcerador (macaco hidr\u00e1ulico), os bombeiros conseguiram cortar algumas partes do caminh\u00e3o e retiraram com vida o jovem Marconi que estava de acompanhante do seu pai. Ap\u00f3s ser socorrido, o jovem esbo\u00e7ou um certo sorriso e al\u00edvio e agradeceu aos militares e profissionais do SAMU pelo atendimento. \u201cMuito Obrigado\u201d, dizia o jovem.<\/p>\n<p style=\"text-align: justify;\">Ap\u00f3s cair em si e perceber que o seu pai estava morto, Marconi come\u00e7ou a chorar na viatura do SAMU e ao telefone, falou com um familiar em Feira de Santana. \u201cM\u00e1rcio, eu estou bem, mas painho eu acho que morreu, pois eu estava embaixo do corpo dele\u201d, desabafou chorando o filho da v\u00edtima fatal.<\/p>\n<p style=\"text-align: justify;\">Segundo Marconi, antes do acidente ele estava dormindo e s\u00f3 se lembra dos momentos em que seu pai o alertou sobre o acidente.<\/p>\n<p style=\"text-align: justify;\">\u201cMarconi, segure, segure,\u201d, disse Edgar ao jovem. Marconi afirmou que o carro tombou de um lado para o outro e quando ele percebeu j\u00e1 estava preso as ferragens. O jovem teve alguns ferimentos pelo corpo e aparentemente estava bem.<\/p>\n<p style=\"text-align: justify;\">Ap\u00f3s o acidente, muitos curiosos e pessoas a espera de conseguir saquear a carga se aglomeraram no local, inclusive parando seus ve\u00edculos \u00e0s margens da rodovia e cometendo uma infra\u00e7\u00e3o de tr\u00e2nsito. Atentos \u00e0s infra\u00e7\u00f5es, os policiais rodovi\u00e1rios autuaram diversos condutores que desrespeitaram o que diz o CTB, C\u00f3digo de Tr\u00e2nsito Brasileiro.<\/p>\n<p style=\"text-align: justify;\">Ap\u00f3s o resgate das v\u00edtima, os militares do 2\u00ba GBMSE molharam todo o caminh\u00e3o para evitar riscos de explos\u00e3o, pois estava vazando muito combust\u00edvel. Pelo Corpo de Bombeiros trabalharam os militares: Tenente Valmir, Sargentos Ronaldo, Wessel, Dami\u00e3o, J. Mendon\u00e7a, Santos e o soldado Marina.<\/p>\n<p style=\"text-align: justify;\"><em><strong>Por Pisca J\u00fanior &#8211; Di\u00e1rio Sergipano<\/strong><\/em><\/p>\n","protected":false},"excerpt":{"rendered":"<p>\u00a0Por Pisca J\u00fanior &#8211; Di\u00e1rio Sergipano Por volta das 6h desta sexta feira, 28, mais um grave acidente foi registrado na BR 101, nas imedia\u00e7\u00f5es do Povoado Calumbi. Mais uma vez, o fato envolveu caminh\u00e3o carregado de cimento e desta feita, o motorista n\u00e3o teve a mesma sorte e acabou falecendo no local. Segundo as [&hellip;]<\/p>\n","protected":false},"author":1,"featured_media":42665,"comment_status":"closed","ping_status":"closed","sticky":false,"template":"","format":"standard","meta":{"footnotes":""},"categories":[7],"tags":[],"class_list":{"0":"post-42663","1":"post","2":"type-post","3":"status-publish","4":"format-standard","5":"has-post-thumbnail","7":"category-policia"},"_links":{"self":[{"href":"https:\/\/senoticias.com.br\/se\/wp-json\/wp\/v2\/posts\/42663"}],"collection":[{"href":"https:\/\/senoticias.com.br\/se\/wp-json\/wp\/v2\/posts"}],"about":[{"href":"https:\/\/senoticias.com.br\/se\/wp-json\/wp\/v2\/types\/post"}],"author":[{"embeddable":true,"href":"https:\/\/senoticias.com.br\/se\/wp-json\/wp\/v2\/users\/1"}],"replies":[{"embeddable":true,"href":"https:\/\/senoticias.com.br\/se\/wp-json\/wp\/v2\/comments?post=42663"}],"version-history":[{"count":0,"href":"https:\/\/senoticias.com.br\/se\/wp-json\/wp\/v2\/posts\/42663\/revisions"}],"wp:featuredmedia":[{"embeddable":true,"href":"https:\/\/senoticias.com.br\/se\/wp-json\/wp\/v2\/media\/42665"}],"wp:attachment":[{"href":"https:\/\/senoticias.com.br\/se\/wp-json\/wp\/v2\/media?parent=42663"}],"wp:term":[{"taxonomy":"category","embeddable":true,"href":"https:\/\/senoticias.com.br\/se\/wp-json\/wp\/v2\/categories?post=42663"},{"taxonomy":"post_tag","embeddable":true,"href":"https:\/\/senoticias.com.br\/se\/wp-json\/wp\/v2\/tags?post=42663"}],"curies":[{"name":"wp","href":"https:\/\/api.w.org\/{rel}","templated":true}]}}