{"id":42660,"date":"2012-12-28T10:50:13","date_gmt":"2012-12-28T13:50:13","guid":{"rendered":"http:\/\/senoticias.com.br\/se\/?p=42660"},"modified":"2012-12-29T23:59:02","modified_gmt":"2012-12-30T02:59:02","slug":"conheca-o-primeiro-escalao-do-prefeito-eleito-joao-alves","status":"publish","type":"post","link":"https:\/\/senoticias.com.br\/se\/conheca-o-primeiro-escalao-do-prefeito-eleito-joao-alves\/","title":{"rendered":"Conhe\u00e7a  o primeiro escal\u00e3o do prefeito eleito Jo\u00e3o Alves"},"content":{"rendered":"<h5><strong><a href=\"  http:\/\/universopolitico.com.br\/exibir.php?noticia=15731&amp;u=joao-escala-georlize-teles-gorete-reis-nilson-lima-e-cria-quatro-\" target=\"_blank\">Raissa Cruz &#8211; Universo Pol\u00edtico<\/a><\/strong><\/h5>\n<div id=\"attachment_40065\" style=\"width: 269px\" class=\"wp-caption alignleft\"><a href=\"http:\/\/senoticias.com.br\/se\/wp-content\/uploads\/2012\/10\/Jo\u00e3o-Alves.jpg\"><img loading=\"lazy\" decoding=\"async\" aria-describedby=\"caption-attachment-40065\" class=\"size-full wp-image-40065\" title=\"Jo\u00e3o Alves\" src=\"http:\/\/senoticias.com.br\/se\/wp-content\/uploads\/2012\/10\/Jo\u00e3o-Alves.jpg\" alt=\"\" width=\"259\" height=\"194\" srcset=\"https:\/\/senoticias.com.br\/se\/wp-content\/uploads\/2012\/10\/Jo\u00e3o-Alves.jpg 259w, https:\/\/senoticias.com.br\/se\/wp-content\/uploads\/2012\/10\/Jo\u00e3o-Alves-60x45.jpg 60w, https:\/\/senoticias.com.br\/se\/wp-content\/uploads\/2012\/10\/Jo\u00e3o-Alves-150x113.jpg 150w\" sizes=\"(max-width: 259px) 100vw, 259px\" \/><\/a><p id=\"caption-attachment-40065\" class=\"wp-caption-text\">Jo\u00e3o Alves, prefeito eleito de Aracaju. (Foto: Reprodu\u00e7\u00e3o)<\/p><\/div>\n<p style=\"text-align: justify;\">O prefeito eleito de Aracaju Jo\u00e3o Alves Filho (DEM) anunciou na manh\u00e3 desta sexta-feira, 28, em coletiva com a imprensa no Qualit Hotel, parte do seu corpo de secretariado. Entre as novidades do seu governo est\u00e3o as secretarias de Desenvolvimento Econ\u00f4mico, de Meio Ambiente, de Infraestrutura e de Ordem Social, que, por sinal, ser\u00e1 assumida pela delegada de pol\u00edcia Georlise Telles de Oliveira. \u201c\u00c9 uma miss\u00e3o nova, que vou assumir com toda disposi\u00e7\u00e3o, e que ser\u00e1 muito importante para Aracaju, j\u00e1 que \u00e9 uma secretaria nova, que junto com a Guarda Municipal pode auxiliar muito de perto a seguran\u00e7a p\u00fablica\u201d, frisou a delegada, sobre a secretaria que vai cuidar da seguran\u00e7a do cidad\u00e3o e do patrim\u00f4nio p\u00fablico da cidade.<\/p>\n<p style=\"text-align: justify;\">No secretariado tamb\u00e9m est\u00e1 a deputada Gorete Reis na Sa\u00fade e o ex-secret\u00e1rio do Governo D\u00e9da, Nilson Lima (PPS), na pasta das Finan\u00e7as. \u201cSabemos j\u00e1 que h\u00e1 problemas nos cofres da prefeitura. H\u00e1 tamb\u00e9m diversas d\u00edvidas, mas a gente vai apressar para a forma\u00e7\u00e3o final do governo Jo\u00e3o, para buscarmos com o governo atual um balan\u00e7o das fina\u00e7as para apresentar a sociedade\u201d, comentou Nilson, que j\u00e1 citou que o novo prefeito pretende enxugar a m\u00e1quina, e por isso far\u00e1 uma an\u00e1lise de cada cargo em comiss\u00e3o existente.<\/p>\n<p style=\"text-align: justify;\"><strong>Confira os nomes anunciados pelo prefeito:<\/strong><\/p>\n<p style=\"text-align: justify;\">*Nova Secretaria de Desenvolvimento Econ\u00f4mico e Turismo &#8211; Valter Carvalho<\/p>\n<p style=\"text-align: justify;\">*Nova Secretaria da Ordem Social \u2013 assume a delegada de pol\u00edcia Georlise Teles de Oliveira. Ela acumula tamb\u00e9m a pasta da Guarda Municipal.<\/p>\n<p style=\"text-align: justify;\">*Nova Secretaria do Meio Ambiente \u2013 promotor de Justi\u00e7a Eduardo Matos, que j\u00e1 se manifestou atrav\u00e9s de artigos duramente contra a transposi\u00e7\u00e3o do Rio S\u00e3o Francisco.<\/p>\n<p style=\"text-align: justify;\">*Nova Secretaria da Infraestrutura &#8211; Luiz Durval<\/p>\n<p style=\"text-align: justify;\">*Secretaria de Sa\u00fade \u2013 a deputada Gorete Reis (DEM), e a sua vaga na Assembleia Legislativa ser\u00e1 ocupada pelo suplente Ant\u00f4nio Passos (DEM).<\/p>\n<p style=\"text-align: justify;\">*Secretaria de A\u00e7\u00e3o Social \u2013 senadora Maria do Carmo (DEM)<\/p>\n<p style=\"text-align: justify;\">*Secretaria de Comunica\u00e7\u00e3o &#8211; Carlos Batalha<\/p>\n<p style=\"text-align: justify;\">*Secretaria de Esporte \u2013 Carlos El\u00f3i<\/p>\n<p style=\"text-align: justify;\">*Secretaria Geral de Governo \u2013 Marlene Calumbi<\/p>\n<p style=\"text-align: justify;\">*Secretaria de Educa\u00e7\u00e3o- Prof M\u00e1rcia Val\u00e9ria, que j\u00e1 assumiu o cargo de chefia na \u00e1rea<\/p>\n<p style=\"text-align: justify;\">*Secretaria de Finan\u00e7as \u2013 Nilson Lima (PPS)<\/p>\n<p style=\"text-align: justify;\">Outras pastas como a da Fundat, Emurb, Emsurb, SMTT, al\u00e9m dos outros escal\u00f5es, devem ser anunciadas na semana que vem. \u201cAt\u00e9 o dia 1\u00ba estaremos com o time todo completo, por hora \u00e9 s\u00f3 uma pr\u00e9via\u201d, disse o prefeito.<\/p>\n<p style=\"text-align: justify;\"><strong>Nitinho secret\u00e1rio<\/strong><\/p>\n<p style=\"text-align: justify;\">Questionado sobre as especula\u00e7\u00f5es de que o vereador Nitinho (DEM) pode assumir alguma secretaria, Jo\u00e3o Alves deixo no ar: \u201cNitinho \u00e9 quem pode se pronunciar sobre a diretriz que ele vai tomar. Ele \u00e9 um grande vereador, ent\u00e3o poder\u00e1 decidir se quer ficar na C\u00e2mara ou se ele quer assumir algo no administrativo. Ele \u00e9 uma pessoal capacitada para ocupar qualquer cargo\u201d, disse ele, afirmando que, no entanto, Nitinho ainda n\u00e3o foi convidado.<\/p>\n<p style=\"text-align: justify;\"><strong>Elei\u00e7\u00e3o da CMA<\/strong><\/p>\n<p style=\"text-align: justify;\">O prefeito eleito aproveitou a oportunidade para sustentar que o DEM escolheu o nome do vereador eleito Vinicius Porto (DEM) para representar o partido com chapa na disputa pela presid\u00eancia da C\u00e2mara Municipal de Aracaju. \u201cO que ficou acertado com todos os partidos do bloco \u00e9 que todo partido que se destaca no Legislativo, com maior n\u00famero de candidatos eleitos, acaba tendo a decis\u00e3o majorit\u00e1ria na escolha da chapa para presid\u00eancia. E isso foi feito\u201d, frisou Jo\u00e3o Alves, no \u00faltimo dia para a inscri\u00e7\u00e3o das chapas que participaram dessa elei\u00e7\u00e3o.<\/p>\n<p style=\"text-align: justify;\">Da reda\u00e7\u00e3o universo Pol\u00edtico.com<\/p>\n","protected":false},"excerpt":{"rendered":"<p>Raissa Cruz &#8211; Universo Pol\u00edtico O prefeito eleito de Aracaju Jo\u00e3o Alves Filho (DEM) anunciou na manh\u00e3 desta sexta-feira, 28, em coletiva com a imprensa no Qualit Hotel, parte do seu corpo de secretariado. Entre as novidades do seu governo est\u00e3o as secretarias de Desenvolvimento Econ\u00f4mico, de Meio Ambiente, de Infraestrutura e de Ordem Social, [&hellip;]<\/p>\n","protected":false},"author":1,"featured_media":40065,"comment_status":"closed","ping_status":"closed","sticky":false,"template":"","format":"standard","meta":{"footnotes":""},"categories":[6],"tags":[],"class_list":{"0":"post-42660","1":"post","2":"type-post","3":"status-publish","4":"format-standard","5":"has-post-thumbnail","7":"category-politica"},"_links":{"self":[{"href":"https:\/\/senoticias.com.br\/se\/wp-json\/wp\/v2\/posts\/42660"}],"collection":[{"href":"https:\/\/senoticias.com.br\/se\/wp-json\/wp\/v2\/posts"}],"about":[{"href":"https:\/\/senoticias.com.br\/se\/wp-json\/wp\/v2\/types\/post"}],"author":[{"embeddable":true,"href":"https:\/\/senoticias.com.br\/se\/wp-json\/wp\/v2\/users\/1"}],"replies":[{"embeddable":true,"href":"https:\/\/senoticias.com.br\/se\/wp-json\/wp\/v2\/comments?post=42660"}],"version-history":[{"count":0,"href":"https:\/\/senoticias.com.br\/se\/wp-json\/wp\/v2\/posts\/42660\/revisions"}],"wp:featuredmedia":[{"embeddable":true,"href":"https:\/\/senoticias.com.br\/se\/wp-json\/wp\/v2\/media\/40065"}],"wp:attachment":[{"href":"https:\/\/senoticias.com.br\/se\/wp-json\/wp\/v2\/media?parent=42660"}],"wp:term":[{"taxonomy":"category","embeddable":true,"href":"https:\/\/senoticias.com.br\/se\/wp-json\/wp\/v2\/categories?post=42660"},{"taxonomy":"post_tag","embeddable":true,"href":"https:\/\/senoticias.com.br\/se\/wp-json\/wp\/v2\/tags?post=42660"}],"curies":[{"name":"wp","href":"https:\/\/api.w.org\/{rel}","templated":true}]}}