{"id":42659,"date":"2012-12-28T15:16:17","date_gmt":"2012-12-28T18:16:17","guid":{"rendered":"http:\/\/senoticias.com.br\/se\/?p=42659"},"modified":"2012-12-28T15:17:52","modified_gmt":"2012-12-28T18:17:52","slug":"jackson-participa-de-inauguracao-de-obras-em-aracaju","status":"publish","type":"post","link":"https:\/\/senoticias.com.br\/se\/jackson-participa-de-inauguracao-de-obras-em-aracaju\/","title":{"rendered":"Jackson participa de inaugura\u00e7\u00e3o de obras em Aracaju"},"content":{"rendered":"<p>&nbsp;<\/p>\n<div id=\"attachment_23550\" style=\"width: 287px\" class=\"wp-caption alignleft\"><a href=\"http:\/\/senoticias.com.br\/se\/wp-content\/uploads\/2012\/01\/Jackson-Barreto.jpg\"><img loading=\"lazy\" decoding=\"async\" aria-describedby=\"caption-attachment-23550\" class=\"size-full wp-image-23550\" title=\"Jackson Barreto\" src=\"http:\/\/senoticias.com.br\/se\/wp-content\/uploads\/2012\/01\/Jackson-Barreto.jpg\" alt=\"\" width=\"277\" height=\"182\" \/><\/a><p id=\"caption-attachment-23550\" class=\"wp-caption-text\">Jackson Barreto.(Foto: Divulga\u00e7\u00e3o)<\/p><\/div>\n<p style=\"text-align: justify;\">Neste s\u00e1bado, 29, a partir das 9h, o vice-governador Jackson Barreto, representando o governador Marcelo D\u00e9da, participa da inaugura\u00e7\u00e3o das obras de pavimenta\u00e7\u00e3o e drenagem nos bairros Santa Maria e Coqueiral, em Aracaju. O prefeito da capital, Edvaldo Nogueira, tamb\u00e9m estar\u00e1 presente.<\/p>\n<p style=\"text-align: justify;\">\u00c0s 9h, ser\u00e3o entregues as obras de infraestrutura (pavimenta\u00e7\u00e3o e drenagem) nos conjuntos Padre Pedro e Valadares, que se inserem no Programa de Acelera\u00e7\u00e3o do Crescimento (PAC) e totalizam um investimento de R$ 9.477.418,08.<\/p>\n<p style=\"text-align: justify;\">J\u00e1 a partir das 11h30, tamb\u00e9m ser\u00e3o inauguradas as obras de infraestrutura no bairro Coqueiral, resultado de parceria entre Prefeitura Municipal de Aracaju, Governo Federal e Governo do Estado, inserida no PAC Coqueiral. Nesta mesma \u00e1rea, est\u00e1 prevista a constru\u00e7\u00e3o de 600 casas dotadas de abastecimento de \u00e1gua, pavimenta\u00e7\u00e3o e esgoto sanit\u00e1rio.<\/p>\n<p style=\"text-align: justify;\">O empreendimento compreende seis setores, dos quais cinco est\u00e3o conclu\u00eddos e ser\u00e3o inaugurados neste s\u00e1bado. Das 600 casas previstas, 383 j\u00e1 foram entregues. Foram investidos R$ 31,94 milh\u00f5es, sendo que R$ 5 milh\u00f5es em contrapartida do Governo do Estado.<\/p>\n<p style=\"text-align: justify;\"><strong>O qu\u00ea:<\/strong> Inaugura\u00e7\u00e3o de obras nos bairros Santa Maria e Coqueiral<\/p>\n<p style=\"text-align: justify;\">Quando: Neste s\u00e1bado, 29<\/p>\n<p style=\"text-align: justify;\">Onde:\u00a09h \u2013 Inaugura\u00e7\u00e3o de Obras de Infraestrutura do Conjunto Padre Pedro e Conjunto Gov. Valadares (St\u00aa Maria)<\/p>\n<p style=\"text-align: justify;\">(Concentra\u00e7\u00e3o em Frente \u00e0 Escola de Esportes \u2013 Professor Kardec).<\/p>\n<p>11h30 \u2013 Inaugura\u00e7\u00e3o de Obras de Infraestrutura no Coqueiral<br \/>\n(Concentra\u00e7\u00e3o Posto de Sa\u00fade).<\/p>\n<p><strong>Secretaria de Estado da Comunica\u00e7\u00e3o Social<\/strong><br \/>\n<strong> Governo de Sergipe<\/strong><\/p>\n","protected":false},"excerpt":{"rendered":"<p>&nbsp; Neste s\u00e1bado, 29, a partir das 9h, o vice-governador Jackson Barreto, representando o governador Marcelo D\u00e9da, participa da inaugura\u00e7\u00e3o das obras de pavimenta\u00e7\u00e3o e drenagem nos bairros Santa Maria e Coqueiral, em Aracaju. O prefeito da capital, Edvaldo Nogueira, tamb\u00e9m estar\u00e1 presente. \u00c0s 9h, ser\u00e3o entregues as obras de infraestrutura (pavimenta\u00e7\u00e3o e drenagem) nos [&hellip;]<\/p>\n","protected":false},"author":1,"featured_media":23550,"comment_status":"closed","ping_status":"closed","sticky":false,"template":"","format":"standard","meta":{"footnotes":""},"categories":[6],"tags":[],"class_list":{"0":"post-42659","1":"post","2":"type-post","3":"status-publish","4":"format-standard","5":"has-post-thumbnail","7":"category-politica"},"_links":{"self":[{"href":"https:\/\/senoticias.com.br\/se\/wp-json\/wp\/v2\/posts\/42659"}],"collection":[{"href":"https:\/\/senoticias.com.br\/se\/wp-json\/wp\/v2\/posts"}],"about":[{"href":"https:\/\/senoticias.com.br\/se\/wp-json\/wp\/v2\/types\/post"}],"author":[{"embeddable":true,"href":"https:\/\/senoticias.com.br\/se\/wp-json\/wp\/v2\/users\/1"}],"replies":[{"embeddable":true,"href":"https:\/\/senoticias.com.br\/se\/wp-json\/wp\/v2\/comments?post=42659"}],"version-history":[{"count":0,"href":"https:\/\/senoticias.com.br\/se\/wp-json\/wp\/v2\/posts\/42659\/revisions"}],"wp:featuredmedia":[{"embeddable":true,"href":"https:\/\/senoticias.com.br\/se\/wp-json\/wp\/v2\/media\/23550"}],"wp:attachment":[{"href":"https:\/\/senoticias.com.br\/se\/wp-json\/wp\/v2\/media?parent=42659"}],"wp:term":[{"taxonomy":"category","embeddable":true,"href":"https:\/\/senoticias.com.br\/se\/wp-json\/wp\/v2\/categories?post=42659"},{"taxonomy":"post_tag","embeddable":true,"href":"https:\/\/senoticias.com.br\/se\/wp-json\/wp\/v2\/tags?post=42659"}],"curies":[{"name":"wp","href":"https:\/\/api.w.org\/{rel}","templated":true}]}}