{"id":42655,"date":"2012-12-28T08:01:38","date_gmt":"2012-12-28T11:01:38","guid":{"rendered":"http:\/\/senoticias.com.br\/se\/?p=42655"},"modified":"2012-12-28T08:11:40","modified_gmt":"2012-12-28T11:11:40","slug":"prefeito-de-carira-rejeita-aumento-salarial-proposto-pela-camara","status":"publish","type":"post","link":"https:\/\/senoticias.com.br\/se\/prefeito-de-carira-rejeita-aumento-salarial-proposto-pela-camara\/","title":{"rendered":"Prefeito de Carira rejeita aumento salarial proposto pela C\u00e2mara"},"content":{"rendered":"<div id=\"attachment_42658\" style=\"width: 310px\" class=\"wp-caption alignleft\"><a href=\"http:\/\/senoticias.com.br\/se\/wp-content\/uploads\/2012\/12\/Diogo-Machado.jpg\"><img loading=\"lazy\" decoding=\"async\" aria-describedby=\"caption-attachment-42658\" class=\"size-medium wp-image-42658\" title=\"Diogo  Machado\" src=\"http:\/\/senoticias.com.br\/se\/wp-content\/uploads\/2012\/12\/Diogo-Machado-300x246.jpg\" alt=\"\" width=\"300\" height=\"246\" srcset=\"https:\/\/senoticias.com.br\/se\/wp-content\/uploads\/2012\/12\/Diogo-Machado-300x246.jpg 300w, https:\/\/senoticias.com.br\/se\/wp-content\/uploads\/2012\/12\/Diogo-Machado-342x281.jpg 342w, https:\/\/senoticias.com.br\/se\/wp-content\/uploads\/2012\/12\/Diogo-Machado.jpg 583w\" sizes=\"(max-width: 300px) 100vw, 300px\" \/><\/a><p id=\"caption-attachment-42658\" class=\"wp-caption-text\">O prefeito eleito de Carira, Diogo Machado (PSD). (Reprodu\u00e7\u00e3o)<\/p><\/div>\n<p style=\"text-align: justify;\">Eu, Diogo Machado, prefeito eleito de Carira, venho a p\u00fablico esclarecer aos meus eleitores e cidad\u00e3os de nosso munic\u00edpio e de nosso Estado, que fui surpreendido ao ler na imprensa sergipana e nacional que sou o futuro prefeito mais bem pago do pa\u00eds.<\/p>\n<p style=\"text-align: justify;\">Quero esclarecer, antes de qualquer outra afirma\u00e7\u00e3o, que sou absolutamente contra este sal\u00e1rio abusivo e totalmente fora da realidade de nosso munic\u00edpio, e que lastimo que a C\u00e2mara de Vereadores, ainda neste ano de 2012, durante o processo eleitoral tenha aprovado uma lei que determinava este valor para o futuro prefeito, mesmo com v\u00e1rios servidores sem receber sal\u00e1rios em nossa cidade.<\/p>\n<p style=\"text-align: justify;\">Quando este valor foi aprovado, eu n\u00e3o fazia parte da administra\u00e7\u00e3o e ainda sempre, todos s\u00e3o testemunhas, fui contr\u00e1rio aos desmandos da administra\u00e7\u00e3o anterior. Uma administra\u00e7\u00e3o ca\u00f3tica que sequer teve o compromisso de realizar uma transi\u00e7\u00e3o conosco, o que consideramos uma atitude anti-democr\u00e1tica e que n\u00e3o condiz com o atual momento hist\u00f3rico e social que vivemos. Diante do caos da atual administra\u00e7ao, que fez com que muitas fam\u00edlias carirenses ficassem sem receber sal\u00e1rios, passando por dificuldades.<\/p>\n<p style=\"text-align: justify;\">Diante desta situa\u00e7\u00e3o, o Minist\u00e9rio P\u00fablico bloqueou as a\u00e7\u00f5es de transfer\u00eancia financeira para evitar estes abusos ao er\u00e1rio p\u00fablico, a\u00e7\u00e3o esta que apoio incondicionalmente e desde j\u00e1 me proponho, assim que assumir, corrigir este equ\u00edvoco e pedir oficialmente, junto a assessoria juridica da prefeitura a revis\u00e3o do meu sal\u00e1rio e tamb\u00e9m a regulariza\u00e7\u00e3o da folha de pagamento do governo municipal.<\/p>\n<p style=\"text-align: center;\"><strong>Atenciosamente <\/strong><br \/>\n<strong>Diogo Machado, prefeito eleito de Carira.<\/strong><\/p>\n","protected":false},"excerpt":{"rendered":"<p>Eu, Diogo Machado, prefeito eleito de Carira, venho a p\u00fablico esclarecer aos meus eleitores e cidad\u00e3os de nosso munic\u00edpio e de nosso Estado, que fui surpreendido ao ler na imprensa sergipana e nacional que sou o futuro prefeito mais bem pago do pa\u00eds. Quero esclarecer, antes de qualquer outra afirma\u00e7\u00e3o, que sou absolutamente contra este [&hellip;]<\/p>\n","protected":false},"author":1,"featured_media":42658,"comment_status":"closed","ping_status":"closed","sticky":false,"template":"","format":"standard","meta":{"footnotes":""},"categories":[6,1],"tags":[],"class_list":{"0":"post-42655","1":"post","2":"type-post","3":"status-publish","4":"format-standard","5":"has-post-thumbnail","7":"category-politica","8":"category-sem-categoria"},"_links":{"self":[{"href":"https:\/\/senoticias.com.br\/se\/wp-json\/wp\/v2\/posts\/42655"}],"collection":[{"href":"https:\/\/senoticias.com.br\/se\/wp-json\/wp\/v2\/posts"}],"about":[{"href":"https:\/\/senoticias.com.br\/se\/wp-json\/wp\/v2\/types\/post"}],"author":[{"embeddable":true,"href":"https:\/\/senoticias.com.br\/se\/wp-json\/wp\/v2\/users\/1"}],"replies":[{"embeddable":true,"href":"https:\/\/senoticias.com.br\/se\/wp-json\/wp\/v2\/comments?post=42655"}],"version-history":[{"count":0,"href":"https:\/\/senoticias.com.br\/se\/wp-json\/wp\/v2\/posts\/42655\/revisions"}],"wp:featuredmedia":[{"embeddable":true,"href":"https:\/\/senoticias.com.br\/se\/wp-json\/wp\/v2\/media\/42658"}],"wp:attachment":[{"href":"https:\/\/senoticias.com.br\/se\/wp-json\/wp\/v2\/media?parent=42655"}],"wp:term":[{"taxonomy":"category","embeddable":true,"href":"https:\/\/senoticias.com.br\/se\/wp-json\/wp\/v2\/categories?post=42655"},{"taxonomy":"post_tag","embeddable":true,"href":"https:\/\/senoticias.com.br\/se\/wp-json\/wp\/v2\/tags?post=42655"}],"curies":[{"name":"wp","href":"https:\/\/api.w.org\/{rel}","templated":true}]}}