{"id":42652,"date":"2012-12-27T20:06:46","date_gmt":"2012-12-27T23:06:46","guid":{"rendered":"http:\/\/senoticias.com.br\/se\/?p=42652"},"modified":"2012-12-28T08:07:17","modified_gmt":"2012-12-28T11:07:17","slug":"principio-de-incendio-no-hospital-sao-lucas-deixa-pacientes-e-funcionarios-apavorados","status":"publish","type":"post","link":"https:\/\/senoticias.com.br\/se\/principio-de-incendio-no-hospital-sao-lucas-deixa-pacientes-e-funcionarios-apavorados\/","title":{"rendered":"Princ\u00edpio de inc\u00eandio no Hospital S\u00e3o Lucas deixa pacientes e funcion\u00e1rios apavorados"},"content":{"rendered":"<div id=\"attachment_42657\" style=\"width: 310px\" class=\"wp-caption alignleft\"><a href=\"http:\/\/senoticias.com.br\/se\/wp-content\/uploads\/2012\/12\/S\u00e3o-Lucas.jpg\"><img loading=\"lazy\" decoding=\"async\" aria-describedby=\"caption-attachment-42657\" class=\"size-medium wp-image-42657\" title=\"S\u00e3o Lucas\" src=\"http:\/\/senoticias.com.br\/se\/wp-content\/uploads\/2012\/12\/S\u00e3o-Lucas-300x125.jpg\" alt=\"\" width=\"300\" height=\"125\" srcset=\"https:\/\/senoticias.com.br\/se\/wp-content\/uploads\/2012\/12\/S\u00e3o-Lucas-300x125.jpg 300w, https:\/\/senoticias.com.br\/se\/wp-content\/uploads\/2012\/12\/S\u00e3o-Lucas-342x142.jpg 342w, https:\/\/senoticias.com.br\/se\/wp-content\/uploads\/2012\/12\/S\u00e3o-Lucas.jpg 360w\" sizes=\"(max-width: 300px) 100vw, 300px\" \/><\/a><p id=\"caption-attachment-42657\" class=\"wp-caption-text\">Hospital S\u00e3o Lucas. (Foto: Reprodu\u00e7\u00e3o)<\/p><\/div>\n<p style=\"text-align: justify;\">Um princ\u00edpio de inc\u00eandio no Hospital S\u00e3o Lucas, por volta das 11h30, desta quinta-feira (27), por pouco n\u00e3o termina em trag\u00e9dia. Um dos ar-condicionados do 1\u00ba andar pegou fogo no apartamento 121, em que a m\u00e3e do jornalista Paulo Sousa se encontra internada, onde se recupera de um atropelamento sofrido no dia 13 novembro deste ano, no cruzamento da Rua Lagarto com Avenida Sete de Setembro, no Centro de Aracaju.<\/p>\n<p style=\"text-align: justify;\">No momento do incidente, a m\u00e3e do jornalista estava acompanhada da filha Ana de Sousa, estudante de Enfermagem, que pediu socorro no posto de enfermagem. Apavorados, os funcion\u00e1rios chamaram o t\u00e9cnico respons\u00e1vel pela manuten\u00e7\u00e3o do aparelho de ar para conter o inc\u00eandio.<\/p>\n<p style=\"text-align: justify;\">Ap\u00f3s alguns minutos de tens\u00e3o, a paciente de 76 anos foi transferida para outro leito, j\u00e1 que a fuma\u00e7a tomava conta do apartamento. Apesar do susto, ningu\u00e9m ficou ferido.<\/p>\n<p style=\"text-align: justify;\"><span style=\"color: #333333;\"><strong>Reda\u00e7\u00e3o CajuNews<\/strong><\/span><\/p>\n","protected":false},"excerpt":{"rendered":"<p>Um princ\u00edpio de inc\u00eandio no Hospital S\u00e3o Lucas, por volta das 11h30, desta quinta-feira (27), por pouco n\u00e3o termina em trag\u00e9dia. Um dos ar-condicionados do 1\u00ba andar pegou fogo no apartamento 121, em que a m\u00e3e do jornalista Paulo Sousa se encontra internada, onde se recupera de um atropelamento sofrido no dia 13 novembro deste [&hellip;]<\/p>\n","protected":false},"author":1,"featured_media":42657,"comment_status":"closed","ping_status":"closed","sticky":false,"template":"","format":"standard","meta":{"footnotes":""},"categories":[310],"tags":[],"class_list":{"0":"post-42652","1":"post","2":"type-post","3":"status-publish","4":"format-standard","5":"has-post-thumbnail","7":"category-destaques-da-semana"},"_links":{"self":[{"href":"https:\/\/senoticias.com.br\/se\/wp-json\/wp\/v2\/posts\/42652"}],"collection":[{"href":"https:\/\/senoticias.com.br\/se\/wp-json\/wp\/v2\/posts"}],"about":[{"href":"https:\/\/senoticias.com.br\/se\/wp-json\/wp\/v2\/types\/post"}],"author":[{"embeddable":true,"href":"https:\/\/senoticias.com.br\/se\/wp-json\/wp\/v2\/users\/1"}],"replies":[{"embeddable":true,"href":"https:\/\/senoticias.com.br\/se\/wp-json\/wp\/v2\/comments?post=42652"}],"version-history":[{"count":0,"href":"https:\/\/senoticias.com.br\/se\/wp-json\/wp\/v2\/posts\/42652\/revisions"}],"wp:featuredmedia":[{"embeddable":true,"href":"https:\/\/senoticias.com.br\/se\/wp-json\/wp\/v2\/media\/42657"}],"wp:attachment":[{"href":"https:\/\/senoticias.com.br\/se\/wp-json\/wp\/v2\/media?parent=42652"}],"wp:term":[{"taxonomy":"category","embeddable":true,"href":"https:\/\/senoticias.com.br\/se\/wp-json\/wp\/v2\/categories?post=42652"},{"taxonomy":"post_tag","embeddable":true,"href":"https:\/\/senoticias.com.br\/se\/wp-json\/wp\/v2\/tags?post=42652"}],"curies":[{"name":"wp","href":"https:\/\/api.w.org\/{rel}","templated":true}]}}