{"id":42649,"date":"2012-12-27T22:26:19","date_gmt":"2012-12-28T01:26:19","guid":{"rendered":"http:\/\/senoticias.com.br\/se\/?p=42649"},"modified":"2012-12-27T22:26:19","modified_gmt":"2012-12-28T01:26:19","slug":"prefeito-de-capela-pode-nao-assumir-dia-1%c2%ba","status":"publish","type":"post","link":"https:\/\/senoticias.com.br\/se\/prefeito-de-capela-pode-nao-assumir-dia-1%c2%ba\/","title":{"rendered":"Prefeito de Capela pode n\u00e3o assumir dia 1\u00ba"},"content":{"rendered":"<p style=\"text-align: justify;\"><span style=\"color: #333333;\"><strong>Mesmo com um p\u00e9 fora da prefeitura, Sukita deve complicar a administra\u00e7\u00e3o de Ezequiel desde o primeiro dia.<\/strong><\/span><\/p>\n<p style=\"text-align: justify;\">\n<div id=\"attachment_42650\" style=\"width: 310px\" class=\"wp-caption alignleft\"><a href=\"http:\/\/senoticias.com.br\/se\/wp-content\/uploads\/2012\/12\/Ezequiel.jpg\"><img loading=\"lazy\" decoding=\"async\" aria-describedby=\"caption-attachment-42650\" class=\"size-medium wp-image-42650\" title=\"Ezequiel\" src=\"http:\/\/senoticias.com.br\/se\/wp-content\/uploads\/2012\/12\/Ezequiel-300x247.jpg\" alt=\"\" width=\"300\" height=\"247\" srcset=\"https:\/\/senoticias.com.br\/se\/wp-content\/uploads\/2012\/12\/Ezequiel-300x247.jpg 300w, https:\/\/senoticias.com.br\/se\/wp-content\/uploads\/2012\/12\/Ezequiel-342x282.jpg 342w, https:\/\/senoticias.com.br\/se\/wp-content\/uploads\/2012\/12\/Ezequiel.jpg 407w\" sizes=\"(max-width: 300px) 100vw, 300px\" \/><\/a><p id=\"caption-attachment-42650\" class=\"wp-caption-text\">Ezequiel pode n\u00e3o assumir dia 1\u00ba. (Foto: Reprodu\u00e7\u00e3o)<\/p><\/div>\n<p style=\"text-align: justify;\">Desde que perdeu as elei\u00e7\u00f5es no munic\u00edpio de Capela, o prefeito Manoel Messias Sukita (PSB), tem demonstrado que mesmo sem cargo, vai manipular a pol\u00edtica naquele munic\u00edpio.<\/p>\n<p style=\"text-align: justify;\">Logo ap\u00f3s os resultados das elei\u00e7\u00f5es, Sukita come\u00e7ou a dar entrevista, se colocando como \u201cperseguido\u201d pelo prefeito eleito, Ezequiel Leite (PR), porem o atual prefeito n\u00e3o contou que n\u00e3o conseguiu eleger a sua sucessora, mas que tinha feito maioria na C\u00e2mara.<\/p>\n<p style=\"text-align: justify;\">Para mostrar que tinha maioria, os vereadores ligados a Sukita, aprovaram o pol\u00eamico projeto encaminhado por ele que reduziu o or\u00e7amento de 80%\u00a8para 5%. Ezequiel reclamou mas n\u00e3o conseguiu reverter a situa\u00e7\u00e3o.<\/p>\n<p style=\"text-align: justify;\">Com tudo isso, o prefeito eleito Ezequiel Leite poder\u00e1 n\u00e3o ser empossado no dia 1\u00ba de janeiro de 2013, a exemplo do que ocorrer\u00e1 com os eleitos. \u00c9 que a C\u00e2mara de Vereadores distribuiu convites para a posse dos parlamentares eleitos, escolha da nova mesa diretora e posse ao prefeito eleito \u00e0s 0:10h, da pr\u00f3xima ter\u00e7a-feira, dia 1\u00ba de janeiro, na sede da C\u00e2mara.<\/p>\n<p style=\"text-align: justify;\">J\u00e1 Ezequiel Leite distribuiu o seu convite anunciando a posse ser\u00e1 \u00e0s 17 horas do dia 1\u00ba, no Col\u00e9gio Imaculada, e para complicar e tumultuar ainda mais a situa\u00e7\u00e3o, e os vereadores j\u00e1 anunciaram que n\u00e3o v\u00e3o. Com toda essa pol\u00eamica, n\u00e3o se sabe quando, onde e como acontecer\u00e1 a posse do prefeito eleito em Capela.<\/p>\n<p style=\"text-align: justify;\"><span style=\"color: #333333;\"><strong>Munir Darrage &#8211; Fax Aju<\/strong><\/span><\/p>\n","protected":false},"excerpt":{"rendered":"<p>Mesmo com um p\u00e9 fora da prefeitura, Sukita deve complicar a administra\u00e7\u00e3o de Ezequiel desde o primeiro dia. Desde que perdeu as elei\u00e7\u00f5es no munic\u00edpio de Capela, o prefeito Manoel Messias Sukita (PSB), tem demonstrado que mesmo sem cargo, vai manipular a pol\u00edtica naquele munic\u00edpio. Logo ap\u00f3s os resultados das elei\u00e7\u00f5es, Sukita come\u00e7ou a dar [&hellip;]<\/p>\n","protected":false},"author":1,"featured_media":42650,"comment_status":"closed","ping_status":"closed","sticky":false,"template":"","format":"standard","meta":{"footnotes":""},"categories":[6],"tags":[],"class_list":{"0":"post-42649","1":"post","2":"type-post","3":"status-publish","4":"format-standard","5":"has-post-thumbnail","7":"category-politica"},"_links":{"self":[{"href":"https:\/\/senoticias.com.br\/se\/wp-json\/wp\/v2\/posts\/42649"}],"collection":[{"href":"https:\/\/senoticias.com.br\/se\/wp-json\/wp\/v2\/posts"}],"about":[{"href":"https:\/\/senoticias.com.br\/se\/wp-json\/wp\/v2\/types\/post"}],"author":[{"embeddable":true,"href":"https:\/\/senoticias.com.br\/se\/wp-json\/wp\/v2\/users\/1"}],"replies":[{"embeddable":true,"href":"https:\/\/senoticias.com.br\/se\/wp-json\/wp\/v2\/comments?post=42649"}],"version-history":[{"count":0,"href":"https:\/\/senoticias.com.br\/se\/wp-json\/wp\/v2\/posts\/42649\/revisions"}],"wp:featuredmedia":[{"embeddable":true,"href":"https:\/\/senoticias.com.br\/se\/wp-json\/wp\/v2\/media\/42650"}],"wp:attachment":[{"href":"https:\/\/senoticias.com.br\/se\/wp-json\/wp\/v2\/media?parent=42649"}],"wp:term":[{"taxonomy":"category","embeddable":true,"href":"https:\/\/senoticias.com.br\/se\/wp-json\/wp\/v2\/categories?post=42649"},{"taxonomy":"post_tag","embeddable":true,"href":"https:\/\/senoticias.com.br\/se\/wp-json\/wp\/v2\/tags?post=42649"}],"curies":[{"name":"wp","href":"https:\/\/api.w.org\/{rel}","templated":true}]}}