{"id":42647,"date":"2012-12-27T22:04:52","date_gmt":"2012-12-28T01:04:52","guid":{"rendered":"http:\/\/senoticias.com.br\/se\/?p=42647"},"modified":"2012-12-28T20:27:12","modified_gmt":"2012-12-28T23:27:12","slug":"governo-antecipa-2%c2%aa-parcela-de-repasse-do-icms-aos-municipios-sergipanos","status":"publish","type":"post","link":"https:\/\/senoticias.com.br\/se\/governo-antecipa-2%c2%aa-parcela-de-repasse-do-icms-aos-municipios-sergipanos\/","title":{"rendered":"Governo repassa \u00faltima parcela do ICMS aos munic\u00edpios dentro do m\u00eas"},"content":{"rendered":"<p>&nbsp;<\/p>\n<p style=\"text-align: justify;\"><span style=\"color: #333333;\"><strong>Repasse extra da parcela do ICMS, ainda da compet\u00eancia de 2012, ajudar\u00e1 no fechamento fiscal dos munic\u00edpios sergipanos, fortemente afetados pela queda da receita do FPM\u00a0<\/strong><\/span><\/p>\n<div id=\"attachment_34520\" style=\"width: 310px\" class=\"wp-caption alignleft\"><a href=\"http:\/\/senoticias.com.br\/se\/wp-content\/uploads\/2012\/06\/RJAY2783.jpgRobertoJayme.jpg\"><img loading=\"lazy\" decoding=\"async\" aria-describedby=\"caption-attachment-34520\" class=\"size-medium wp-image-34520\" title=\" Governador Marcelo Deda. ( Roberto Jayme\/Photonews)\" src=\"http:\/\/senoticias.com.br\/se\/wp-content\/uploads\/2012\/06\/RJAY2783.jpgRobertoJayme-300x200.jpg\" alt=\"\" width=\"300\" height=\"200\" srcset=\"https:\/\/senoticias.com.br\/se\/wp-content\/uploads\/2012\/06\/RJAY2783.jpgRobertoJayme-300x200.jpg 300w, https:\/\/senoticias.com.br\/se\/wp-content\/uploads\/2012\/06\/RJAY2783.jpgRobertoJayme-342x228.jpg 342w, https:\/\/senoticias.com.br\/se\/wp-content\/uploads\/2012\/06\/RJAY2783.jpgRobertoJayme.jpg 660w\" sizes=\"(max-width: 300px) 100vw, 300px\" \/><\/a><p id=\"caption-attachment-34520\" class=\"wp-caption-text\">Marcelo D\u00e9da liberou o pagamento antecipado do repasse do Imposto Sobre Circula\u00e7\u00e3o de Mercadorias e Servi\u00e7os (ICMS). ( Roberto Jayme\/Photonews)<\/p><\/div>\n<p style=\"text-align: justify;\">Sens\u00edvel \u00e0 situa\u00e7\u00e3o dos munic\u00edpios sergipanos, o governador Marcelo D\u00e9da autorizou o repasse nesta sexta-feita, 28, da parcela do Imposto Sobre Circula\u00e7\u00e3o de Mercadorias e Servi\u00e7os (ICMS) referente \u00e0s receitas recebidas pelo Estado durante a \u00faltima semana do m\u00eas de dezembro. Este repasse extra da parcela do ICMS, ainda da compet\u00eancia de 2012, ajudar\u00e1 no fechamento fiscal dos munic\u00edpios sergipanos, fortemente afetados pela queda da receita do FPM.<\/p>\n<p style=\"text-align: justify;\">Conforme o secret\u00e1rio da Fazenda, Jo\u00e3o Andrade, o Governo repassa para os munic\u00edpios, dentro do m\u00eas, a parcela do ICMS recebido nesta semana. &#8220;O Estado atende a pedidos dos munic\u00edpios para ajudar no fechamento fiscal de 2012, ano muito sacrificado com a queda do FPM\/FPE&#8221;.<\/p>\n<p style=\"text-align: justify;\">A solicita\u00e7\u00e3o da libera\u00e7\u00e3o foi realizada pelo prefeito de Po\u00e7o Verde, Ant\u00f4nio D\u00f3rea, que \u00e9 presidente da Associa\u00e7\u00e3o dos Prefeitos do Centro-Sul do Estado que esteve com o secret\u00e1rio da Casa Civil, Silvio Santos, e reivindicou repasse em nome dos demais prefeitos sergipanos.<\/p>\n<p style=\"text-align: justify;\">\u201cO prefeito esteve comigo e fez a solicita\u00e7\u00e3o. Conversei com o governador e com o secret\u00e1rio da Fazenda, Jo\u00e3o Andrade. Depois, o governador autorizou o repasse pela Sefaz\u201d, relatou Silvio Santos.<\/p>\n<p style=\"text-align: justify;\">\u201cEstamos fazendo uma coisa que j\u00e1 est\u00e1 acontecendo em v\u00e1rios Estados do Brasil, a exemplo da Bahia e do Mato Grosso. Em fun\u00e7\u00e3o das dificuldades que os munic\u00edpios est\u00e3o enfrentando neste final de ano, o governador D\u00e9da resolveu atender a solicita\u00e7\u00e3o\u201d, colocou Silvio.<\/p>\n<p><span style=\"color: #333333;\"><strong>Secretaria de Estado da Comunica\u00e7\u00e3o Social<\/strong><\/span><br \/>\n<strong><span style=\"color: #333333;\"> Governo de Sergipe<\/span><\/strong><\/p>\n","protected":false},"excerpt":{"rendered":"<p>&nbsp; Repasse extra da parcela do ICMS, ainda da compet\u00eancia de 2012, ajudar\u00e1 no fechamento fiscal dos munic\u00edpios sergipanos, fortemente afetados pela queda da receita do FPM\u00a0 Sens\u00edvel \u00e0 situa\u00e7\u00e3o dos munic\u00edpios sergipanos, o governador Marcelo D\u00e9da autorizou o repasse nesta sexta-feita, 28, da parcela do Imposto Sobre Circula\u00e7\u00e3o de Mercadorias e Servi\u00e7os (ICMS) referente [&hellip;]<\/p>\n","protected":false},"author":1,"featured_media":34520,"comment_status":"closed","ping_status":"closed","sticky":false,"template":"","format":"standard","meta":{"footnotes":""},"categories":[6],"tags":[],"class_list":{"0":"post-42647","1":"post","2":"type-post","3":"status-publish","4":"format-standard","5":"has-post-thumbnail","7":"category-politica"},"_links":{"self":[{"href":"https:\/\/senoticias.com.br\/se\/wp-json\/wp\/v2\/posts\/42647"}],"collection":[{"href":"https:\/\/senoticias.com.br\/se\/wp-json\/wp\/v2\/posts"}],"about":[{"href":"https:\/\/senoticias.com.br\/se\/wp-json\/wp\/v2\/types\/post"}],"author":[{"embeddable":true,"href":"https:\/\/senoticias.com.br\/se\/wp-json\/wp\/v2\/users\/1"}],"replies":[{"embeddable":true,"href":"https:\/\/senoticias.com.br\/se\/wp-json\/wp\/v2\/comments?post=42647"}],"version-history":[{"count":0,"href":"https:\/\/senoticias.com.br\/se\/wp-json\/wp\/v2\/posts\/42647\/revisions"}],"wp:featuredmedia":[{"embeddable":true,"href":"https:\/\/senoticias.com.br\/se\/wp-json\/wp\/v2\/media\/34520"}],"wp:attachment":[{"href":"https:\/\/senoticias.com.br\/se\/wp-json\/wp\/v2\/media?parent=42647"}],"wp:term":[{"taxonomy":"category","embeddable":true,"href":"https:\/\/senoticias.com.br\/se\/wp-json\/wp\/v2\/categories?post=42647"},{"taxonomy":"post_tag","embeddable":true,"href":"https:\/\/senoticias.com.br\/se\/wp-json\/wp\/v2\/tags?post=42647"}],"curies":[{"name":"wp","href":"https:\/\/api.w.org\/{rel}","templated":true}]}}