{"id":42643,"date":"2012-12-27T16:43:40","date_gmt":"2012-12-27T19:43:40","guid":{"rendered":"http:\/\/senoticias.com.br\/se\/?p=42643"},"modified":"2012-12-30T07:55:54","modified_gmt":"2012-12-30T10:55:54","slug":"festa-de-bom-jesus-dos-navegantes-marcara-passagem-de-ano-em-carmopolis","status":"publish","type":"post","link":"https:\/\/senoticias.com.br\/se\/festa-de-bom-jesus-dos-navegantes-marcara-passagem-de-ano-em-carmopolis\/","title":{"rendered":"Festa de Bom Jesus dos Navegantes marcar\u00e1 passagem de ano em Carm\u00f3polis"},"content":{"rendered":"<div id=\"attachment_42644\" style=\"width: 310px\" class=\"wp-caption alignleft\"><a href=\"http:\/\/senoticias.com.br\/se\/wp-content\/uploads\/2012\/12\/calcinha-preta2012.jpg\"><img loading=\"lazy\" decoding=\"async\" aria-describedby=\"caption-attachment-42644\" class=\"size-medium wp-image-42644\" title=\"calcinha-preta2012\" src=\"http:\/\/senoticias.com.br\/se\/wp-content\/uploads\/2012\/12\/calcinha-preta2012-300x150.jpg\" alt=\"\" width=\"300\" height=\"150\" srcset=\"https:\/\/senoticias.com.br\/se\/wp-content\/uploads\/2012\/12\/calcinha-preta2012-300x150.jpg 300w, https:\/\/senoticias.com.br\/se\/wp-content\/uploads\/2012\/12\/calcinha-preta2012-342x171.jpg 342w, https:\/\/senoticias.com.br\/se\/wp-content\/uploads\/2012\/12\/calcinha-preta2012.jpg 743w\" sizes=\"(max-width: 300px) 100vw, 300px\" \/><\/a><p id=\"caption-attachment-42644\" class=\"wp-caption-text\">Banda Calcinha Preta. (Divulga\u00e7\u00e3o)<\/p><\/div>\n<p style=\"text-align: justify;\">Mais uma vez, a tradicional Festa de Bom Jesus dos Navegantes vai marcar a passagem de ano no munic\u00edpio de Carm\u00f3polis, distante 47 quil\u00f4metros da capital sergipana. As festividades acontecem nos pr\u00f3ximos dias 29, 30 e 31 deste m\u00eas, no povoado Aguada. Al\u00e9m do conhecido e t\u00e3o esperado evento cat\u00f3lico, este ano levado pelo Frei Cristiano, a comunidade e os diversos turistas esperados para o per\u00edodo contar\u00e3o com shows da banda Calcinha Preta e da dupla sertaneja Beto &amp; Sare, entre outras atra\u00e7\u00f5es art\u00edsticas.<\/p>\n<p style=\"text-align: justify;\">T\u00e3o tradicional quanto a Festa de Bom Jesus dos Navegantes \u00e9 a tranquilidade proporcionada pela Gest\u00e3o &#8220;Carm\u00f3polis de Todos&#8221;, que investiu intensamente em seguran\u00e7a. O evento ter\u00e1 o apoio da Guarda Municipal, da Pol\u00edcia Militar, de Agentes de Tr\u00e2nsito, do Conselho Tutelar e da Secretaria Municipal de Sa\u00fade. &#8220;Montamos a maior infraestrutura para que o objetivo da festa, que \u00e9 proporcionar alegria com tranquilidade, seja alcan\u00e7ado. \u00c9, sem d\u00favida, um momento muito esperado por todos, e queremos fazer valer&#8221;, frisa a prefeita Esmeralda Cruz.<\/p>\n<p style=\"text-align: justify;\"><strong>Tradi\u00e7\u00e3o<\/strong><\/p>\n<p style=\"text-align: justify;\">A Festa em homenagem ao Bom Jesus dos Navegantes \u00e9 realizada em todos os munic\u00edpios ribeirinhos do Baixo S\u00e3o Francisco, sendo o ponto alto do evento justamente a prociss\u00e3o fluvial, onde a imagem desliza sobre uma embarca\u00e7\u00e3o pelas \u00e1guas do Velho Chico.<\/p>\n<p style=\"text-align: justify;\">Milhares de pessoas lotam \u00e0s margens do rio, por onde a prociss\u00e3o passa, e em uma demonstra\u00e7\u00e3o de muita f\u00e9 e devo\u00e7\u00e3o, acenam, choram e saldam a passagem da imagem com fogos multicoloridos. Pelas \u00e1guas a imagem \u00e9 acompanhada por centenas de embarca\u00e7\u00f5es menores que anualmente renovam a emo\u00e7\u00e3o naqueles que fielmente participam do evento em diversas cidades ribeirinhas.<\/p>\n<p style=\"text-align: justify;\">Programa\u00e7\u00e3o Oficial:<\/p>\n<p style=\"text-align: justify;\">Dia 29\/12 (S\u00e1bado)<\/p>\n<p style=\"text-align: justify;\">20h &#8211; Show Cat\u00f3lico com Frei Cristiano<\/p>\n<p style=\"text-align: justify;\">Dia 30\/12 (Domingo)<\/p>\n<p style=\"text-align: justify;\">16h &#8211; Show com Julinho Porrad\u00e3o no Trio<\/p>\n<p style=\"text-align: justify;\">Dia 31\/12 (Segunda-Feira)<\/p>\n<p style=\"text-align: justify;\">22h &#8211; Beto &amp; Sare<\/p>\n<p style=\"text-align: justify;\">0h &#8211; Calcinha Preta<\/p>\n<p style=\"text-align: justify;\">02h &#8211; Fantasm\u00e3o<\/p>\n<p style=\"text-align: justify;\"><em><strong>T. Dantas<\/strong><\/em><\/p>\n","protected":false},"excerpt":{"rendered":"<p>Mais uma vez, a tradicional Festa de Bom Jesus dos Navegantes vai marcar a passagem de ano no munic\u00edpio de Carm\u00f3polis, distante 47 quil\u00f4metros da capital sergipana. As festividades acontecem nos pr\u00f3ximos dias 29, 30 e 31 deste m\u00eas, no povoado Aguada. Al\u00e9m do conhecido e t\u00e3o esperado evento cat\u00f3lico, este ano levado pelo Frei [&hellip;]<\/p>\n","protected":false},"author":1,"featured_media":42644,"comment_status":"closed","ping_status":"closed","sticky":false,"template":"","format":"standard","meta":{"footnotes":""},"categories":[310],"tags":[],"class_list":{"0":"post-42643","1":"post","2":"type-post","3":"status-publish","4":"format-standard","5":"has-post-thumbnail","7":"category-destaques-da-semana"},"_links":{"self":[{"href":"https:\/\/senoticias.com.br\/se\/wp-json\/wp\/v2\/posts\/42643"}],"collection":[{"href":"https:\/\/senoticias.com.br\/se\/wp-json\/wp\/v2\/posts"}],"about":[{"href":"https:\/\/senoticias.com.br\/se\/wp-json\/wp\/v2\/types\/post"}],"author":[{"embeddable":true,"href":"https:\/\/senoticias.com.br\/se\/wp-json\/wp\/v2\/users\/1"}],"replies":[{"embeddable":true,"href":"https:\/\/senoticias.com.br\/se\/wp-json\/wp\/v2\/comments?post=42643"}],"version-history":[{"count":0,"href":"https:\/\/senoticias.com.br\/se\/wp-json\/wp\/v2\/posts\/42643\/revisions"}],"wp:featuredmedia":[{"embeddable":true,"href":"https:\/\/senoticias.com.br\/se\/wp-json\/wp\/v2\/media\/42644"}],"wp:attachment":[{"href":"https:\/\/senoticias.com.br\/se\/wp-json\/wp\/v2\/media?parent=42643"}],"wp:term":[{"taxonomy":"category","embeddable":true,"href":"https:\/\/senoticias.com.br\/se\/wp-json\/wp\/v2\/categories?post=42643"},{"taxonomy":"post_tag","embeddable":true,"href":"https:\/\/senoticias.com.br\/se\/wp-json\/wp\/v2\/tags?post=42643"}],"curies":[{"name":"wp","href":"https:\/\/api.w.org\/{rel}","templated":true}]}}