{"id":42636,"date":"2012-12-27T14:27:32","date_gmt":"2012-12-27T17:27:32","guid":{"rendered":"http:\/\/senoticias.com.br\/se\/?p=42636"},"modified":"2012-12-27T14:27:32","modified_gmt":"2012-12-27T17:27:32","slug":"usina-de-energia-eolica-ja-e-realidade-em-sergipe","status":"publish","type":"post","link":"https:\/\/senoticias.com.br\/se\/usina-de-energia-eolica-ja-e-realidade-em-sergipe\/","title":{"rendered":"Usina de Energia E\u00f3lica j\u00e1 \u00e9 realidade em Sergipe"},"content":{"rendered":"<p>&nbsp;<\/p>\n<div id=\"attachment_42637\" style=\"width: 310px\" class=\"wp-caption alignleft\"><a href=\"http:\/\/senoticias.com.br\/se\/wp-content\/uploads\/2012\/12\/ccca283b743e2c0c81fc78b3606d14ef.jpg\"><img loading=\"lazy\" decoding=\"async\" aria-describedby=\"caption-attachment-42637\" class=\"size-medium wp-image-42637\" title=\"ccca283b743e2c0c81fc78b3606d14ef\" src=\"http:\/\/senoticias.com.br\/se\/wp-content\/uploads\/2012\/12\/ccca283b743e2c0c81fc78b3606d14ef-300x192.jpg\" alt=\"\" width=\"300\" height=\"192\" srcset=\"https:\/\/senoticias.com.br\/se\/wp-content\/uploads\/2012\/12\/ccca283b743e2c0c81fc78b3606d14ef-300x192.jpg 300w, https:\/\/senoticias.com.br\/se\/wp-content\/uploads\/2012\/12\/ccca283b743e2c0c81fc78b3606d14ef-342x219.jpg 342w, https:\/\/senoticias.com.br\/se\/wp-content\/uploads\/2012\/12\/ccca283b743e2c0c81fc78b3606d14ef.jpg 600w\" sizes=\"(max-width: 300px) 100vw, 300px\" \/><\/a><p id=\"caption-attachment-42637\" class=\"wp-caption-text\">Usina de Energia E\u00f3lica j\u00e1 \u00e9 realidade em Sergipe. (Foto: Vieira Neto\/Sedetec)<\/p><\/div>\n<p style=\"text-align: justify;\">Quem trafega pela rodovia SE-100 (Barra dos Coqueiros \u2013 Pirambu) j\u00e1 se depara com um novo visual que, para os olhos mais sens\u00edveis, pode representar um novo cart\u00e3o postal para o litoral sergipano. \u00c9 a Usina de Energia E\u00f3lica (UEE) Barra dos Coqueiros, com previs\u00e3o de ser inaugurada oficialmente em janeiro, que j\u00e1 formata um novo panorama tanto para o litoral Norte do estado, quanto para o futuro de Sergipe, pelo que representa na gera\u00e7\u00e3o de uma energia limpa, segura e ecologicamente correta.<\/p>\n<p style=\"text-align: justify;\">A partir de um empreendimento do grupo Engevix, que contou com incentivos do Governo do Estado atrav\u00e9s do Programa Sergipano de Desenvolvimento Industrial (PSDI), a usina e\u00f3lica ter\u00e1 capacidade de produzir 34,5 megawatts, que representa energia suficiente para abastecer uma cidade com 120 mil habitantes. Esta energia \u00e9 produzida atrav\u00e9s dos aerogeradores instalados nas 23 torres a 100 metros de altura.<\/p>\n<p style=\"text-align: justify;\">Os estudos para implanta\u00e7\u00e3o do Parque E\u00f3lico foram iniciados em 2008. As obras no Parque iniciaram-se em outubro de 2011 e a instala\u00e7\u00e3o das turbinas iniciou-se em abril deste ano. A UEE Barra dos Coqueiros comercializou sua energia no primeiro leil\u00e3o exclusivo de energia e\u00f3lica do Brasil. A energia ser\u00e1 contratada pela CCEE (C\u00e2mara de Comercializa\u00e7\u00e3o de Energia El\u00e9trica) como energia de reserva por um prazo de 20 anos.<\/p>\n<p style=\"text-align: justify;\"><strong>Decis\u00e3o Pol\u00edtica<\/strong><\/p>\n<p style=\"text-align: justify;\">Essa conquista s\u00f3 foi poss\u00edvel gra\u00e7as \u00e0 decis\u00e3o pol\u00edtica do governador Marcelo D\u00e9da, que transformou em estrat\u00e9gicas as a\u00e7\u00f5es voltadas ao incentivo e atra\u00e7\u00e3o de investimento na \u00e1rea de energias renov\u00e1veis, a energia solar e a pr\u00f3pria energia e\u00f3lica.<\/p>\n<p style=\"text-align: justify;\">No caso espec\u00edfico da UEE Barra dos Coqueiros, o Governo do Estado ofereceu incentivo locacional, disponibilizando a \u00e1rea de 300 hectares, vizinha ao Porto de Sergipe, que j\u00e1 fora definida previamente para a atra\u00e7\u00e3o de projetos ligados ao desenvolvimento do parque industrial sergipano.<\/p>\n<p style=\"text-align: justify;\">O investimento total da obra \u00e9 de R$ 125 milh\u00f5es, com investimentos do Banco de Desenvolvimento da China, j\u00e1 que a empresa respons\u00e1vel pelo empreendimento utilizou toda a tecnologia e equipamentos origin\u00e1rios daquele pa\u00eds.<\/p>\n<p style=\"text-align: justify;\"><strong>Tesouro Nordestino<\/strong><\/p>\n<p style=\"text-align: justify;\">De acordo com o Atlas E\u00f3lico do Brasil, o regime de ventos encontrado em toda a costa do Nordeste brasileiro \u00e9 um verdadeiro \u201ctesouro\u201d pouco explorado. O regime de ventos existente, e que se prolonga durante todas as esta\u00e7\u00f5es do ano, permite a instala\u00e7\u00e3o de usinas e\u00f3licas em quase todo o litoral, com destaque para o litoral cearense, por sua posi\u00e7\u00e3o geogr\u00e1fica.<\/p>\n<p style=\"text-align: justify;\">Outro aspecto evidenciado por pesquisadores do tema \u00e9 a viabilidade econ\u00f4mica de se explorar esse tipo de energia, onde a demanda de investimentos de grande porte se d\u00e1 somente no processo de instala\u00e7\u00e3o, uma vez que os equipamentos, por sua evolu\u00e7\u00e3o tecnol\u00f3gica, apresentam raros defeitos e baixa necessidade de manuten\u00e7\u00e3o e baix\u00edssimo impacto ambiental.<\/p>\n<p style=\"text-align: justify;\"><strong>Divisor de \u00c1guas<\/strong><\/p>\n<p style=\"text-align: justify;\">A exemplo do que representou para os sergipanos a chegada da energia el\u00e9trica a partir da usina de Paulo Afonso (BA), nos anos 1950, o governador Marcelo D\u00e9da tamb\u00e9m avalia a entrada em opera\u00e7\u00e3o dessa nova usina como um divisor de \u00e1guas na hist\u00f3ria sergipana. \u201cEsse \u00e9 um projeto importante para Sergipe, para o Nordeste brasileiro e para o Brasil. \u00c9 com muita felicidade que podemos celebrar essa que \u00e9 uma vit\u00f3ria da engenharia nacional, do estado de Sergipe e da pol\u00edtica da presidenta Dilma Rousseff para o setor el\u00e9trico. Al\u00e9m das diversas fontes de energia que Sergipe disp\u00f5e hoje, contamos com mais essa fonte de energia que, al\u00e9m de tudo, \u00e9 esteticamente bonita e ambientalmente limpa\u201d, comemorou.<\/p>\n<p style=\"text-align: justify;\">O governador levou em considera\u00e7\u00e3o a estrat\u00e9gia montada pelo Governo Federal em manter fontes de energia renov\u00e1vel como \u2018reserva\u2019 para os per\u00edodos de estiagem, a exemplo do que todo o Nordeste vivencia agora, onde n\u00e3o haver\u00e1 riscos de desabastecimento el\u00e9trico ocasionado pela baixa dos rios que sustentam as usinas hidrel\u00e9tricas, que s\u00e3o a base do abastecimento da regi\u00e3o.<\/p>\n<p style=\"text-align: justify;\"><strong>Desenvolvimento<\/strong><\/p>\n<p style=\"text-align: justify;\">Gra\u00e7as a uma a\u00e7\u00e3o articulada e baseada na \u2018ferramenta\u2019 do planejamento, o Governo do Estado trabalha de forma estrat\u00e9gica para assegurar aos sergipanos uma perspectiva de desenvolvimento s\u00f3lida e que conta com novas descobertas na explora\u00e7\u00e3o mineral, com petr\u00f3leo e carnalita, al\u00e9m de fontes de energia renov\u00e1vel.<\/p>\n<p style=\"text-align: justify;\">A este novo \u2018panorama\u2019, tamb\u00e9m se somam o biodiesel e o etanol, para garantir a consolida\u00e7\u00e3o de um parque industrial modernizado, com garantia de abastecimento energ\u00e9tico para novos empreendimentos e demandas da popula\u00e7\u00e3o, al\u00e9m da gera\u00e7\u00e3o de renda e novos postos de trabalho.<\/p>\n<p style=\"text-align: justify;\"><em><strong>Ag\u00eancia Sergipe de Not\u00edcias<\/strong><\/em><\/p>\n","protected":false},"excerpt":{"rendered":"<p>&nbsp; Quem trafega pela rodovia SE-100 (Barra dos Coqueiros \u2013 Pirambu) j\u00e1 se depara com um novo visual que, para os olhos mais sens\u00edveis, pode representar um novo cart\u00e3o postal para o litoral sergipano. \u00c9 a Usina de Energia E\u00f3lica (UEE) Barra dos Coqueiros, com previs\u00e3o de ser inaugurada oficialmente em janeiro, que j\u00e1 formata [&hellip;]<\/p>\n","protected":false},"author":1,"featured_media":42637,"comment_status":"closed","ping_status":"closed","sticky":false,"template":"","format":"standard","meta":{"footnotes":""},"categories":[6],"tags":[],"class_list":{"0":"post-42636","1":"post","2":"type-post","3":"status-publish","4":"format-standard","5":"has-post-thumbnail","7":"category-politica"},"_links":{"self":[{"href":"https:\/\/senoticias.com.br\/se\/wp-json\/wp\/v2\/posts\/42636"}],"collection":[{"href":"https:\/\/senoticias.com.br\/se\/wp-json\/wp\/v2\/posts"}],"about":[{"href":"https:\/\/senoticias.com.br\/se\/wp-json\/wp\/v2\/types\/post"}],"author":[{"embeddable":true,"href":"https:\/\/senoticias.com.br\/se\/wp-json\/wp\/v2\/users\/1"}],"replies":[{"embeddable":true,"href":"https:\/\/senoticias.com.br\/se\/wp-json\/wp\/v2\/comments?post=42636"}],"version-history":[{"count":0,"href":"https:\/\/senoticias.com.br\/se\/wp-json\/wp\/v2\/posts\/42636\/revisions"}],"wp:featuredmedia":[{"embeddable":true,"href":"https:\/\/senoticias.com.br\/se\/wp-json\/wp\/v2\/media\/42637"}],"wp:attachment":[{"href":"https:\/\/senoticias.com.br\/se\/wp-json\/wp\/v2\/media?parent=42636"}],"wp:term":[{"taxonomy":"category","embeddable":true,"href":"https:\/\/senoticias.com.br\/se\/wp-json\/wp\/v2\/categories?post=42636"},{"taxonomy":"post_tag","embeddable":true,"href":"https:\/\/senoticias.com.br\/se\/wp-json\/wp\/v2\/tags?post=42636"}],"curies":[{"name":"wp","href":"https:\/\/api.w.org\/{rel}","templated":true}]}}