{"id":42499,"date":"2012-12-23T07:49:14","date_gmt":"2012-12-23T10:49:14","guid":{"rendered":"http:\/\/senoticias.com.br\/se\/?p=42499"},"modified":"2012-12-23T07:50:37","modified_gmt":"2012-12-23T10:50:37","slug":"anatel-suspende-promocoes-de-operadoras-de-celular-ate-janeiro","status":"publish","type":"post","link":"https:\/\/senoticias.com.br\/se\/anatel-suspende-promocoes-de-operadoras-de-celular-ate-janeiro\/","title":{"rendered":"Anatel suspende promo\u00e7\u00f5es de operadoras de celular at\u00e9 janeiro"},"content":{"rendered":"<p>&nbsp;<\/p>\n<h5><strong>F\u00e1bio Amato do\u00a0G1, em Bras\u00edlia<\/strong><\/h5>\n<p style=\"text-align: justify;\"><a href=\"http:\/\/senoticias.com.br\/se\/wp-content\/uploads\/2012\/11\/Anatel.jpg\"><img loading=\"lazy\" decoding=\"async\" class=\"alignleft size-thumbnail wp-image-41661\" title=\"Anatel\" src=\"http:\/\/senoticias.com.br\/se\/wp-content\/uploads\/2012\/11\/Anatel-150x150.jpg\" alt=\"\" width=\"150\" height=\"150\" srcset=\"https:\/\/senoticias.com.br\/se\/wp-content\/uploads\/2012\/11\/Anatel-150x150.jpg 150w, https:\/\/senoticias.com.br\/se\/wp-content\/uploads\/2012\/11\/Anatel-50x50.jpg 50w, https:\/\/senoticias.com.br\/se\/wp-content\/uploads\/2012\/11\/Anatel-70x70.jpg 70w, https:\/\/senoticias.com.br\/se\/wp-content\/uploads\/2012\/11\/Anatel-55x55.jpg 55w\" sizes=\"(max-width: 150px) 100vw, 150px\" \/><\/a>A Ag\u00eancia Nacional de Telecomunica\u00e7\u00f5es (Anatel) s\u00f3 vai permitir que as operadoras de telefonia celular voltem a fazer promo\u00e7\u00f5es que gerem impacto em suas redes a partir de janeiro. A informa\u00e7\u00e3o \u00e9 do superintendente de Servi\u00e7os Privados do \u00f3rg\u00e3o, Bruno Ramos, em entrevista concedida ao G1.<\/p>\n<p style=\"text-align: justify;\">A decis\u00e3o se deve ao aumento das reclama\u00e7\u00f5es de clientes nos \u00faltimos meses e ao temor de que a rede de telefonia das operadoras n\u00e3o suportasse o tr\u00e1fego adicional de dados (internet m\u00f3vel) e voz, provocando queda na qualidade do servi\u00e7o.<\/p>\n<p style=\"text-align: justify;\">Sob essa justificativa, em novembro a Anatel suspendeu uma promo\u00e7\u00e3o da <strong>TIM, chamada Infinity Day<\/strong>, que permitia aos usu\u00e1rios fazer liga\u00e7\u00f5es ilimitadas entre n\u00fameros da operadora pagando R$ 0,50 por dia &#8211; a tarifa regular da operadora \u00e9 de R$ 0,25 por liga\u00e7\u00e3o. A TIM chegou a entrar na Justi\u00e7a contra a decis\u00e3o, mas teve o pedido recusado.<\/p>\n<p style=\"text-align: justify;\">De acordo com Ramos, no final de novembro a ag\u00eancia tamb\u00e9m recusou um pedido da Claro para colocar no mercado uma promo\u00e7\u00e3o parecida com a da TIM. A Oi chegou a preparar oferta do tipo para clientes, mas recuou diante da possibilidade de uma interven\u00e7\u00e3o do \u00f3rg\u00e3o regulador.<\/p>\n<p style=\"text-align: justify;\"><strong>Tr\u00e1fego aumenta no Natal<\/strong><\/p>\n<p style=\"text-align: justify;\">\u201cNessa \u00e9poca de Natal \u00e9 quando temos o maior tr\u00e1fego na rede de telefonia, por isso n\u00e3o seria o melhor momento para promo\u00e7\u00f5es que possam gerar impacto ainda maior. A partir de janeiro, por conta das f\u00e9rias, o tr\u00e1fego tem uma queda e ent\u00e3o essas promo\u00e7\u00f5es podem ser liberadas\u201d, diz Ramos.<\/p>\n<p style=\"text-align: justify;\">O superintendente lembra que as operadoras continuam sob monitoramento da Anatel, resultado do acordo que permitiu <strong>\u00e0 TIM, \u00e0 Claro e \u00e0 Oi voltarem a habilitar seus chips. Em julho<\/strong>, as tr\u00eas ficaram proibidas de ligar novos clientes \u00e0s suas redes por conta do aumento de reclama\u00e7\u00f5es e s\u00f3 foram liberadas depois de apresentarem planos de investimentos para solucionar os problemas.<\/p>\n<p style=\"text-align: justify;\">Na \u00e9poca, o crit\u00e9rio adotado pelo \u00f3rg\u00e3o foi suspender a venda de chips da operadora com o pior \u00edndice de qualidade em cada estado. Para definir quais as empresas punidas e onde, foram considerados os n\u00fameros de reclama\u00e7\u00f5es na Anatel, de chamadas n\u00e3o completadas e de interrup\u00e7\u00f5es de liga\u00e7\u00f5es.<\/p>\n<p style=\"text-align: justify;\">A TIM ficou proibida de ativar novas linhas em 18 estados e no Distrito Federal. J\u00e1 a Oi foi punida em cinco. A suspens\u00e3o para a Claro valeu em tr\u00eas estados. A Vivo n\u00e3o foi punida pela Anatel porque n\u00e3o registrou os piores \u00edndices em nenhum estado.<\/p>\n<p style=\"text-align: justify;\">Procurada pelo G1, a TIM informou que vai cumprir os prazos definidos pela Anatel e que, a partir da libera\u00e7\u00e3o das promo\u00e7\u00f5es, vai estudar as suas a\u00e7\u00f5es estrat\u00e9gicas. A Vivo disse que lan\u00e7ou nesse fim de ano promo\u00e7\u00f5es obedecendo as normas da Anatel e n\u00e3o recebeu dela informa\u00e7\u00e3o sobre proibi\u00e7\u00e3o. Oi e Claro disseram que n\u00e3o comentar\u00e3o a decis\u00e3o da ag\u00eancia.<\/p>\n","protected":false},"excerpt":{"rendered":"<p>&nbsp; F\u00e1bio Amato do\u00a0G1, em Bras\u00edlia A Ag\u00eancia Nacional de Telecomunica\u00e7\u00f5es (Anatel) s\u00f3 vai permitir que as operadoras de telefonia celular voltem a fazer promo\u00e7\u00f5es que gerem impacto em suas redes a partir de janeiro. A informa\u00e7\u00e3o \u00e9 do superintendente de Servi\u00e7os Privados do \u00f3rg\u00e3o, Bruno Ramos, em entrevista concedida ao G1. A decis\u00e3o se [&hellip;]<\/p>\n","protected":false},"author":1,"featured_media":41661,"comment_status":"closed","ping_status":"closed","sticky":false,"template":"","format":"standard","meta":{"footnotes":""},"categories":[310,1],"tags":[],"class_list":{"0":"post-42499","1":"post","2":"type-post","3":"status-publish","4":"format-standard","5":"has-post-thumbnail","7":"category-destaques-da-semana","8":"category-sem-categoria"},"_links":{"self":[{"href":"https:\/\/senoticias.com.br\/se\/wp-json\/wp\/v2\/posts\/42499"}],"collection":[{"href":"https:\/\/senoticias.com.br\/se\/wp-json\/wp\/v2\/posts"}],"about":[{"href":"https:\/\/senoticias.com.br\/se\/wp-json\/wp\/v2\/types\/post"}],"author":[{"embeddable":true,"href":"https:\/\/senoticias.com.br\/se\/wp-json\/wp\/v2\/users\/1"}],"replies":[{"embeddable":true,"href":"https:\/\/senoticias.com.br\/se\/wp-json\/wp\/v2\/comments?post=42499"}],"version-history":[{"count":0,"href":"https:\/\/senoticias.com.br\/se\/wp-json\/wp\/v2\/posts\/42499\/revisions"}],"wp:featuredmedia":[{"embeddable":true,"href":"https:\/\/senoticias.com.br\/se\/wp-json\/wp\/v2\/media\/41661"}],"wp:attachment":[{"href":"https:\/\/senoticias.com.br\/se\/wp-json\/wp\/v2\/media?parent=42499"}],"wp:term":[{"taxonomy":"category","embeddable":true,"href":"https:\/\/senoticias.com.br\/se\/wp-json\/wp\/v2\/categories?post=42499"},{"taxonomy":"post_tag","embeddable":true,"href":"https:\/\/senoticias.com.br\/se\/wp-json\/wp\/v2\/tags?post=42499"}],"curies":[{"name":"wp","href":"https:\/\/api.w.org\/{rel}","templated":true}]}}