{"id":42488,"date":"2012-12-22T17:01:39","date_gmt":"2012-12-22T20:01:39","guid":{"rendered":"http:\/\/senoticias.com.br\/se\/?p=42488"},"modified":"2012-12-22T17:04:30","modified_gmt":"2012-12-22T20:04:30","slug":"justica-eleitoral-definira-acoes-de-7-municipios","status":"publish","type":"post","link":"https:\/\/senoticias.com.br\/se\/justica-eleitoral-definira-acoes-de-7-municipios\/","title":{"rendered":"Justi\u00e7a Eleitoral definir\u00e1 a\u00e7\u00f5es de 7 munic\u00edpios"},"content":{"rendered":"<p>&nbsp;<\/p>\n<h5><a href=\"  http:\/\/www.primeiramao.blog.br\/\" target=\"_blank\">\u00a0<strong>Eug\u00eanio Nascimento, Blog Primeira M\u00e3o<\/strong><\/a><\/h5>\n<p>&nbsp;<\/p>\n<div id=\"attachment_42490\" style=\"width: 190px\" class=\"wp-caption alignright\"><a href=\"http:\/\/senoticias.com.br\/se\/wp-content\/uploads\/2012\/12\/Xadrez.gif\"><img loading=\"lazy\" decoding=\"async\" aria-describedby=\"caption-attachment-42490\" class=\"size-full wp-image-42490\" title=\"Xadrez\" src=\"http:\/\/senoticias.com.br\/se\/wp-content\/uploads\/2012\/12\/Xadrez.gif\" alt=\"\" width=\"180\" height=\"110\" \/><\/a><p id=\"caption-attachment-42490\" class=\"wp-caption-text\">As quest\u00f5es ser\u00e3o levadas ao Pleno do TRE-SE e depois, atrav\u00e9s de recursos podem chegam ao TSE, em Bras\u00edlia. (Foto : ilustrativa)<\/p><\/div>\n<p style=\"text-align: justify;\">Os seis maiores problemas hoje existentes relacionados com o pleito de outubro \u00faltimo em Sergipe s\u00e3o os questionamentos em torno das elei\u00e7\u00f5es em Porto da Folha, Ribeir\u00f3polis, Boquim, Aquidab\u00e3, Tobias Barreto e Brejo Grande. Dessas localidades, o TRE-SE garantiu a diploma\u00e7\u00e3o, atrav\u00e9s de medida cautelar, em Porto da Folha e Boquim.\u00a0H\u00e1 ainda problema em S\u00e3o Crist\u00f3v\u00e3o. No trato da diploma\u00e7\u00e3o dos outros quatro munic\u00edpios, a desembargadora Aparecida Gama, presidente do Tribunal Regional Eleitoral de Sergipe, deve se pronunciar nos pr\u00f3ximos dias ou horas. Avalia-se que todos dever\u00e3o ser liberados para diploma\u00e7\u00e3o e posse. Mas isso n\u00e3o quer dizer que os problemas estejam encerrados. As quest\u00f5es ser\u00e3o levadas ao Pleno do TRE-SE e depois, atrav\u00e9s de recursos podem chegam ao TSE, em Bras\u00edlia.<\/p>\n<p><strong>TRE-SE julgou 1.142 processos neste ano<\/strong><\/p>\n<p style=\"text-align: justify;\">O Tribunal Regional Eleitoral encerrou suas atividades ordin\u00e1rias na \u00faltima segunda-feira (17\/12) e a Procuradoria Regional Eleitoral em Sergipe (PRE\/SE) fez levantamento sobre a efici\u00eancia do seu trabalho perante a Corte. No per\u00edodo de abril a dezembro, a PRE\/SE realizou a estat\u00edstica com base em 1.142 casos julgados pelo Tribunal. Em 912 processos, que equivalem a 80% dos casos, o TRE-SE acompanhou integralmente o entendimento do Minist\u00e9rio P\u00fablico Eleitoral. Em outros 47 processos houve acolhimento parcial do parecer da Procuradoria Regional Eleitoral.<\/p>\n","protected":false},"excerpt":{"rendered":"<p>&nbsp; \u00a0Eug\u00eanio Nascimento, Blog Primeira M\u00e3o &nbsp; Os seis maiores problemas hoje existentes relacionados com o pleito de outubro \u00faltimo em Sergipe s\u00e3o os questionamentos em torno das elei\u00e7\u00f5es em Porto da Folha, Ribeir\u00f3polis, Boquim, Aquidab\u00e3, Tobias Barreto e Brejo Grande. Dessas localidades, o TRE-SE garantiu a diploma\u00e7\u00e3o, atrav\u00e9s de medida cautelar, em Porto da [&hellip;]<\/p>\n","protected":false},"author":1,"featured_media":42490,"comment_status":"closed","ping_status":"closed","sticky":false,"template":"","format":"standard","meta":{"footnotes":""},"categories":[6],"tags":[],"class_list":{"0":"post-42488","1":"post","2":"type-post","3":"status-publish","4":"format-standard","5":"has-post-thumbnail","7":"category-politica"},"_links":{"self":[{"href":"https:\/\/senoticias.com.br\/se\/wp-json\/wp\/v2\/posts\/42488"}],"collection":[{"href":"https:\/\/senoticias.com.br\/se\/wp-json\/wp\/v2\/posts"}],"about":[{"href":"https:\/\/senoticias.com.br\/se\/wp-json\/wp\/v2\/types\/post"}],"author":[{"embeddable":true,"href":"https:\/\/senoticias.com.br\/se\/wp-json\/wp\/v2\/users\/1"}],"replies":[{"embeddable":true,"href":"https:\/\/senoticias.com.br\/se\/wp-json\/wp\/v2\/comments?post=42488"}],"version-history":[{"count":0,"href":"https:\/\/senoticias.com.br\/se\/wp-json\/wp\/v2\/posts\/42488\/revisions"}],"wp:featuredmedia":[{"embeddable":true,"href":"https:\/\/senoticias.com.br\/se\/wp-json\/wp\/v2\/media\/42490"}],"wp:attachment":[{"href":"https:\/\/senoticias.com.br\/se\/wp-json\/wp\/v2\/media?parent=42488"}],"wp:term":[{"taxonomy":"category","embeddable":true,"href":"https:\/\/senoticias.com.br\/se\/wp-json\/wp\/v2\/categories?post=42488"},{"taxonomy":"post_tag","embeddable":true,"href":"https:\/\/senoticias.com.br\/se\/wp-json\/wp\/v2\/tags?post=42488"}],"curies":[{"name":"wp","href":"https:\/\/api.w.org\/{rel}","templated":true}]}}