{"id":42485,"date":"2012-12-22T12:49:45","date_gmt":"2012-12-22T15:49:45","guid":{"rendered":"http:\/\/senoticias.com.br\/se\/?p=42485"},"modified":"2012-12-24T19:02:18","modified_gmt":"2012-12-24T22:02:18","slug":"universidades-federais-vao-destinar-30-das-vagas-para-cotistas-em-2013","status":"publish","type":"post","link":"https:\/\/senoticias.com.br\/se\/universidades-federais-vao-destinar-30-das-vagas-para-cotistas-em-2013\/","title":{"rendered":"Universidades federais v\u00e3o destinar 30% das vagas para cotistas em 2013"},"content":{"rendered":"<p><em><span style=\"color: #333333;\"><strong>Do G1, em S\u00e3o Paulo<\/strong><\/span><\/em><\/p>\n<p style=\"text-align: justify;\">Levantamento feito pelo G1 com base nos editais dos processos seletivos das universidades federais para 2013 indica que, no primeiro ano da aplica\u00e7\u00e3o da nova lei de cotas, pelo menos 30% do total de vagas ofertadas ser\u00e3o preenchidas por estudantes que fizeram todo o ensino m\u00e9dio em escolas p\u00fablicas, n\u00famero maior que o m\u00ednimo de 12,5% previsto pela lei.<\/p>\n<div id=\"attachment_42486\" style=\"width: 599px\" class=\"wp-caption aligncenter\"><a href=\"http:\/\/senoticias.com.br\/se\/wp-content\/uploads\/2012\/12\/Exemplo.jpg\"><img loading=\"lazy\" decoding=\"async\" aria-describedby=\"caption-attachment-42486\" class=\"size-full wp-image-42486\" title=\"Exemplo\" src=\"http:\/\/senoticias.com.br\/se\/wp-content\/uploads\/2012\/12\/Exemplo.jpg\" alt=\"\" width=\"589\" height=\"442\" srcset=\"https:\/\/senoticias.com.br\/se\/wp-content\/uploads\/2012\/12\/Exemplo.jpg 589w, https:\/\/senoticias.com.br\/se\/wp-content\/uploads\/2012\/12\/Exemplo-300x225.jpg 300w, https:\/\/senoticias.com.br\/se\/wp-content\/uploads\/2012\/12\/Exemplo-342x256.jpg 342w, https:\/\/senoticias.com.br\/se\/wp-content\/uploads\/2012\/12\/Exemplo-60x45.jpg 60w, https:\/\/senoticias.com.br\/se\/wp-content\/uploads\/2012\/12\/Exemplo-150x113.jpg 150w, https:\/\/senoticias.com.br\/se\/wp-content\/uploads\/2012\/12\/Exemplo-269x201.jpg 269w\" sizes=\"(max-width: 589px) 100vw, 589px\" \/><\/a><p id=\"caption-attachment-42486\" class=\"wp-caption-text\">Exemplo de distribui\u00e7\u00e3o de vagas pela lei de cotas (Foto: Divulga\u00e7\u00e3o \/ MEC)<\/p><\/div>\n<p style=\"text-align: justify;\">A lei n\u00famero 12.771\/2012 sancionada em agosto determina que, at\u00e9 2016, 50% das vagas sejam para alunos que fizeram todo o ensino m\u00e9dio em escola p\u00fablica. Al\u00e9m disso, metade deste \u00edndice ser\u00e1 para alunos com renda familiar at\u00e9 1,5 sal\u00e1rio m\u00ednimo. H\u00e1 ainda um percentual para estudantes autodeclarados pretos, pardos e ind\u00edgenas de acordo com a propor\u00e7\u00e3o desta popula\u00e7\u00e3o no estado da institui\u00e7\u00e3o, segundo o IBGE. A lei vale tamb\u00e9m para os institutos federais de educa\u00e7\u00e3o superior, que n\u00e3o constam do levantamento do G1.<\/p>\n<p style=\"text-align: justify;\">O pa\u00eds tem 59 universidades federais, sendo que 51 institui\u00e7\u00f5es j\u00e1 divulgaram o n\u00famero de vagas abertas no processo seletivo para ingresso no primeiro semestre e, em alguns casos, no segundo semestre de 2013. S\u00e3o mais de 165 mil vagas anunciadas, das quais 48,9 mil ser\u00e3o preenchidas pelo sistema de cota. Dessas, 19,5 mil (40% das cotas) ser\u00e3o destinadas a estudantes com renda familiar at\u00e9 um sal\u00e1rio m\u00ednimo e meio. E ainda 24,2 mil vagas (50%) da cota, ser\u00e1 reservada para estudantes autodeclarados pretos, pardos ou ind\u00edgenas.<\/p>\n<p style=\"text-align: justify;\">O processo seletivo varia de acordo com cada universidade. A maioria vai preencher as vagas pelo Sistema de Sele\u00e7\u00e3o Unificada (Sisu), que ser\u00e1 lan\u00e7ado no dia 7 de janeiro e vai usar as notas dos estudantes no Exame Nacional do Ensino M\u00e9dio (Enem), que ser\u00e3o divulgadas no pr\u00f3ximo dia 28. Outras institui\u00e7\u00f5es t\u00eam seus pr\u00f3prios processos seletivos ou um sistema misto que combina as notas do Enem, vestibular pr\u00f3prio, e o Sisu.<\/p>\n<p style=\"text-align: justify;\">Algumas universidades j\u00e1 se anteciparam \u00e0s determina\u00e7\u00f5es da lei e definiram o percentual de 50% das vagas para cotistas no ano que vem, como as federais do Sergipe (UFS), Juiz de Fora (UFJF), Oeste do Par\u00e1 (Ufopa) e S\u00e3o Jo\u00e3o Del Rei (UFSJ). O caso mais extremo \u00e9 da Universidade Federal da Fronteira Sul (UFFS), de Santa Catarina, que destinar\u00e1 85% das vatas para cotistas. Outras universidades v\u00e3o usar a lei combinada com sistemas de cotas que j\u00e1 adotavam.<\/p>\n<p style=\"text-align: justify;\">O estudante que for disputar uma vaga pelos crit\u00e9rios da lei de cotas dever\u00e1 ficar atento na hora de se inscrever para o Sisu. O Sisu seguir\u00e1 usando como crit\u00e9rio a nota de cada candidato no Exame Nacional do Ensino M\u00e9dio (Enem). No pr\u00f3ximo processo seletivo para o primeiro semestre de 2013, valer\u00e1 a nota do Enem 2012, realizado nos dias 3 e 4 de novembro, e que ser\u00e1 divulgada a todos os candidatos no dia 28.<\/p>\n<p style=\"text-align: justify;\">A institui\u00e7\u00e3o que decidir oferecer vagas por meio do sistema dever\u00e1 definir suas condi\u00e7\u00f5es espec\u00edficas dentro de cinco crit\u00e9rios:<\/p>\n<p style=\"text-align: justify;\">1) O n\u00famero de vagas em cada curso e turno participante do Sisu, al\u00e9m do semestre de ingresso;<\/p>\n<p style=\"text-align: justify;\">2) Se a institui\u00e7\u00e3o for federal, o n\u00famero de vagas reservadas em decorr\u00eancia da lei de cotas (em 2013, a reserva m\u00ednima obrigat\u00f3ria por lei \u00e9 de 12,5% do total de vagas);<\/p>\n<p style=\"text-align: justify;\">3) O n\u00famero de vagas reservadas al\u00e9m do m\u00ednimo obrigat\u00f3rio, al\u00e9m dos crit\u00e9rios de bonifica\u00e7\u00e3o sobre a nota final do candidato que preencha os requisitos das pol\u00edticas de a\u00e7\u00f5es afirmativas espec\u00edficas de cada institui\u00e7\u00e3o;<\/p>\n<p style=\"text-align: justify;\">4) Os pesos de cada prova do Enem, e as notas m\u00ednimas que a institui\u00e7\u00e3o deseja definir para selecionar seus candidatos, em cada curso e turno;<br \/>\n5) Os documentos exigidos pela institui\u00e7\u00e3o para que os candidatos selecionados possam fazer a matr\u00edcula.<\/p>\n<p style=\"text-align: justify;\">Os estudantes que optarem por concorrer \u00e0s vagas reservadas pela lei de cotas ser\u00e3o classificados dentro de grupos e subgrupos de inscritos. Os dois grupos s\u00e3o: estudantes de escola p\u00fablica com renda familiar de at\u00e9 1,5 sal\u00e1rio-m\u00ednimo per capita e estudantes de escola p\u00fablica independente da reda. Dentro desses dois grupos, esses estudantes s\u00e3o divididos entre os que se autodeclararam pretos, pardos ou ind\u00edgenas, e os que n\u00e3o se autodeclararam pretos, pardos ou ind\u00edgenas.<\/p>\n<p style=\"text-align: justify;\">Se, ap\u00f3s as chamadas regulares do Sisu, n\u00e3o houver candidatos classificados em n\u00famero suficiente para o preenchimento das vagas reservadas aos autodeclarados pretos, pardos ou ind\u00edgenas, aquelas eventualmente remanescentes ser\u00e3o ofertadas, na lista de espera, aos estudantes que tenham cursado integralmente o ensino m\u00e9dio em escolas p\u00fablicas.<\/p>\n<p style=\"text-align: justify;\">A lei afirma que 50% das vagas reservadas s\u00e3o destinadas a estudantes de baixa renda, e uma porcentagem definida pelo Censo do Instituto Brasileiro de Geografia e Estat\u00edstica (IBGE) em cada estado para a popula\u00e7\u00e3o preta, parda e ind\u00edgna. Por isso, o Sisu usa os dois grupos (baixa renda e qualquer renda), al\u00e9m dos dois subgrupos de cada um (referente \u00e0 ra\u00e7a), para definir quatro regras para a oferta das vagas remanescentes:<\/p>\n<p style=\"text-align: justify;\">1- As vagas reservadas dentro da cota social e da cota racial (estudantes pretos, pardos e ind\u00edgenas de escola p\u00fablica e renda familiar de at\u00e9 1,5 sal\u00e1rio-m\u00ednimo) ser\u00e3o oferecidas primeiro a estudantes de outras cores ou ra\u00e7as, de acordo com a autodeclara\u00e7\u00e3o, que tamb\u00e9m sejam de escola p\u00fablica e tenham renda de at\u00e9 1,5 sal\u00e1rio-m\u00ednimo, e depois a estudantes de escola p\u00fablica, independente da renda familiar, dando prioridade aos pretos, pardos e ind\u00edgenas;<\/p>\n<p style=\"text-align: justify;\">2- As vagas reservadas dentro da cota social (estudantes de escola p\u00fablica e renda familiar de at\u00e9 1,5 sal\u00e1rio-m\u00ednimo) ser\u00e3o oferecidas primeiro a estudantes pretos, pardos ou ind\u00edgenas de escola p\u00fablica e renda de at\u00e9 1,5 sal\u00e1rio-m\u00ednimo, e depois aos estudantes de escola p\u00fablica de qualquer faixa de renda, dando prioridade aos pretos, pardos e ind\u00edgenas;<\/p>\n<p style=\"text-align: justify;\">3- As vagas reservadas pela cota racial (estudantes pretos, pardos e ind\u00edgenas de escola p\u00fablica e independente da renda familiar) ser\u00e3o oferecidas primeiro a estudantes de outras ra\u00e7as de escola p\u00fablica e qualquer renda, e depois aos estudantes de escola p\u00fablica de renda de at\u00e9 1,5 sal\u00e1rio-m\u00ednimo dando prioridade aos pretos, pardos e ind\u00edgenas;<\/p>\n<p style=\"text-align: justify;\">4- As vagas reservadas a estudantes de escola p\u00fablica, de qualquer faixa de renda, que n\u00e3o se autodeclaram pretos, pardos ou ind\u00edgenas, ser\u00e3o oferecidades primeiro aos autodeclarados pretos, pardos e ind\u00edgenas, oriundos de escola p\u00fablica e de qualquer faixa de renda, e depois aos estudantes de escola p\u00fablica e renda de at\u00e9 1,5 sal\u00e1rio-m\u00ednimo, dando prioridade ao crit\u00e9rio racial.<\/p>\n<p style=\"text-align: justify;\"><strong>Clique <a href=\" http:\/\/g1.globo.com\/educacao\/noticia\/2012\/12\/universidades-federais-vao-destinar-30-das-vagas-para-cotistas-em-2013.html\" target=\"_blank\"><span style=\"color: #0000ff;\">aqui<\/span> <\/a>e continue lendo a mat\u00e9ria<\/strong><\/p>\n","protected":false},"excerpt":{"rendered":"<p>Do G1, em S\u00e3o Paulo Levantamento feito pelo G1 com base nos editais dos processos seletivos das universidades federais para 2013 indica que, no primeiro ano da aplica\u00e7\u00e3o da nova lei de cotas, pelo menos 30% do total de vagas ofertadas ser\u00e3o preenchidas por estudantes que fizeram todo o ensino m\u00e9dio em escolas p\u00fablicas, n\u00famero [&hellip;]<\/p>\n","protected":false},"author":1,"featured_media":42486,"comment_status":"closed","ping_status":"closed","sticky":false,"template":"","format":"standard","meta":{"footnotes":""},"categories":[310,44,26],"tags":[],"class_list":{"0":"post-42485","1":"post","2":"type-post","3":"status-publish","4":"format-standard","5":"has-post-thumbnail","7":"category-destaques-da-semana","8":"category-educacao","9":"category-esportes"},"_links":{"self":[{"href":"https:\/\/senoticias.com.br\/se\/wp-json\/wp\/v2\/posts\/42485"}],"collection":[{"href":"https:\/\/senoticias.com.br\/se\/wp-json\/wp\/v2\/posts"}],"about":[{"href":"https:\/\/senoticias.com.br\/se\/wp-json\/wp\/v2\/types\/post"}],"author":[{"embeddable":true,"href":"https:\/\/senoticias.com.br\/se\/wp-json\/wp\/v2\/users\/1"}],"replies":[{"embeddable":true,"href":"https:\/\/senoticias.com.br\/se\/wp-json\/wp\/v2\/comments?post=42485"}],"version-history":[{"count":0,"href":"https:\/\/senoticias.com.br\/se\/wp-json\/wp\/v2\/posts\/42485\/revisions"}],"wp:featuredmedia":[{"embeddable":true,"href":"https:\/\/senoticias.com.br\/se\/wp-json\/wp\/v2\/media\/42486"}],"wp:attachment":[{"href":"https:\/\/senoticias.com.br\/se\/wp-json\/wp\/v2\/media?parent=42485"}],"wp:term":[{"taxonomy":"category","embeddable":true,"href":"https:\/\/senoticias.com.br\/se\/wp-json\/wp\/v2\/categories?post=42485"},{"taxonomy":"post_tag","embeddable":true,"href":"https:\/\/senoticias.com.br\/se\/wp-json\/wp\/v2\/tags?post=42485"}],"curies":[{"name":"wp","href":"https:\/\/api.w.org\/{rel}","templated":true}]}}