{"id":42483,"date":"2012-12-22T11:52:38","date_gmt":"2012-12-22T14:52:38","guid":{"rendered":"http:\/\/senoticias.com.br\/se\/?p=42483"},"modified":"2012-12-23T16:03:39","modified_gmt":"2012-12-23T19:03:39","slug":"prefeito-de-itabaiana-luciano-bispo-e-condenado-a-perda-do-mandato","status":"publish","type":"post","link":"https:\/\/senoticias.com.br\/se\/prefeito-de-itabaiana-luciano-bispo-e-condenado-a-perda-do-mandato\/","title":{"rendered":"Prefeito de Itabaiana, Luciano Bispo \u00e9 condenado a perda do mandato"},"content":{"rendered":"<p style=\"text-align: justify;\"><span style=\"color: #333333;\"><strong>Luciano Bispo, Roberto Bispo e Carmem Silva s\u00e3o condenado em segunda inst\u00e2ncia por improbidade.<\/strong><\/span><\/p>\n<div id=\"attachment_40158\" style=\"width: 285px\" class=\"wp-caption alignleft\"><a href=\"http:\/\/senoticias.com.br\/se\/wp-content\/uploads\/2012\/10\/Luciano-Bispo.jpg\"><img loading=\"lazy\" decoding=\"async\" aria-describedby=\"caption-attachment-40158\" class=\"size-full wp-image-40158\" title=\"Luciano Bispo\" src=\"http:\/\/senoticias.com.br\/se\/wp-content\/uploads\/2012\/10\/Luciano-Bispo.jpg\" alt=\"\" width=\"275\" height=\"183\" \/><\/a><p id=\"caption-attachment-40158\" class=\"wp-caption-text\">Prefeito de Itabaiana, Luciano Bispo. (Foto: Reprodu\u00e7\u00e3o)<\/p><\/div>\n<p style=\"text-align: justify;\">O Tribunal Regional Federal da 5\u00aa Regi\u00e3o convocou o Desembargador Federal S\u00e9rgio Murilo Wanderley Queiroga para analisar e julgar junto dos seus companheiros do colegiado, mais uma senten\u00e7a movida pelo minist\u00e9rio p\u00fablico contra o ainda prefeito da cidade de Itabaiana Luciano Bispo, seu irm\u00e3o Roberto Bispo e ex tesoureira do munic\u00edpio Carmem Silva Alves dos Santos.<\/p>\n<p style=\"text-align: justify;\">Segundo a acusa\u00e7\u00e3o a administra\u00e7\u00e3o de Luciano a falta de comprometimento do\u00a0objetivo pretendido pela Administra\u00e7\u00e3o na execu\u00e7\u00e3o dos\u00a0programas federais causou o processo e a condena\u00e7\u00e3o.<\/p>\n<p style=\"text-align: justify;\"><strong>Vejas quais foram os motivos:<\/strong><\/p>\n<p style=\"text-align: justify;\">1) Falta de identifica\u00e7\u00e3o na origem dos recursos dos documentos que se\u00a0prestariam a comprovar as despesas efetuadas;\u00a02) movimenta\u00e7\u00e3o\u00a0irregular de recursos mediante transfer\u00eancias para contas n\u00e3o vinculadas aos programas federais em discuss\u00e3o;\u00a03) ter havido\u00a0saques mediante cheques nominais em favor da Prefeitura;\u00a04) ter\u00a0havido quebra do dever de transpar\u00eancia, real obst\u00e1culo \u00e0 efici\u00eancia dos mecanismos de controle inerente aos atos\u00a0p\u00fablicos;\u00a05) e demonstra\u00e7\u00e3o de amea\u00e7a real de desvios de verbas;\u00a06) caracterizadores de exposi\u00e7\u00e3o a risco real de desvios de\u00a0verbas.<\/p>\n<p style=\"text-align: justify;\">Todas essa acusa\u00e7\u00f5es foram utilizadas para comprovarem e condenarem os acusados. Com isso a senten\u00e7a prev\u00ea as seguintes san\u00e7\u00f5es para o prefeito Luciano Bispo :<\/p>\n<p style=\"text-align: justify;\">1) perda do cargo que atualmente exerce, de prefeito do\u00a0Munic\u00edpio de Itabaiana, Sergipe;\u00a02) pagamento de multa civil\u00a0correspondente a 20 (vinte) vezes o valor da remunera\u00e7\u00e3o percebida, no exerc\u00edcio do respectivo cargo e proibi\u00e7\u00e3o de\u00a0contratar com o Poder P\u00fablico ou receber benef\u00edcios ou incentivos fiscais ou credit\u00edcios, direta ou indiretamente,\u00a0ainda que por interm\u00e9dio de pessoa jur\u00eddica da qual seja s\u00f3cio majorit\u00e1rio, pelo prazo de 3 (tr\u00eas) anos.<\/p>\n<p style=\"text-align: justify;\">Porem um fator deixou uma brecha da justi\u00e7a para que o acusado n\u00e3o seja ingressado na lei da Ficha Limpa e provoque 8 anos de inelegibilidade. No item 9 &#8221; Tendo em vista a natureza dos atos perpetrados, dos quais n\u00e3o resultou dano ao er\u00e1rio, nem grande repercuss\u00e3o no meio\u00a0social daquela edilidade, n\u00e3o h\u00e1 de se falar em condena\u00e7\u00e3o por danos morais coletivos sofridos pelos mun\u00edcipes, em decorr\u00eancia da conduta dos acusados.&#8221;a justi\u00e7a deixa entender que o car\u00e1ter de improbidade administrativa seria culpa ou dolo? Se ela encarou isso como culpa ao inv\u00e9s de dolo, o prefeito estaria condenado em segunda instancia, mas n\u00e3o enquadro na lei da ficha limpa como explica o jurista abaixo:<\/p>\n<p style=\"text-align: justify;\">&#8220;o agente \u00edmprobo que enrique\u00e7a ilicitamente e cause preju\u00edzo ao er\u00e1rio \u00e9 ineleg\u00edvel. Mas aquele que cometendo ato de improbidade administrativa viole princ\u00edpios da Administra\u00e7\u00e3o P\u00fablica, como, por exemplo, gravemente frustra a licitude de concurso p\u00fablico, \u00e9 plenamente eleg\u00edvel.&#8221;<\/p>\n<p style=\"text-align: justify;\">Ou seja, para quem j\u00e1 viu de tudo quando se refere a pol\u00edticos sendo condenados, isso significa dizer que \u00e9 melhor aguardar e v\u00ea o que realmente acontece, a \u00fanica certeza que temos \u00e9 das atitudes fraudulentes que encontramos nos nosso administradores.<\/p>\n<p style=\"text-align: justify;\">\u00a0Reda\u00e7\u00e3o, Itnet<\/p>\n<p style=\"text-align: justify;\">\n","protected":false},"excerpt":{"rendered":"<p>Luciano Bispo, Roberto Bispo e Carmem Silva s\u00e3o condenado em segunda inst\u00e2ncia por improbidade. O Tribunal Regional Federal da 5\u00aa Regi\u00e3o convocou o Desembargador Federal S\u00e9rgio Murilo Wanderley Queiroga para analisar e julgar junto dos seus companheiros do colegiado, mais uma senten\u00e7a movida pelo minist\u00e9rio p\u00fablico contra o ainda prefeito da cidade de Itabaiana Luciano [&hellip;]<\/p>\n","protected":false},"author":1,"featured_media":40158,"comment_status":"closed","ping_status":"closed","sticky":false,"template":"","format":"standard","meta":{"footnotes":""},"categories":[6],"tags":[],"class_list":{"0":"post-42483","1":"post","2":"type-post","3":"status-publish","4":"format-standard","5":"has-post-thumbnail","7":"category-politica"},"_links":{"self":[{"href":"https:\/\/senoticias.com.br\/se\/wp-json\/wp\/v2\/posts\/42483"}],"collection":[{"href":"https:\/\/senoticias.com.br\/se\/wp-json\/wp\/v2\/posts"}],"about":[{"href":"https:\/\/senoticias.com.br\/se\/wp-json\/wp\/v2\/types\/post"}],"author":[{"embeddable":true,"href":"https:\/\/senoticias.com.br\/se\/wp-json\/wp\/v2\/users\/1"}],"replies":[{"embeddable":true,"href":"https:\/\/senoticias.com.br\/se\/wp-json\/wp\/v2\/comments?post=42483"}],"version-history":[{"count":0,"href":"https:\/\/senoticias.com.br\/se\/wp-json\/wp\/v2\/posts\/42483\/revisions"}],"wp:featuredmedia":[{"embeddable":true,"href":"https:\/\/senoticias.com.br\/se\/wp-json\/wp\/v2\/media\/40158"}],"wp:attachment":[{"href":"https:\/\/senoticias.com.br\/se\/wp-json\/wp\/v2\/media?parent=42483"}],"wp:term":[{"taxonomy":"category","embeddable":true,"href":"https:\/\/senoticias.com.br\/se\/wp-json\/wp\/v2\/categories?post=42483"},{"taxonomy":"post_tag","embeddable":true,"href":"https:\/\/senoticias.com.br\/se\/wp-json\/wp\/v2\/tags?post=42483"}],"curies":[{"name":"wp","href":"https:\/\/api.w.org\/{rel}","templated":true}]}}