{"id":42480,"date":"2012-12-22T06:38:04","date_gmt":"2012-12-22T09:38:04","guid":{"rendered":"http:\/\/senoticias.com.br\/se\/?p=42480"},"modified":"2012-12-22T07:04:30","modified_gmt":"2012-12-22T10:04:30","slug":"homem-e-assassinado-com-seis-tiros-em-itabaiana","status":"publish","type":"post","link":"https:\/\/senoticias.com.br\/se\/homem-e-assassinado-com-seis-tiros-em-itabaiana\/","title":{"rendered":"Homem \u00e9 assassinado com seis tiros  em Itabaiana."},"content":{"rendered":"<p style=\"text-align: justify;\"><a href=\"http:\/\/senoticias.com.br\/se\/wp-content\/uploads\/2012\/12\/vado_de_carlito_assassinado_p.jpg\"><img loading=\"lazy\" decoding=\"async\" class=\"alignleft size-full wp-image-42482\" title=\"vado\" src=\"http:\/\/senoticias.com.br\/se\/wp-content\/uploads\/2012\/12\/vado_de_carlito_assassinado_p.jpg\" alt=\"\" width=\"150\" height=\"200\" \/><\/a>A cidade de Itabaiana, no agreste sergipano, volta a ser manchete nas p\u00e1ginas policiais desta sexta-feira, dia 21, com o registro de mais um homic\u00eddio.<\/p>\n<p style=\"text-align: justify;\">Por volta das 11h30 o ex-presidi\u00e1rio Givaldo Souza Santos, conhecido como &#8220;Nado de Carlito do Inhame&#8221;, 39 anos, foi encaminhado para o Hospital Regional Dr. Pedro Garcia Moreno Filho ap\u00f3s ser alvejado com seis tiros nas costas, no entanto, ele n\u00e3o resistiu aos ferimentos e faleceu quando a sua transfer\u00eancia para a capital sergipana estava sendo provid\u00eanciada pelo Servi\u00e7o de Atendimento M\u00f3vel de Urg\u00eancia (SAMU).<\/p>\n<p style=\"text-align: justify;\">Givaldo Souza morava na Rua Alemar Batista de Andrade, tamb\u00e9m conhecida como desvio para o Bairro Miguel Teles de Mendon\u00e7a, em Itabaiana.<\/p>\n<p style=\"text-align: justify;\">Segundo informa\u00e7\u00f5es levantadas pela pol\u00edcia, o autor do crime \u00e9 conhecido pela alcunha de &#8220;Nado de Cabo Z\u00e9&#8221; e estava acompanhado de um comparsa em um carro de cor preta.<\/p>\n<p style=\"text-align: justify;\">Determinado a concluir o servi\u00e7o o suspeito, se dirigiu a unidade hospitalar em uma motocicleta na companhia de um amigo, por\u00e9m foi surpreendido pela presen\u00e7a de policiais do 3.\u00ba Batalh\u00e3o de Pol\u00edcia Militar (3.\u00ba BPM).<\/p>\n<p style=\"text-align: justify;\">Numa a\u00e7\u00e3o r\u00e1pida ele conseguiu fugir do cerco policial com o ve\u00edculo de duas rodas, entretanto, o comparsa acabou sendo preso. Encaminhado \u00e0 Delegacia Regional de Pol\u00edcia Civil ele foi identificado como Jamisson da Purifica\u00e7\u00e3o Santos.<\/p>\n<p style=\"text-align: justify;\">Este \u00e9 o segundo homic\u00eddio somente essa semana, totalizando tr\u00eas no m\u00eas de dezembro e 61 em 2012.<\/p>\n<p style=\"text-align: justify;\"><span style=\"color: #333333;\"><strong>Da Reda\u00e7\u00e3o Gilson de Oliveira<\/strong><\/span><\/p>\n","protected":false},"excerpt":{"rendered":"<p>A cidade de Itabaiana, no agreste sergipano, volta a ser manchete nas p\u00e1ginas policiais desta sexta-feira, dia 21, com o registro de mais um homic\u00eddio. Por volta das 11h30 o ex-presidi\u00e1rio Givaldo Souza Santos, conhecido como &#8220;Nado de Carlito do Inhame&#8221;, 39 anos, foi encaminhado para o Hospital Regional Dr. Pedro Garcia Moreno Filho ap\u00f3s [&hellip;]<\/p>\n","protected":false},"author":1,"featured_media":42482,"comment_status":"closed","ping_status":"closed","sticky":false,"template":"","format":"standard","meta":{"footnotes":""},"categories":[7,1],"tags":[],"class_list":{"0":"post-42480","1":"post","2":"type-post","3":"status-publish","4":"format-standard","5":"has-post-thumbnail","7":"category-policia","8":"category-sem-categoria"},"_links":{"self":[{"href":"https:\/\/senoticias.com.br\/se\/wp-json\/wp\/v2\/posts\/42480"}],"collection":[{"href":"https:\/\/senoticias.com.br\/se\/wp-json\/wp\/v2\/posts"}],"about":[{"href":"https:\/\/senoticias.com.br\/se\/wp-json\/wp\/v2\/types\/post"}],"author":[{"embeddable":true,"href":"https:\/\/senoticias.com.br\/se\/wp-json\/wp\/v2\/users\/1"}],"replies":[{"embeddable":true,"href":"https:\/\/senoticias.com.br\/se\/wp-json\/wp\/v2\/comments?post=42480"}],"version-history":[{"count":0,"href":"https:\/\/senoticias.com.br\/se\/wp-json\/wp\/v2\/posts\/42480\/revisions"}],"wp:featuredmedia":[{"embeddable":true,"href":"https:\/\/senoticias.com.br\/se\/wp-json\/wp\/v2\/media\/42482"}],"wp:attachment":[{"href":"https:\/\/senoticias.com.br\/se\/wp-json\/wp\/v2\/media?parent=42480"}],"wp:term":[{"taxonomy":"category","embeddable":true,"href":"https:\/\/senoticias.com.br\/se\/wp-json\/wp\/v2\/categories?post=42480"},{"taxonomy":"post_tag","embeddable":true,"href":"https:\/\/senoticias.com.br\/se\/wp-json\/wp\/v2\/tags?post=42480"}],"curies":[{"name":"wp","href":"https:\/\/api.w.org\/{rel}","templated":true}]}}