{"id":42476,"date":"2012-12-21T23:05:11","date_gmt":"2012-12-22T02:05:11","guid":{"rendered":"http:\/\/senoticias.com.br\/se\/?p=42476"},"modified":"2012-12-25T08:52:49","modified_gmt":"2012-12-25T11:52:49","slug":"papa-bento-xvi-critica-duramente-novas-concepcoes-da-familia","status":"publish","type":"post","link":"https:\/\/senoticias.com.br\/se\/papa-bento-xvi-critica-duramente-novas-concepcoes-da-familia\/","title":{"rendered":"Papa Bento XVI critica duramente novas concep\u00e7\u00f5es da fam\u00edlia"},"content":{"rendered":"<p>&nbsp;<\/p>\n<p><span style=\"color: #666699;\"><strong>Da AFP<\/strong><\/span><\/p>\n<div id=\"attachment_42477\" style=\"width: 605px\" class=\"wp-caption aligncenter\"><a href=\"http:\/\/senoticias.com.br\/se\/wp-content\/uploads\/2012\/12\/papa.jpg\"><img loading=\"lazy\" decoding=\"async\" aria-describedby=\"caption-attachment-42477\" class=\"size-full wp-image-42477\" title=\"papa\" src=\"http:\/\/senoticias.com.br\/se\/wp-content\/uploads\/2012\/12\/papa.jpg\" alt=\"\" width=\"595\" height=\"378\" srcset=\"https:\/\/senoticias.com.br\/se\/wp-content\/uploads\/2012\/12\/papa.jpg 595w, https:\/\/senoticias.com.br\/se\/wp-content\/uploads\/2012\/12\/papa-300x190.jpg 300w, https:\/\/senoticias.com.br\/se\/wp-content\/uploads\/2012\/12\/papa-342x217.jpg 342w\" sizes=\"(max-width: 595px) 100vw, 595px\" \/><\/a><p id=\"caption-attachment-42477\" class=\"wp-caption-text\">Bento XVI critica duramente novas concep\u00e7\u00f5es da fam\u00edlia. (Foto: AFP)<\/p><\/div>\n<p><span style=\"color: #333333;\"><strong>&#8216;Na luta pela fam\u00edlia, o ser humano est\u00e1 em jogo&#8217;, disse o pont\u00edfice.<\/strong><\/span><br \/>\n<span style=\"color: #333333;\"><strong> Ele citou rabino cr\u00edtico a projeto franc\u00eas de legalizar casamento gay.<\/strong><\/span><\/p>\n<p style=\"text-align: justify;\">O papa Bento XVI criticou nesta sexta-feira (21) duramente as novas concep\u00e7\u00f5es da fam\u00edlia que n\u00e3o se baseiam na uni\u00e3o de um homem e uma mulher e afirmou que &#8220;na luta pela fam\u00edlia o ser humano est\u00e1 em jogo&#8221;.<\/p>\n<p style=\"text-align: justify;\">Em seu discurso de fim de ano \u00e0 C\u00faria Romana, o Papa denunciou a falsidade dos estudos de g\u00eanero e citou o grande rabino da Fran\u00e7a, Gilles Bernheim, muito cr\u00edtico ao projeto do governo socialista franc\u00eas de legalizar o casamento e a ado\u00e7\u00e3o para os homossexuais.<\/p>\n<p style=\"text-align: justify;\">Sem citar a palavra homossexual e sem fazer julgamento sobre a homossexualidade, ele atacou claramente a legaliza\u00e7\u00e3o do casamento gay e a ado\u00e7\u00e3o por esses casais na Fran\u00e7a, Estados Unidos e em outros pa\u00edses.<\/p>\n<p style=\"text-align: justify;\">A posi\u00e7\u00e3o do Vaticano sobre o casamento homossexual n\u00e3o mudou, mas o tom endureceu.<\/p>\n<p style=\"text-align: justify;\">No momento em que os pa\u00edses ocidentais adotam reformas sobre o casamento homossexual, o &#8216;Ano da F\u00e9&#8217;, lan\u00e7ado em outubro pelo Papa, parece ser a ocasi\u00e3o de combate sobre essas quest\u00f5es morais.<\/p>\n<p style=\"text-align: justify;\"><strong>Rea\u00e7\u00e3o<\/strong><\/p>\n<p style=\"text-align: justify;\">Alguns movimentos cat\u00f3licos organizaram uma grande manifesta\u00e7\u00e3o contra o casamento gay na Fran\u00e7a em 18 de novembro. Uma outra manifesta\u00e7\u00e3o nacional est\u00e1 prevista para 13 de janeiro.<\/p>\n<p style=\"text-align: justify;\">Os representantes das grandes religi\u00f5es da Fran\u00e7a (cat\u00f3lica, isl\u00e2mica, protestante, judaica), criticaram o projeto do governo socialista, mas insistiram na natureza espec\u00edfica de seus argumentos.<\/p>\n<p style=\"text-align: justify;\"><strong>Mensagem em jornal<\/strong><\/p>\n<p style=\"text-align: justify;\">Bento XVI, em uma rara mensagem publicada quinta-feira (20) no &#8220;Financial Times&#8221;, convidou os crist\u00e3os a se engajarem nas \u00e1reas da justi\u00e7a, da paz, da vida e da fam\u00edlia. Segundo o Papa, os crist\u00e3os devem ser coerentes com a f\u00e9 cat\u00f3lica, disse, citando os pol\u00edticos que s\u00e3o encarregados de votar a favor ou contra os projetos de lei de um governo.<\/p>\n<p style=\"text-align: justify;\">Ele prop\u00f4s uma &#8220;alian\u00e7a&#8221; entre fi\u00e9is de diversas religi\u00f5es e ateus sobre os temas essenciais de defesa da justi\u00e7a, da paz, da fam\u00edlia e da vida, que seria poss\u00edvel em raz\u00e3o de serem &#8220;leis naturais&#8221; as quais todos podem aderir.<\/p>\n<p style=\"text-align: justify;\">Em virtude desta l\u00f3gica, ele citou longamente, e de maneira in\u00e9dita, o grande rabino da Fran\u00e7a, Gilles Bernheim, muito cr\u00edtico ao projeto de legalizar o casamento e a ado\u00e7\u00e3o para os homossexuais.<\/p>\n<p style=\"text-align: justify;\">O Papa elogiou o trabalho do rabino Bernheim, que demonstra que &#8220;atentar contra a aut\u00eantica forma da fam\u00edlia, constitu\u00edda por um pai, uma m\u00e3e e uma crian\u00e7a (&#8230;) coloca em jogo a pr\u00f3pria vis\u00e3o do ser humano&#8221;.<\/p>\n<p style=\"text-align: justify;\">&#8220;Se at\u00e9 o momento perceb\u00edamos como a causa da crise da fam\u00edlia a incompreens\u00e3o sobre a ess\u00eancia da liberdade humana, agora est\u00e1 claro que o que est\u00e1 em jogo \u00e9 a pr\u00f3pria vis\u00e3o do ser humano, o que significa em realidade o fato de ser uma pessoa humana&#8221;, observou Bento XVI.<\/p>\n<p style=\"text-align: justify;\">&#8220;A crian\u00e7a perdeu a posi\u00e7\u00e3o a que pertencia at\u00e9 o momento e a dignidade particular que lhe \u00e9 pr\u00f3pria&#8221;, prosseguiu o Papa. &#8220;Bernheim mostra como, de sujeito jur\u00eddico independente em si mesmo, ele se transforma necessariamente em um objeto, que \u00e9 e tem o direito, e como um objeto de direito, pode ser obtido&#8221;.<\/p>\n<p style=\"text-align: justify;\">Com a rejei\u00e7\u00e3o do casamento tradicional, acrescentou, &#8220;desaparecem as figuras fundamentais da exist\u00eancia humana: o pai, a m\u00e3e, o filho: as dimens\u00f5es essenciais da experi\u00eancia de ser uma pessoa humana est\u00e3o desabando&#8221;.<\/p>\n<p style=\"text-align: justify;\">Neste discurso, no qual costuma explicar as principais preocupa\u00e7\u00f5es da Igreja, o Papa lamentou a &#8220;profunda falsidade&#8221; dos estudos de g\u00eanero, que consideram que o sexo de uma pessoa \u00e9 determinado, na realidade, pela sociedade e educa\u00e7\u00e3o.<\/p>\n<p style=\"text-align: justify;\">O Papa insistiu ao &#8220;Financial Times&#8221; que a &#8220;luta&#8221; pac\u00edfica que ele convocou ultrapassa as fronteiras da Igreja: os princ\u00edpios que ela defende &#8220;n\u00e3o s\u00e3o verdades de f\u00e9, est\u00e3o inscritas na pr\u00f3pria natureza humana, identific\u00e1vel pela raz\u00e3o, e, portanto, comum a toda a humanidade&#8221;, seja no casamento, no come\u00e7o e fim da vida, e na bio\u00e9tica, afirmou o Papa. Sua transforma\u00e7\u00e3o causar\u00e1 &#8220;preju\u00edzo grave para a justi\u00e7a e a paz&#8221;, acrescentou.<\/p>\n","protected":false},"excerpt":{"rendered":"<p>&nbsp; Da AFP &#8216;Na luta pela fam\u00edlia, o ser humano est\u00e1 em jogo&#8217;, disse o pont\u00edfice. Ele citou rabino cr\u00edtico a projeto franc\u00eas de legalizar casamento gay. O papa Bento XVI criticou nesta sexta-feira (21) duramente as novas concep\u00e7\u00f5es da fam\u00edlia que n\u00e3o se baseiam na uni\u00e3o de um homem e uma mulher e afirmou [&hellip;]<\/p>\n","protected":false},"author":1,"featured_media":42477,"comment_status":"closed","ping_status":"closed","sticky":false,"template":"","format":"standard","meta":{"footnotes":""},"categories":[310,46],"tags":[],"class_list":{"0":"post-42476","1":"post","2":"type-post","3":"status-publish","4":"format-standard","5":"has-post-thumbnail","7":"category-destaques-da-semana","8":"category-religiao"},"_links":{"self":[{"href":"https:\/\/senoticias.com.br\/se\/wp-json\/wp\/v2\/posts\/42476"}],"collection":[{"href":"https:\/\/senoticias.com.br\/se\/wp-json\/wp\/v2\/posts"}],"about":[{"href":"https:\/\/senoticias.com.br\/se\/wp-json\/wp\/v2\/types\/post"}],"author":[{"embeddable":true,"href":"https:\/\/senoticias.com.br\/se\/wp-json\/wp\/v2\/users\/1"}],"replies":[{"embeddable":true,"href":"https:\/\/senoticias.com.br\/se\/wp-json\/wp\/v2\/comments?post=42476"}],"version-history":[{"count":0,"href":"https:\/\/senoticias.com.br\/se\/wp-json\/wp\/v2\/posts\/42476\/revisions"}],"wp:featuredmedia":[{"embeddable":true,"href":"https:\/\/senoticias.com.br\/se\/wp-json\/wp\/v2\/media\/42477"}],"wp:attachment":[{"href":"https:\/\/senoticias.com.br\/se\/wp-json\/wp\/v2\/media?parent=42476"}],"wp:term":[{"taxonomy":"category","embeddable":true,"href":"https:\/\/senoticias.com.br\/se\/wp-json\/wp\/v2\/categories?post=42476"},{"taxonomy":"post_tag","embeddable":true,"href":"https:\/\/senoticias.com.br\/se\/wp-json\/wp\/v2\/tags?post=42476"}],"curies":[{"name":"wp","href":"https:\/\/api.w.org\/{rel}","templated":true}]}}