{"id":42469,"date":"2012-12-21T18:36:27","date_gmt":"2012-12-21T21:36:27","guid":{"rendered":"http:\/\/senoticias.com.br\/se\/?p=42469"},"modified":"2012-12-21T18:37:14","modified_gmt":"2012-12-21T21:37:14","slug":"domingo-espetacular-da-record-vai-exibir-serie-de-reportagem-sobre-sergipe","status":"publish","type":"post","link":"https:\/\/senoticias.com.br\/se\/domingo-espetacular-da-record-vai-exibir-serie-de-reportagem-sobre-sergipe\/","title":{"rendered":"Domingo Espetacular, da Record, vai exibir s\u00e9rie de reportagem sobre Sergipe"},"content":{"rendered":"<div id=\"attachment_42470\" style=\"width: 310px\" class=\"wp-caption alignleft\"><a href=\"http:\/\/senoticias.com.br\/se\/wp-content\/uploads\/2012\/12\/Repor.jpg\"><img loading=\"lazy\" decoding=\"async\" aria-describedby=\"caption-attachment-42470\" class=\"size-full wp-image-42470\" title=\"Repor\" src=\"http:\/\/senoticias.com.br\/se\/wp-content\/uploads\/2012\/12\/Repor.jpg\" alt=\"\" width=\"300\" height=\"225\" srcset=\"https:\/\/senoticias.com.br\/se\/wp-content\/uploads\/2012\/12\/Repor.jpg 300w, https:\/\/senoticias.com.br\/se\/wp-content\/uploads\/2012\/12\/Repor-60x45.jpg 60w, https:\/\/senoticias.com.br\/se\/wp-content\/uploads\/2012\/12\/Repor-150x113.jpg 150w, https:\/\/senoticias.com.br\/se\/wp-content\/uploads\/2012\/12\/Repor-269x201.jpg 269w\" sizes=\"(max-width: 300px) 100vw, 300px\" \/><\/a><p id=\"caption-attachment-42470\" class=\"wp-caption-text\">Record, vai exibir s\u00e9rie de reportagem sobre Sergipe.(Foto: Ascom\/Setur)<\/p><\/div>\n<p style=\"text-align: justify;\">As belezas de Sergipe e os principais pontos tur\u00edsticos do est\u00e3o ser\u00e3o destaque no programa Domingo Espetacular, da Rede Record de Televis\u00e3o. A Secretaria de Estado do Turismo (Setur) e a Empresa Sergipana de Turismo (Emsetur) receberam esta semana uma equipe do programa que esteve em Sergipe gravando mat\u00e9rias para uma s\u00e9rie especial com o nosso destino. Esta a\u00e7\u00e3o contou tamb\u00e9m com o apoio e parcerias dos hot\u00e9is Jatob\u00e1 e Xing\u00f3 Parque Hotel, da Casa de Forr\u00f3 Cariri, do Com Amor Beach Bar, da MFtur, do Bar e Restaurante Karranca\u2019s e da Prefeitura de Canind\u00e9 de S\u00e3o Francisco.<\/p>\n<p style=\"text-align: justify;\">Os programas gravados em Sergipe ser\u00e3o exibidos durante todo o m\u00eas de janeiro na programa\u00e7\u00e3o do Domingo Espetacular. A Ilha da Sogra, no litoral Sul do estado, Itabaiana com sua mercearia e bar que homenageiam os mortos e toda a saga de Lampi\u00e3o em terras sergipanas, foram registradas pelas c\u00e2maras da Record. Segundo o rep\u00f3rter Michael Keller, Sergipe \u00e9 um estado lindo. \u201cTive o prazer de conhecer Aracaju em 94 e, mesmo sem essa nova Orla, j\u00e1 fiquei impressionado\u201d, disse.<\/p>\n<p style=\"text-align: justify;\">A produ\u00e7\u00e3o do Domingo Espetacular ficou deslumbrada com a Fazenda Mundo Novo, no munic\u00edpio de Canind\u00e9, um dos esconderijos preferidos de Lampi\u00e3o e seu bando. Outro ponto destacado pela equipe foi a j\u00e1 conhecida receptividade dos sergipanos. \u201cSempre tive vontade de entender a vida de Lampi\u00e3o e agora poder mostrar ao mundo a sua verdadeira hist\u00f3ria e andar um pouco dos 10 mil km percorrido por ele e seu bando nos deixou fascinados. Conhecer a fazenda Mundo Novo, que \u00e9 um recanto de preserva\u00e7\u00e3o da hist\u00f3ria do pa\u00eds, \u00e9 de deixar qualquer brasileiro orgulhoso. Tive o prazer de conhecer neste dias em Sergipe gente de uma hospitalidade \u00fanica e de um jeito especial. Estava literalmente em minha pr\u00f3pria casa\u201d, relatou o rep\u00f3rter.<\/p>\n<p style=\"text-align: justify;\"><em><strong>Ag\u00eancia Sergipe de Not\u00edcias<\/strong><\/em><\/p>\n","protected":false},"excerpt":{"rendered":"<p>As belezas de Sergipe e os principais pontos tur\u00edsticos do est\u00e3o ser\u00e3o destaque no programa Domingo Espetacular, da Rede Record de Televis\u00e3o. A Secretaria de Estado do Turismo (Setur) e a Empresa Sergipana de Turismo (Emsetur) receberam esta semana uma equipe do programa que esteve em Sergipe gravando mat\u00e9rias para uma s\u00e9rie especial com o [&hellip;]<\/p>\n","protected":false},"author":1,"featured_media":42470,"comment_status":"closed","ping_status":"closed","sticky":false,"template":"","format":"standard","meta":{"footnotes":""},"categories":[44,26],"tags":[],"class_list":{"0":"post-42469","1":"post","2":"type-post","3":"status-publish","4":"format-standard","5":"has-post-thumbnail","7":"category-educacao","8":"category-esportes"},"_links":{"self":[{"href":"https:\/\/senoticias.com.br\/se\/wp-json\/wp\/v2\/posts\/42469"}],"collection":[{"href":"https:\/\/senoticias.com.br\/se\/wp-json\/wp\/v2\/posts"}],"about":[{"href":"https:\/\/senoticias.com.br\/se\/wp-json\/wp\/v2\/types\/post"}],"author":[{"embeddable":true,"href":"https:\/\/senoticias.com.br\/se\/wp-json\/wp\/v2\/users\/1"}],"replies":[{"embeddable":true,"href":"https:\/\/senoticias.com.br\/se\/wp-json\/wp\/v2\/comments?post=42469"}],"version-history":[{"count":0,"href":"https:\/\/senoticias.com.br\/se\/wp-json\/wp\/v2\/posts\/42469\/revisions"}],"wp:featuredmedia":[{"embeddable":true,"href":"https:\/\/senoticias.com.br\/se\/wp-json\/wp\/v2\/media\/42470"}],"wp:attachment":[{"href":"https:\/\/senoticias.com.br\/se\/wp-json\/wp\/v2\/media?parent=42469"}],"wp:term":[{"taxonomy":"category","embeddable":true,"href":"https:\/\/senoticias.com.br\/se\/wp-json\/wp\/v2\/categories?post=42469"},{"taxonomy":"post_tag","embeddable":true,"href":"https:\/\/senoticias.com.br\/se\/wp-json\/wp\/v2\/tags?post=42469"}],"curies":[{"name":"wp","href":"https:\/\/api.w.org\/{rel}","templated":true}]}}