{"id":42466,"date":"2012-12-21T18:22:08","date_gmt":"2012-12-21T21:22:08","guid":{"rendered":"http:\/\/senoticias.com.br\/se\/?p=42466"},"modified":"2012-12-21T18:24:38","modified_gmt":"2012-12-21T21:24:38","slug":"entidades-sociais-jornalistas-e-militantes-lancam-nota-de-solidariedade-ao-jornalista-cristian-goes","status":"publish","type":"post","link":"https:\/\/senoticias.com.br\/se\/entidades-sociais-jornalistas-e-militantes-lancam-nota-de-solidariedade-ao-jornalista-cristian-goes\/","title":{"rendered":"Entidades sociais, jornalistas e militantes lan\u00e7am nota de solidariedade ao jornalista Cristian G\u00f3es"},"content":{"rendered":"<p>&nbsp;<\/p>\n<div id=\"attachment_42467\" style=\"width: 208px\" class=\"wp-caption alignleft\"><a href=\"http:\/\/senoticias.com.br\/se\/wp-content\/uploads\/2012\/12\/cristian-goes.jpg\"><img loading=\"lazy\" decoding=\"async\" aria-describedby=\"caption-attachment-42467\" class=\"size-full wp-image-42467\" title=\"cristian-goes\" src=\"http:\/\/senoticias.com.br\/se\/wp-content\/uploads\/2012\/12\/cristian-goes.jpg\" alt=\"\" width=\"198\" height=\"218\" \/><\/a><p id=\"caption-attachment-42467\" class=\"wp-caption-text\">Jornalista Cristian G\u00f3es. (Foto: Reprodu\u00e7\u00e3o)<\/p><\/div>\n<p style=\"text-align: justify;\">Mais de 70 entidades da sociedade civil, acad\u00eamicas, movimentos populares, estudantis, organiza\u00e7\u00f5es sindicais, jornalistas, ativistas e militantes sociais lan\u00e7aram uma Nota P\u00fablica de solidariedade ao jornalista Cristian G\u00f3es, que est\u00e1 sendo processado c\u00edvel e criminalmente pelo desembargador do Tribunal de Justi\u00e7a, Edson Ulisses de Melo.<\/p>\n<p style=\"text-align: justify;\">Na Nota P\u00fablica, as entidades fazem refer\u00eancia \u00e0 Declara\u00e7\u00e3o Universal dos Direitos Humanos, de 1948, e ao artigo 5\u00ba da Constitui\u00e7\u00e3o Federal brasileira, que garantem a livre express\u00e3o de pensamento e da atividade intelectual e art\u00edstica.<\/p>\n<p style=\"text-align: justify;\">Para as entidades que subscrevem a nota, a a\u00e7\u00e3o movida pelo desembargador se configura como um ataque \u00e0 liberdade de express\u00e3o, direito fundamental para o exerc\u00edcio da cidadania. Por isso, \u201ccom a\u00e7\u00f5es como esta, o desembargador Edson Ulisses processa n\u00e3o s\u00f3 o jornalista Cristian G\u00f3es, mas nos processa tamb\u00e9m\u201d, diz um trecho do documento.<\/p>\n<p style=\"text-align: justify;\">As entidades e pessoas que desejem aderir \u00e0 nota de solidariedade devem enviar mensagem para o <span style=\"color: #0000ff;\"><strong>email: liberdadedeexpressao.sergipe@gmail.com.<\/strong><\/span><\/p>\n<p><strong>Confira abaixo a \u00edntegra da Nota P\u00fablica:<\/strong><\/p>\n<p>Liberdade de Express\u00e3o: direito fundamental para o exerc\u00edcio da cidadania<\/p>\n<p><strong>Nota de solidariedade ao jornalista Cristian G\u00f3es<\/strong><\/p>\n<p style=\"text-align: justify;\">As entidades sindicais, movimentos sociais, organiza\u00e7\u00f5es populares e partidos pol\u00edticos abaixo-assinados v\u00eam a p\u00fablico manifestar solidariedade ao jornalista Cristian G\u00f3es, que est\u00e1 sendo, injustamente, alvo de dois processos judiciais (um criminal e um c\u00edvel) movidos pelo Desembargador do Tribunal de Justi\u00e7a de Sergipe, Edson Ulisses de Melo.<\/p>\n<p style=\"text-align: justify;\">A motiva\u00e7\u00e3o do Desembargador Edson Ulisses foi um artigo de car\u00e1ter ficcional escrito por Cristian G\u00f3es, em maio deste ano, em seu blog no Portal Infonet. Mesmo o artigo n\u00e3o fazendo qualquer refer\u00eancia a nomes, datas, lugares ou fatos, o Desembargador entendeu que Cristian G\u00f3es, de algum modo, o atacava e, por isso, decidiu processar o jornalista.<\/p>\n<p style=\"text-align: justify;\">Mesmo sem ser citado em qualquer linha do artigo, o Desembargador Edson Ulisses alega inj\u00faria, difama\u00e7\u00e3o e pede a pris\u00e3o de at\u00e9 quatro anos do jornalista, abertura de inqu\u00e9rito policial e pagamento de indeniza\u00e7\u00e3o em valores a ser fixado pelo juiz, al\u00e9m do valor de R$ 25 mil para \u00e0 custa do processo.<\/p>\n<p style=\"text-align: justify;\">O artigo escrito pelo jornalista nada mais \u00e9 que o exerc\u00edcio criativo de descrever uma situa\u00e7\u00e3o que poderia ter acontecido em qualquer tempo e em qualquer lugar do mundo, que, em v\u00e1rios aspectos, ainda tem marcas do coronelismo e do autoritarismo pol\u00edtico e econ\u00f4mico.<\/p>\n<p style=\"text-align: justify;\">Por isso, para n\u00f3s, n\u00e3o restam d\u00favidas que a a\u00e7\u00e3o judicial impetrada pelo Desembargador se configura como um ataque \u00e0 liberdade de express\u00e3o, direito fundamental para o exerc\u00edcio da cidadania.<\/p>\n<p style=\"text-align: justify;\">Direito este que \u00e9 previsto no artigo XIX da Declara\u00e7\u00e3o Universal dos Direitos Humanos que, no \u00faltimo dia 10 de dezembro, completou 64 anos. Diz o artigo XIX: \u201ctodo ser humano tem direito \u00e0 liberdade de opini\u00e3o e express\u00e3o; esse direito inclui a liberdade de ter opini\u00f5es sem sofrer interfer\u00eancia e de procurar, receber e divulgar informa\u00e7\u00f5es e ideias por quaisquer meios e independentemente de fronteiras\u201d.<\/p>\n<p style=\"text-align: justify;\">Direito garantido tamb\u00e9m na Constitui\u00e7\u00e3o Federal brasileira, de 1988. Diz o artigo 5\u00ba, IX, da nossa Carta Magna: \u201c\u00c9 livre a express\u00e3o da atividade intelectual, art\u00edsticas, cient\u00edfica e de comunica\u00e7\u00e3o, independentemente de censura ou licen\u00e7a\u201d.<br \/>\nDessa forma, entendemos que a a\u00e7\u00e3o judicial contra o jornalista Cristian G\u00f3es n\u00e3o fere somente a sua liberdade, mas a de todos aqueles que defendem a verdadeira liberdade de express\u00e3o e o direito humano \u00e0 comunica\u00e7\u00e3o. Com a\u00e7\u00f5es como esta, o Desembargador Edson Ulisses processa n\u00e3o s\u00f3 o jornalista Cristian G\u00f3es, mas nos processa tamb\u00e9m.<\/p>\n<p style=\"text-align: justify;\">Por isso, por meio desta nota e cotidianamente em nossas a\u00e7\u00f5es, continuaremos na luta di\u00e1ria pela garantia do direito \u00e0 liberdade de express\u00e3o para todos e todas, e n\u00e3o somente para alguns.<\/p>\n<p style=\"text-align: justify;\">Aracaju, 19 de dezembro de 2012.<\/p>\n<p style=\"text-align: justify;\"><strong>Entidades que assinam a nota:<\/strong><\/p>\n<p style=\"text-align: justify;\">1. ABRA\u00c7O \u2013 Associa\u00e7\u00e3o Brasileira de Radiodifus\u00e3o Comunit\u00e1ria em Sergipe<br \/>\n2. Associa\u00e7\u00e3o Desportiva, Cultural e Ambiental do Robalo \u2013 ADCAR<br \/>\n3. ANEL \u2013 Assembleia Nacional dos Estudantes Livre<br \/>\n4. Associa\u00e7\u00e3o dos Ge\u00f3grafos do Brasil<br \/>\n5. CCLF \u2013 Centro de Cultura Luiz Freire<br \/>\n6. Central dos Trabalhadores e Trabalhadoras do Brasil em Sergipe \u2013 CTB\/SE<br \/>\n7. Central Sindical e Popular \u2013 CSP\/CONLUTAS<br \/>\n8. Central \u00danica dos Trabalhadores em Sergipe \u2013 CUT\/SE<br \/>\n9. Coletivo Azedume<br \/>\n10. Diret\u00f3rio Acad\u00eamico de Comunica\u00e7\u00e3o Social da Universidade Federal de Sergipe<br \/>\n11. ENECOS \u2013 Executiva Nacional dos\/as Estudantes de Comunica\u00e7\u00e3o Social<br \/>\n12. F\u00f3rum em Defesa da Grande Aracaju<br \/>\n13. Grupo de Pesquisa em Marketing da Universidade Federal de Sergipe<br \/>\n14. Instituto Bra\u00e7os<br \/>\n15. Instituto de Forma\u00e7\u00e3o Humana e Educa\u00e7\u00e3o Popular<br \/>\n16. Intervozes \u2013 Coletivo Brasil de Comunica\u00e7\u00e3o Social<br \/>\n17. MNDH \u2013 Movimento Nacional de Direitos Humanos em Sergipe<br \/>\n18. Movimento N\u00e3o Pago<br \/>\n19. N\u00facleo Piratininga de Comunica\u00e7\u00e3o<br \/>\n20. PACS \u2013 Instituto Pol\u00edticas Alternativas para o Cone Sul<br \/>\n21. Partido Comunista Brasileiro (PCB)<br \/>\n22. Partido Socialismo e Liberdade (PSOL) \u2013 Diret\u00f3rio Municipal de Aracaju<br \/>\n23. Partido Socialista dos Trabalhadores Unificado (PSTU) \u2013 Diret\u00f3rio Municipal de Aracaju e Diret\u00f3rio Estadual de Sergipe<br \/>\n24. Renajorp \u2013 Rede Nacional de Jornalistas Populares<br \/>\n25. Sindicato dos Agentes de Medidas Socioeducativas de Sergipe<br \/>\n26. Sindicato dos Banc\u00e1rios de Sergipe<br \/>\n27. SINDICAGESE \u2013 Sindicato dos Trabalhadores da Ind\u00fastria do Cimento, Cal e Gesso do Estado de Sergipe<br \/>\n28. SINDIFISCO \u2013 Sindicato do Fisco do Estado de Sergipe<br \/>\n29. SINDIJOR \u2013 Sindicato dos Jornalistas do Estado de Sergipe<br \/>\n30. SINDIJUS \u2013 Sindicato dos Servidores do Poder Judici\u00e1rio do Estado de Sergipe<br \/>\n31. SINDIPETRO AL\/SE \u2013 Sindicato Unificado dos Trabalhadores do Ramo do Petr\u00f3leo, Qu\u00edmico, Petroqu\u00edmico, Pl\u00e1stico e Fertilizante de Alagoas e Sergipe<br \/>\n32. SINTESE \u2013 Sindicato dos Trabalhadores em Educa\u00e7\u00e3o do Estado de Sergipe<br \/>\n33. STERTS \u2013 Sindicato dos Radialistas do Estado de Sergipe<br \/>\n34. Uni\u00e3o da Juventude Comunista \u2013 UJC<br \/>\n35. ULEPICC-BR \u2013 Uni\u00e3o Latina de Economia Pol\u00edtica da Informa\u00e7\u00e3o, da Comunica\u00e7\u00e3o e da Cultura, Cap\u00edtulo Brasil.<\/p>\n<p style=\"text-align: justify;\"><strong>Pessoas que aderem \u00e0 nota:<\/strong><\/p>\n<p style=\"text-align: justify;\">1. Adriana Sangalli, jornalista (Rio de Janeiro)<br \/>\n2. Alexandrina Luz Concei\u00e7\u00e3o, professora do N\u00facleo de P\u00f3s-Gradua\u00e7\u00e3o de Geografia da Universidade Federal de Sergipe<br \/>\n3. \u00c1lvaro Brito, jornalista, vice-presidente do Sindicato dos Jornalistas do Estado do Rio de Janeiro<br \/>\n4. Alejandro Zambrana, fot\u00f3grafo (Sergipe)<br \/>\n5. Allan de Carvalho, jornalista (Sergipe)<br \/>\n6. Arlene Carvalho, enfermeira (Rio de Janeiro)<br \/>\n7. Bia Barbosa, jornalista (S\u00e3o Paulo)<br \/>\n8. Caio Teixeira, jornalista (Santa Catarina)<br \/>\n9. Carlos Pronzato, cineasta e escritor (Salvador)<br \/>\n10. Carole Ferreira da Cruz, jornalista (Sergipe)<br \/>\n11. Caroline Rejane Sousa Santos, jornalista, presidente do Sindicato dos Jornalistas do Estado de Sergipe<br \/>\n12. Cec\u00edlia Figueiredo, jornalista (S\u00e3o Paulo)<br \/>\n13. C\u00e9sar Bola\u00f1o, professor da Universidade Federal de Sergipe<br \/>\n14. Cl\u00e1udio Nunes, jornalista (Sergipe)<br \/>\n15. Cl\u00e9cia Carla Silva Santos, jornalista, mestranda em Comunica\u00e7\u00e3o da Universidade Federal de Sergipe<br \/>\n16. D\u00e9bora Melo, jornalista (Sergipe)<br \/>\n17. Dem\u00e9trio Varj\u00e3o, economista (Sergipe)<br \/>\n18. Diego Barboza, jornalista (Sergipe)<br \/>\n19. Ediv\u00e2nia Freire, jornalista (Sergipe)<br \/>\n20. Elaine Tavares, jornalista (Santa Catarina)<br \/>\n21. Elma Santos, radialista (Sergipe)<br \/>\n22. Ethiene Fonseca, publicit\u00e1rio e jornalista (Sergipe)<br \/>\n23. Fernanda de Almeida Santos, estudante de audiovisual da Universidade Federal de Sergipe<br \/>\n24. Gabriela Melo, jornalista (Sergipe)<br \/>\n25. George Washington, jornalista, ex-Presidente do Sindicato dos Jornalistas do Estado de Sergipe<br \/>\n26. Hamilton Octavio de Souza, professor da PUC-SP e editor da Revista Caros Amigos<br \/>\n27. Hellington Chianca Couto \u2013 Professor (Rio de Janeiro)<br \/>\n28. Heitor Cesar Oliveira, historiador e membro do Comit\u00ea Central do Partido Comunista Brasileiro<br \/>\n29. Heitor Pereira Alves Filho, professor substituto de Economia do Petr\u00f3leo da Universidade Federal de Sergipe<br \/>\n30. Iracema Corso, jornalista (Sergipe)<br \/>\n31. Isabela Raposo, radialista (Sergipe)<br \/>\n32. Ivan Moraes Filho, jornalista e produtor do programa P\u00e9 na Rua (Pernambuco)<br \/>\n33. Izabel Nascimento, professora (Sergipe)<br \/>\n34. Janete Cahet, jornalista (Sergipe)<br \/>\n35. Joanne Mota, jornalista (S\u00e3o Paulo)<br \/>\n36. Joe Igor, Diretor do Sindicato dos Trabalhadores na Ind\u00fastria da Purifica\u00e7\u00e3o e Distribui\u00e7\u00e3o de \u00c1gua e em Servi\u00e7os de Esgoto do Estado de Sergipe<br \/>\n37. Jonas Valente, jornalista, Secret\u00e1rio-Geral do Sindicato dos Jornalistas do Distrito Federal<br \/>\n38. Jos\u00e9 Dias Firmos dos Santos \u2013 Servidor P\u00fablico Federal (Sergipe)<br \/>\n39. Juliana Sada, jornalista (S\u00e3o Paulo)<br \/>\n40. J\u00falio C\u00e9sar Carignano, jornalista (Cascavel, Paran\u00e1)<br \/>\n41. Keka Werneck, jornalista, Secret\u00e1ria-Geral do Sindicato dos Jornalistas do Mato Grosso<br \/>\n42. Leonor Costa, jornalista, 1\u00aa tesoureira do Sindicato dos Jornalistas do Distrito Federal<br \/>\n43. Lilian Fran\u00e7a, professora da Universidade Federal de Sergipe<br \/>\n44. L\u00facia Rodrigues, jornalista (S\u00e3o Paulo)<br \/>\n45. Luige de Oliveira, soci\u00f3logo (Sergipe)<br \/>\n46. Luis Alberto Barbosa Pinto, historiador, m\u00fasico e tesoureiro do PSOL Sergipe<br \/>\n47. Luiz Antonio dos Santos, jornalista (Rio de Janeiro)<br \/>\n48. Luiz Gustavo de Mesquita Soares, jornalista, membro do grupo Sindicato \u00e9 Pra Lutar (Santos\/SP)<br \/>\n49. M\u00e1rcio Rocha, radialista (Sergipe)<br \/>\n50. M\u00e1rcio Rogers Melo de Almeida, economista (Sergipe)<br \/>\n51. Marcos Urup\u00e1, jornalista, membro do Intervozes e do LutaFENAJ! (Distrito Federal)<br \/>\n52. Marina Schneider, jornalista (Rio de Janeiro)<br \/>\n53. M\u00e1rio Augusto Jakobskind, Presidente da Comiss\u00e3o de Defesa da Liberdade de Imprensa e Direitos Humanos da Associa\u00e7\u00e3o Brasileira de Imprensa<br \/>\n54. Matheus \u00cdtalo Nascimento, Diretor Executivo e fundador da Ag\u00eancia Prime Propaganda<br \/>\n55. Matheus Pereira Mattos Felizola \u2013 Prof. Dr. Universidade Federal de Sergipe<br \/>\n56. Nat\u00e1lia Alexandre \u2013 Engenheira Eletricista (Bahia)<br \/>\n57. Pedro Carrano, membro da Diretoria do Sindicato dos Jornalistas do Paran\u00e1<br \/>\n58. Pedro Estevam da Rocha Pomar, jornalista (S\u00e3o Paulo)<br \/>\n59. Pedro Paulo de Lavor Nunes (Sec. de Forma\u00e7\u00e3o Pol\u00edtica da UJC-Sergipe)<br \/>\n60. Priscila da Silva G\u00f3es, professora de Hist\u00f3ria (Sergipe)<br \/>\n61. Paulo de Sousa (jornalista, diretor de Jornalismo do Portal Caju News e apresentador do Jornal da Tarde (Ilha FM\/R\u00e1dio Com\u00e9rcio \u2013 Aracaju\/SE)<br \/>\n62. Renato Lima Nogueira, jornalista (Sergipe)<br \/>\n63. Renato Prata, integrante do Movimento dos Trabalhadores Desempregados (MTD)<br \/>\n64. Renato Rovai, editor da Revista F\u00f3rum e professor da Faculdade C\u00e1sper Libero (S\u00e3o Paulo)<br \/>\n65. Roberto Morales, integrante da Justi\u00e7a Global<br \/>\n66. Rog\u00e9rio Alimandro, membro da Executiva do Partido Socialismo e Liberdade Diret\u00f3rio do Rio de Janeiro (PSOL\/RJ)<br \/>\n67. Rom\u00e9rio Ven\u00e2ncio, professor do Departamento de Filosofia da Universidade Federal de Sergipe<br \/>\n68. S\u00edlvia Sales, jornalista (Par\u00e1)<br \/>\n69. S\u00f4nia Aguiar, jornalista e professora da Universidade Federal de Sergipe<br \/>\n70. Tarcila Olanda, jornalista (Sergipe)<br \/>\n71. Val\u00e9rio Paiva, jornalista e membro do Diret\u00f3rio Estadual do PSOL (S\u00e3o Paulo)<br \/>\n72. Valter Pomar, membro do Diret\u00f3rio Nacional do Partido dos Trabalhadores (PT)<br \/>\n73. Ven\u00edcio Lima, jornalista e soci\u00f3logo (Distrito Federal)<br \/>\n74. Verlane Arag\u00e3o, professora da Universidade Federal de Sergipe<br \/>\n75. Wesley Pereira de Castro, mestrando em Comunica\u00e7\u00e3o da Universidade Federal de Sergipe<\/p>\n<p style=\"text-align: justify;\"><strong>Fonte: Sindijor<\/strong><\/p>\n","protected":false},"excerpt":{"rendered":"<p>&nbsp; Mais de 70 entidades da sociedade civil, acad\u00eamicas, movimentos populares, estudantis, organiza\u00e7\u00f5es sindicais, jornalistas, ativistas e militantes sociais lan\u00e7aram uma Nota P\u00fablica de solidariedade ao jornalista Cristian G\u00f3es, que est\u00e1 sendo processado c\u00edvel e criminalmente pelo desembargador do Tribunal de Justi\u00e7a, Edson Ulisses de Melo. Na Nota P\u00fablica, as entidades fazem refer\u00eancia \u00e0 Declara\u00e7\u00e3o [&hellip;]<\/p>\n","protected":false},"author":1,"featured_media":42467,"comment_status":"closed","ping_status":"closed","sticky":false,"template":"","format":"standard","meta":{"footnotes":""},"categories":[310,1],"tags":[],"class_list":{"0":"post-42466","1":"post","2":"type-post","3":"status-publish","4":"format-standard","5":"has-post-thumbnail","7":"category-destaques-da-semana","8":"category-sem-categoria"},"_links":{"self":[{"href":"https:\/\/senoticias.com.br\/se\/wp-json\/wp\/v2\/posts\/42466"}],"collection":[{"href":"https:\/\/senoticias.com.br\/se\/wp-json\/wp\/v2\/posts"}],"about":[{"href":"https:\/\/senoticias.com.br\/se\/wp-json\/wp\/v2\/types\/post"}],"author":[{"embeddable":true,"href":"https:\/\/senoticias.com.br\/se\/wp-json\/wp\/v2\/users\/1"}],"replies":[{"embeddable":true,"href":"https:\/\/senoticias.com.br\/se\/wp-json\/wp\/v2\/comments?post=42466"}],"version-history":[{"count":0,"href":"https:\/\/senoticias.com.br\/se\/wp-json\/wp\/v2\/posts\/42466\/revisions"}],"wp:featuredmedia":[{"embeddable":true,"href":"https:\/\/senoticias.com.br\/se\/wp-json\/wp\/v2\/media\/42467"}],"wp:attachment":[{"href":"https:\/\/senoticias.com.br\/se\/wp-json\/wp\/v2\/media?parent=42466"}],"wp:term":[{"taxonomy":"category","embeddable":true,"href":"https:\/\/senoticias.com.br\/se\/wp-json\/wp\/v2\/categories?post=42466"},{"taxonomy":"post_tag","embeddable":true,"href":"https:\/\/senoticias.com.br\/se\/wp-json\/wp\/v2\/tags?post=42466"}],"curies":[{"name":"wp","href":"https:\/\/api.w.org\/{rel}","templated":true}]}}