{"id":42461,"date":"2012-12-21T18:00:58","date_gmt":"2012-12-21T21:00:58","guid":{"rendered":"http:\/\/senoticias.com.br\/se\/?p=42461"},"modified":"2012-12-24T09:49:52","modified_gmt":"2012-12-24T12:49:52","slug":"prefeitura-de-aracaju-paga-salario-na-vespera-de-natal","status":"publish","type":"post","link":"https:\/\/senoticias.com.br\/se\/prefeitura-de-aracaju-paga-salario-na-vespera-de-natal\/","title":{"rendered":"Prefeitura de Aracaju paga sal\u00e1rio na v\u00e9spera de Natal"},"content":{"rendered":"<div id=\"attachment_42463\" style=\"width: 210px\" class=\"wp-caption alignleft\"><a href=\"http:\/\/senoticias.com.br\/se\/wp-content\/uploads\/2012\/12\/sal\u00e1rio.jpeg\"><img loading=\"lazy\" decoding=\"async\" aria-describedby=\"caption-attachment-42463\" class=\"size-full wp-image-42463\" title=\"sal\u00e1rio\" src=\"http:\/\/senoticias.com.br\/se\/wp-content\/uploads\/2012\/12\/sal\u00e1rio.jpeg\" alt=\"\" width=\"200\" height=\"139\" \/><\/a><p id=\"caption-attachment-42463\" class=\"wp-caption-text\">O prefeito anunciou a antecipa\u00e7\u00e3o do sal\u00e1rio para segunda, 24 (Foto: Silvio Rocha)<\/p><\/div>\n<p style=\"text-align: justify;\">Assim como j\u00e1 vem ocorrendo no decorrer da atual gest\u00e3o, o pagamento do sal\u00e1rio dos servidores da Prefeitura Municipal de Aracaju (PMA), referente ao m\u00eas de dezembro, ser\u00e1 antecipado. Na segunda-feira, 24, v\u00e9spera de Natal, o dinheiro j\u00e1 estar\u00e1 dispon\u00edvel para saque pelos servidores.<\/p>\n<p style=\"text-align: justify;\">A boa not\u00edcia foi anunciada nesta sexta-feira, 21, pelo prefeito Edvaldo Nogueira. O sal\u00e1rio dos servidores normalmente \u00e9 pago no \u00faltimo dia \u00fatil de cada m\u00eas, geralmente no dia 30 ou 31. A antecipa\u00e7\u00e3o do pagamento tem sido uma importante a\u00e7\u00e3o administrativa do prefeito e veio se repetindo nos \u00faltimos anos.<\/p>\n<p style=\"text-align: justify;\">&#8220;\u00c9 com alegria que vou encerrar meu mandato cumprindo rigorosamente o que assumi com os servidores municipais. Executamos uma pol\u00edtica de valoriza\u00e7\u00e3o das categorias, realizamos diversos concursos, concedemos reajustes salariais acima do esperado e pagamos os sal\u00e1rios rigorosamente em dia, quando n\u00e3o antecipamos como estamos fazendo agora&#8221;, disse o prefeito Edvaldo Nogueira.<\/p>\n<p style=\"text-align: justify;\">Assim como acontece com o sal\u00e1rio, a antecipa\u00e7\u00e3o se repete com o pagamento do 13\u00ba. Neste ano, por exemplo, a segunda parcela do abono foi liberada dia 14, seis dias antes do limite estipulado pela legisla\u00e7\u00e3o &#8211; 20 de dezembro. O sal\u00e1rio de dezembro vem a ser pago, portanto, sete dias antes do previsto.<\/p>\n<p style=\"text-align: justify;\">De acordo com o secret\u00e1rio Municipal das Finan\u00e7as, Jeferson Passos, com essa medida, a PMA \u00e9 respons\u00e1vel por injetar R$ 60 milh\u00f5es (somando-se a segunda parcela do 13\u00ba com o sal\u00e1rio de dezembro) na economia local, causando grande impacto no com\u00e9rcio aracajuano.<\/p>\n<p style=\"text-align: justify;\">Com isso, haver\u00e1 a intensifica\u00e7\u00e3o das vendas de fim de ano. &#8220;A antecipa\u00e7\u00e3o demonstra o esfor\u00e7o da Prefeitura em honrar o compromisso com o pagamento dos servidores nos prazos legais. Al\u00e9m disso, tende a movimentar o com\u00e9rcio nesse momento de desaquecimento da economia&#8221;, explica Jeferson Passos.<\/p>\n<p style=\"text-align: justify;\"><strong>Valoriza\u00e7\u00e3o<\/strong><\/p>\n<p style=\"text-align: justify;\">A antecipa\u00e7\u00e3o do pagamento do sal\u00e1rio e do 13\u00ba \u00e9 apenas um dos aspectos que demonstram a responsabilidade da gest\u00e3o do prefeito com os servidores municipais. Edvaldo Nogueira chegar\u00e1 ao fim da administra\u00e7\u00e3o concretizando uma pol\u00edtica salarial que proporcionou aumentos reais, incorpora\u00e7\u00e3o de gratifica\u00e7\u00f5es e pagamentos rigorosamente em dia.<\/p>\n<p style=\"text-align: justify;\">Apenas em 2012, o reajuste salarial do funcionalismo p\u00fablico municipal variou entre 7% e 43,57%; em m\u00e9dia, foi de 14%, al\u00e9m das gratifica\u00e7\u00f5es. A maioria das categorias de profissionais, teve ganhos reais acima do percentual m\u00ednimo.<\/p>\n<p style=\"text-align: justify;\">Apenas em 2012, a folha de pagamento da Prefeitura Municipal de Aracaju teve um acr\u00e9scimo de R$ 50 milh\u00f5es. O volume de recursos confirma a preocupa\u00e7\u00e3o da administra\u00e7\u00e3o com a valoriza\u00e7\u00e3o do servidor. &#8220;A cada ano fomos oferecendo melhoras significativas, antecipamos a data-base de mar\u00e7o para janeiro, incorporamos gratifica\u00e7\u00f5es, sem esquecer que h\u00e1 12 anos n\u00e3o h\u00e1 atraso no pagamento do sal\u00e1rio do servidor p\u00fablico municipal&#8221;, enfatiza Edvaldo Nogueira.<\/p>\n<p style=\"text-align: justify;\"><strong>Ag\u00eancia Aracaju de Not\u00edcias<\/strong><\/p>\n","protected":false},"excerpt":{"rendered":"<p>Assim como j\u00e1 vem ocorrendo no decorrer da atual gest\u00e3o, o pagamento do sal\u00e1rio dos servidores da Prefeitura Municipal de Aracaju (PMA), referente ao m\u00eas de dezembro, ser\u00e1 antecipado. Na segunda-feira, 24, v\u00e9spera de Natal, o dinheiro j\u00e1 estar\u00e1 dispon\u00edvel para saque pelos servidores. A boa not\u00edcia foi anunciada nesta sexta-feira, 21, pelo prefeito Edvaldo [&hellip;]<\/p>\n","protected":false},"author":1,"featured_media":42463,"comment_status":"closed","ping_status":"closed","sticky":false,"template":"","format":"standard","meta":{"footnotes":""},"categories":[6],"tags":[],"class_list":{"0":"post-42461","1":"post","2":"type-post","3":"status-publish","4":"format-standard","5":"has-post-thumbnail","7":"category-politica"},"_links":{"self":[{"href":"https:\/\/senoticias.com.br\/se\/wp-json\/wp\/v2\/posts\/42461"}],"collection":[{"href":"https:\/\/senoticias.com.br\/se\/wp-json\/wp\/v2\/posts"}],"about":[{"href":"https:\/\/senoticias.com.br\/se\/wp-json\/wp\/v2\/types\/post"}],"author":[{"embeddable":true,"href":"https:\/\/senoticias.com.br\/se\/wp-json\/wp\/v2\/users\/1"}],"replies":[{"embeddable":true,"href":"https:\/\/senoticias.com.br\/se\/wp-json\/wp\/v2\/comments?post=42461"}],"version-history":[{"count":0,"href":"https:\/\/senoticias.com.br\/se\/wp-json\/wp\/v2\/posts\/42461\/revisions"}],"wp:featuredmedia":[{"embeddable":true,"href":"https:\/\/senoticias.com.br\/se\/wp-json\/wp\/v2\/media\/42463"}],"wp:attachment":[{"href":"https:\/\/senoticias.com.br\/se\/wp-json\/wp\/v2\/media?parent=42461"}],"wp:term":[{"taxonomy":"category","embeddable":true,"href":"https:\/\/senoticias.com.br\/se\/wp-json\/wp\/v2\/categories?post=42461"},{"taxonomy":"post_tag","embeddable":true,"href":"https:\/\/senoticias.com.br\/se\/wp-json\/wp\/v2\/tags?post=42461"}],"curies":[{"name":"wp","href":"https:\/\/api.w.org\/{rel}","templated":true}]}}