{"id":42459,"date":"2012-12-21T17:51:59","date_gmt":"2012-12-21T20:51:59","guid":{"rendered":"http:\/\/senoticias.com.br\/se\/?p=42459"},"modified":"2012-12-22T13:05:27","modified_gmt":"2012-12-22T16:05:27","slug":"pmdb-realizou-convencao-estadual","status":"publish","type":"post","link":"https:\/\/senoticias.com.br\/se\/pmdb-realizou-convencao-estadual\/","title":{"rendered":"Jackson Barreto \u00e9 reeleito presidente do PMDB estadual"},"content":{"rendered":"<p>&nbsp;<\/p>\n<p style=\"text-align: justify;\"><a href=\"http:\/\/senoticias.com.br\/se\/wp-content\/uploads\/2012\/12\/Jackson.jpg\"><img loading=\"lazy\" decoding=\"async\" class=\"alignleft size-full wp-image-42460\" title=\"Jackson\" src=\"http:\/\/senoticias.com.br\/se\/wp-content\/uploads\/2012\/12\/Jackson.jpg\" alt=\"\" width=\"221\" height=\"166\" srcset=\"https:\/\/senoticias.com.br\/se\/wp-content\/uploads\/2012\/12\/Jackson.jpg 221w, https:\/\/senoticias.com.br\/se\/wp-content\/uploads\/2012\/12\/Jackson-60x45.jpg 60w, https:\/\/senoticias.com.br\/se\/wp-content\/uploads\/2012\/12\/Jackson-150x113.jpg 150w\" sizes=\"(max-width: 221px) 100vw, 221px\" \/><\/a>O Partido do Movimento Democr\u00e1tico Brasileiro (PMDB) realizou ontem a sua conven\u00e7\u00e3o estadual e reelegeu o vice-governador Jackson Barreto para a sua presid\u00eancia. Durante todo o dia de ontem vereadores, deputados, lideran\u00e7as partid\u00e1rias e delegados representantes de mais de sessenta munic\u00edpios escolheram os componentes do Diret\u00f3rio Estadual e da Executiva, que ir\u00e1 definir os rumos do partido durante a elei\u00e7\u00e3o de 2014.<\/p>\n<p style=\"text-align: justify;\">O presidente reeleito do partido, Jackson Barreto, lembrou que as conven\u00e7\u00f5es municipais j\u00e1 foram realizadas e explicou que a conven\u00e7\u00e3o estadual obedece \u00e0 uma orienta\u00e7\u00e3o do Diret\u00f3rio Nacional, j\u00e1 que em mar\u00e7o ser\u00e1 realizada a conven\u00e7\u00e3o nacional, que eleger\u00e1 a nova dire\u00e7\u00e3o da sigla.<\/p>\n<p style=\"text-align: justify;\">\u201cEssa elei\u00e7\u00e3o se reveste de uma import\u00e2ncia muito grande, porque essa dire\u00e7\u00e3o que<br \/>\nest\u00e1 sendo eleita em cada estado da federa\u00e7\u00e3o, ser\u00e1 o diret\u00f3rio respons\u00e1vel pelo processo eleitoral de 2014, quando ser\u00e3o escolhidos o governo do estado, senadores, deputado estadual, federal, num processo que inclui a renova\u00e7\u00e3o e amplia\u00e7\u00e3o dos nossos diret\u00f3rios\u201d, explicou Jackson.<\/p>\n<p style=\"text-align: justify;\">Sobre o per\u00edodo em que foi realizada a conven\u00e7\u00e3o, ele destaca que o objetivo da dire\u00e7\u00e3o nacional foi organizar o partido, j\u00e1 que no pr\u00f3ximo ano vai haver elei\u00e7\u00e3o para o novo l\u00edder da bancada na C\u00e2mara Federal, al\u00e9m da elei\u00e7\u00e3o da Mesa Diretora da casa, onde o principal candidato hoje \u00e9 o deputado Henrique Alves, atual l\u00edder do PMDB a C\u00e2mara.<\/p>\n<p style=\"text-align: justify;\">\u201cO partido est\u00e1 cuidando da renova\u00e7\u00e3o dos seus diret\u00f3rios, para ter uma ideia do que ir\u00e1 acontecer em 2014, para analisar se ter\u00e1 for\u00e7a para lan\u00e7ar um candidato a presid\u00eancia ou se mantem a alian\u00e7a com Dilma, indicando Michel Temer para continuar como vice-presidente \u2013 essa \u00e9 inclusive a posi\u00e7\u00e3o que defendo, que seja mantida a alian\u00e7a com a presidenta. Com as conven\u00e7\u00f5es definidas vamos ter um quadro onde poderemos analisar o partido, para definir as composi\u00e7\u00f5es\u201d, concluiu JB.<\/p>\n<p style=\"text-align: justify;\"><strong>For\u00e7a<\/strong><\/p>\n<p style=\"text-align: justify;\">O ex-deputado estadual Marcos Franco, integrante da Executiva estadual, disse que a conven\u00e7\u00e3o foi um momento de grande import\u00e2ncia, que demonstra a for\u00e7a do grupo em Sergipe. \u201cO PMDB \u00e9 um partido grande e forte, tanto nacionalmente quanto e no \u00e2mbito estadual. Contamos com grandes nomes em nossos quadros, como o nosso l\u00edder maior, Jackson Barreto, nossos deputados estaduais, prefeitos e vereadores como Dr. Gonzaga, al\u00e9m de nomes que ser\u00e3o candidatos a deputado estadual e federal. Somos um partido respeitado e que tem tudo para se fortalecer ainda mais\u201d, disse Marcos.<\/p>\n<p style=\"text-align: justify;\">Questionado se a conven\u00e7\u00e3o j\u00e1 est\u00e1 sendo realizada visando fortalecer o partido para o processo eleitoral de 2014, Marcos Franco afirmou que a sigla deve trabalhar para continuar se fortalecendo, e avaliou que todo pol\u00edtico deve estar sempre olhando para a frente. \u201cNa pol\u00edtica o trabalho \u00e9 paulatino, nada cai do c\u00e9u e \u00e9 preciso muita dedica\u00e7\u00e3o. \u00c9 necess\u00e1rio muito trabalho durante este per\u00edodo que antecede as elei\u00e7\u00f5es, para que as pessoas consigam atingir seus objetivos em 2014\u201d, concluiu o ex-deputado.<\/p>\n<p style=\"text-align: justify;\">Quem tamb\u00e9m compareceu e ficou satisfeito com o resultado da conven\u00e7\u00e3o foi o deputado estadual Garibalde Mendon\u00e7a, que elogiou o processo. \u201cEstamos cumprindo a convec\u00e7\u00e3o do partido, essa conven\u00e7\u00e3o mostra a nossa organiza\u00e7\u00e3o e uni\u00e3o, apresentando uma chapa com os nomes mais importantes do partido. E claro que nossa meta \u00e9 crescer, montamos diret\u00f3rios em todo o estado de Sergipe, em todas as cidades do interior, fortalecendo o nosso PMDB, j\u00e1 prevendo as elei\u00e7\u00f5es de 2014\u201d, ratificou Garibalde.<\/p>\n<p style=\"text-align: justify;\"><strong>Da Assessoria de Imprensa<\/strong><\/p>\n","protected":false},"excerpt":{"rendered":"<p>&nbsp; O Partido do Movimento Democr\u00e1tico Brasileiro (PMDB) realizou ontem a sua conven\u00e7\u00e3o estadual e reelegeu o vice-governador Jackson Barreto para a sua presid\u00eancia. Durante todo o dia de ontem vereadores, deputados, lideran\u00e7as partid\u00e1rias e delegados representantes de mais de sessenta munic\u00edpios escolheram os componentes do Diret\u00f3rio Estadual e da Executiva, que ir\u00e1 definir os [&hellip;]<\/p>\n","protected":false},"author":1,"featured_media":42460,"comment_status":"closed","ping_status":"closed","sticky":false,"template":"","format":"standard","meta":{"footnotes":""},"categories":[6],"tags":[],"class_list":{"0":"post-42459","1":"post","2":"type-post","3":"status-publish","4":"format-standard","5":"has-post-thumbnail","7":"category-politica"},"_links":{"self":[{"href":"https:\/\/senoticias.com.br\/se\/wp-json\/wp\/v2\/posts\/42459"}],"collection":[{"href":"https:\/\/senoticias.com.br\/se\/wp-json\/wp\/v2\/posts"}],"about":[{"href":"https:\/\/senoticias.com.br\/se\/wp-json\/wp\/v2\/types\/post"}],"author":[{"embeddable":true,"href":"https:\/\/senoticias.com.br\/se\/wp-json\/wp\/v2\/users\/1"}],"replies":[{"embeddable":true,"href":"https:\/\/senoticias.com.br\/se\/wp-json\/wp\/v2\/comments?post=42459"}],"version-history":[{"count":0,"href":"https:\/\/senoticias.com.br\/se\/wp-json\/wp\/v2\/posts\/42459\/revisions"}],"wp:featuredmedia":[{"embeddable":true,"href":"https:\/\/senoticias.com.br\/se\/wp-json\/wp\/v2\/media\/42460"}],"wp:attachment":[{"href":"https:\/\/senoticias.com.br\/se\/wp-json\/wp\/v2\/media?parent=42459"}],"wp:term":[{"taxonomy":"category","embeddable":true,"href":"https:\/\/senoticias.com.br\/se\/wp-json\/wp\/v2\/categories?post=42459"},{"taxonomy":"post_tag","embeddable":true,"href":"https:\/\/senoticias.com.br\/se\/wp-json\/wp\/v2\/tags?post=42459"}],"curies":[{"name":"wp","href":"https:\/\/api.w.org\/{rel}","templated":true}]}}