{"id":42457,"date":"2012-12-21T17:15:33","date_gmt":"2012-12-21T20:15:33","guid":{"rendered":"http:\/\/senoticias.com.br\/se\/?p=42457"},"modified":"2012-12-21T17:37:34","modified_gmt":"2012-12-21T20:37:34","slug":"policia-rodoviaria-federal-em-sergipe-inicia-operacao-final-de-ano-2012","status":"publish","type":"post","link":"https:\/\/senoticias.com.br\/se\/policia-rodoviaria-federal-em-sergipe-inicia-operacao-final-de-ano-2012\/","title":{"rendered":"Pol\u00edcia Rodovi\u00e1ria Federal em Sergipe inicia Opera\u00e7\u00e3o Final de Ano 2012"},"content":{"rendered":"<div id=\"attachment_40357\" style=\"width: 284px\" class=\"wp-caption alignleft\"><a href=\"http:\/\/senoticias.com.br\/se\/wp-content\/uploads\/2012\/10\/PRF.jpg\"><img loading=\"lazy\" decoding=\"async\" aria-describedby=\"caption-attachment-40357\" class=\"size-full wp-image-40357\" title=\"PRF\" src=\"http:\/\/senoticias.com.br\/se\/wp-content\/uploads\/2012\/10\/PRF.jpg\" alt=\"\" width=\"274\" height=\"184\" \/><\/a><p id=\"caption-attachment-40357\" class=\"wp-caption-text\">Emerg\u00eancia em rodovias federais ligue 191.(Foto: ilustrativa)<\/p><\/div>\n<p style=\"text-align: justify;\">A Pol\u00edcia Rodovi\u00e1ria Federal (PRF) inicia nesta sexta-feira (21) a opera\u00e7\u00e3o \u201cFim de ano\u201d em Sergipe, com objetivo de reduzir os n\u00fameros de acidentes e mortes nas rodovias federais durante este per\u00edodo, onde o fluxo de ve\u00edculos \u00e9 maior. Conforme a PRF, a fiscaliza\u00e7\u00e3o ser\u00e1 refor\u00e7ada nos pontos com maior incid\u00eancia de acidentes, principalmente em trechos de serra pr\u00f3ximo \u00e0 entrada de cidades. A opera\u00e7\u00e3o segue at\u00e9 o dia 2 de janeiro nas cinco rodovias federais do estado.<\/p>\n<p style=\"text-align: justify;\">Atenta ao incremento no fluxo de turistas e consequentemente ao aumento no fluxo de ve\u00edculos circulando pelas rodovias federais que\u00a0cortam o estado de Sergipe, a 20\u00aa Superintend\u00eancia de Pol\u00edcia Rodovi\u00e1ria Federal no estado,iniciar\u00e1 \u00e0 0h de sexta-feira (21), a OPERA\u00c7\u00c3O FIM DE ANO 2012.\u00a0O objetivo da opera\u00e7\u00e3o \u00e9 trabalhar em duas frentes: orientar os condutores sobre a sua parcela de responsabilidade ao trafegar com respeito e seguran\u00e7a e inibir a a\u00e7\u00e3o de motoristas infratores que insistem em desrespeitar a legisla\u00e7\u00e3o de tr\u00e2nsito. Durante os dias da opera\u00e7\u00e3o (0h de sexta-feira \u00e0 meia-noite do dia 02 de janeiro de 2013), a PRF refor\u00e7ar\u00e1 a fiscaliza\u00e7\u00e3o de embriaguez ao volante, de excesso de velocidade e de ultrapassagens proibidas. A estrutura montada contar\u00e1 com etil\u00f4metros, motocicletas, viaturas e c\u00e3es farejadores.<\/p>\n<p style=\"text-align: justify;\">A opera\u00e7\u00e3o FIM DE ANO 2012\u00a0est\u00e1 inserida no calend\u00e1rio da Opera\u00e7\u00e3o Rodovida*, iniciada no \u00faltimo dia 15 de dezembro e t\u00e9rmino em 13 de fevereiro de 2013.<\/p>\n<p style=\"text-align: justify;\">Estat\u00edsticas revelam que entre os meses de janeiro e novembro deste ano, a PRF atendeu a 1.476 acidentes nas rodovias federais sergipanas. Nesses acidentes, 870 pessoas ficaram feridas e outras 94 perderam suas vidas. J\u00e1 no per\u00edodo de festas do ano passado, de 16\/12\/2011 a\u00a002\/01\/2012, a PRF atendeu a 114 acidentes, com 65 feridos e oito mortes. Na mesma \u00e9poca, 407 motoristas foram autuados por ultrapassagens proibidas, 29 tiveram as suas CNHs recolhidas e outros 25 motoristas embriagados foram autuados e impedidos de seguir viagem.<\/p>\n<p style=\"text-align: justify;\"><strong>Colis\u00e3o frontal &#8211;<\/strong> Apesar de n\u00e3o estar entre os tr\u00eas tipos de acidentes mais frequentes, a colis\u00e3o frontal \u00e9 respons\u00e1vel pela maioria das mortes nas rodovias federais sergipanas. Em 2011, 4,1% dos acidentes atendidos pela PRF foram colis\u00f5es frontais, por\u00e9m, esse tipo de acidente foi respons\u00e1vel por 37,9% das mortes registradas. A colis\u00e3o frontal supera at\u00e9 os n\u00fameros de mortes por atropelamento, que representaram no ano passado 19,5% dos \u00f3bitos registrados nas rodovias federais do Estado.<\/p>\n<p style=\"text-align: justify;\">As colis\u00f5es frontais acontecem em ultrapassagens indevidas (desrespeito \u00e0 sinaliza\u00e7\u00e3o) ou mal calculadas. Nos dois casos, a soma das velocidades dos ve\u00edculos envolvidos demonstra a for\u00e7a do impacto onde as chances de sobreviv\u00eancia s\u00e3o m\u00ednimas.<\/p>\n<p style=\"text-align: justify;\"><strong>Embriaguez ao volante \u2013<\/strong> De janeiro a novembro deste ano, a PRF realizou 3.970 testes de alcoolemia com condutores que trafegavam pelas rodovias federais sergipanas. Desse total, 398 motoristas foram autuados, dos quais 202 foram detidos e encaminhados \u00e0 delegacia por ultrapassarem o limite de 0,3 (mg\/l) miligramas de \u00e1lcool por litro de ar expelido dos pulm\u00f5es. De acordo com a lei 11.705 (lei seca), quem for flagrado dirigindo embriagado comete uma infra\u00e7\u00e3o grave (sete pontos), tem a CNH recolhida e suspensa por at\u00e9 doze meses, o ve\u00edculo fica retido at\u00e9\u00a0que um condutor habilitado e s\u00f3brio se apresente para a retirada do autom\u00f3vel, paga multa no valor de R$ 957,70 e ainda poder\u00e1 responder por crime de tr\u00e2nsito.<\/p>\n<p style=\"text-align: justify;\"><strong>Restri\u00e7\u00e3o no tr\u00e2nsito de ve\u00edculos longos &#8211;<\/strong> O tr\u00e1fego de caminh\u00f5es bi-trens e cegonhas sofrer\u00e1 restri\u00e7\u00e3o por per\u00edodos de at\u00e9 dez horas em vias de pista simples durante o feriado. A medida vale para ve\u00edculos com ou sem carga, independente de possu\u00edrem Autoriza\u00e7\u00e3o Especial de Tr\u00e2nsito (AET). Quem descumprir a determina\u00e7\u00e3o ser\u00e1 multado em R$ 85,13 (infra\u00e7\u00e3o M\u00e9dia), receber\u00e1 04 pontos na CNH e permanecer\u00e1 com o ve\u00edculo estacionado at\u00e9 libera\u00e7\u00e3o pela pol\u00edcia. Confira as datas e hor\u00e1rios:<\/p>\n<p style=\"text-align: justify;\"><strong>Opera\u00e7\u00e3o Fim de ano 2012<\/strong><\/p>\n<p style=\"text-align: justify;\">Dias da Restri\u00e7\u00e3o Hor\u00e1rio de Restri\u00e7\u00e3o<br \/>\n21\/12\/12 (sexta-feira) 16h \u00e0s 22h<br \/>\n22\/12\/12 (s\u00e1bado) 06h ao meio-dia<br \/>\n25\/12\/12 (ter\u00e7a-feira) 16h \u00e0 meia-noite<br \/>\n28\/12\/12 (sexta-feira) 16h \u00e0s 22h<br \/>\n01\/01\/13 (ter\u00e7a-feira) 16h \u00e0 meia-noite<\/p>\n<p style=\"text-align: justify;\"><strong>DICAS DA POL\u00cdCIA RODOVI\u00c1RIA FEDERAL:<\/strong><\/p>\n<p style=\"text-align: justify;\">Manter os componentes mec\u00e2nicos e el\u00e9tricos do ve\u00edculo em boas condi\u00e7\u00f5es de uso. Al\u00e9m de obrigat\u00f3rios, macaco, tri\u00e2ngulo, pneu de estepe e chave de fenda, s\u00e3o fundamentais para os deslocamentos. Revise o ve\u00edculo mesmo para viagens curtas, com aten\u00e7\u00e3o especial para itens\u00a0como freios, pneus, parte el\u00e9trica e dire\u00e7\u00e3o.<\/p>\n<p style=\"text-align: justify;\">Dist\u00e2ncia de seguran\u00e7a dos outros ve\u00edculos. Em condi\u00e7\u00f5es normais (pista boa, velocidade de 80 km\/h) recomenda-se manter uma dist\u00e2ncia m\u00e9dia de 20 metros do ve\u00edculo \u00e0 frente. Nas vias de baixa velocidade ou nas aproxima\u00e7\u00f5es para ultrapassagem, respeite a dist\u00e2ncia m\u00ednima de 5\u00a0metros. Na ultrapassagem de motociclistas, nunca se aproximar a menos de 2 metros. A dist\u00e2ncia lateral para ultrapassar ciclista deve ser de 1,5 m no m\u00ednimo.<\/p>\n<p style=\"text-align: justify;\"><strong>Ultrapassagens indevidas<\/strong>. N\u00e3o ultrapasse pela direita nem pelo acostamento. Redobre a aten\u00e7\u00e3o em pontes, viadutos e curvas e fique atento aos outros ve\u00edculos. Antes de ultrapassar, tenha certeza de que as condi\u00e7\u00f5es s\u00e3o favor\u00e1veis.<\/p>\n<p style=\"text-align: justify;\">Descanso a cada 3 horas. Pare a cada 3 horas. O motorista que se exp\u00f5e a muitas horas no volante, fica sujeito ao fen\u00f4meno da &#8220;hipnose rodovi\u00e1ria&#8221;, na qual se mant\u00e9m de olhos abertos, mas sem percep\u00e7\u00e3o da realidade \u00e0 sua volta. Ela vem acompanhada de sonol\u00eancia, perda de\u00a0reflexos e de for\u00e7a motora; N\u00e3o ingerir bebida alco\u00f3lica. Dirigir sob a influ\u00eancia de \u00e1lcool provoca diminui\u00e7\u00e3o da no\u00e7\u00e3o do<br \/>\nrisco, levando o motorista a cometer imprud\u00eancias;<\/p>\n<p style=\"text-align: justify;\"><strong>*RODOVIDA &#8211;<\/strong> Lan\u00e7ada no \u00faltimo dia 13 de dezembro pelo Governo Federal, a opera\u00e7\u00e3o Rodovida vai integrar a\u00e7\u00f5es coordenadas entre a Pol\u00edcia Rodovi\u00e1ria Federal e \u00f3rg\u00e3os de fiscaliza\u00e7\u00e3o de tr\u00e2nsito nos estados e munic\u00edpios, em torno de 100 trechos cr\u00edticos das rodovias federais brasileiras. Cada \u00f3rg\u00e3o, atuando na sua circunscri\u00e7\u00e3o, fechar\u00e1 o cerco \u00e0s infra\u00e7\u00f5es de tr\u00e2nsito relacionadas com quatro grandes eixos: excesso de velocidade, embriaguez ao volante, ultrapassagens em locais proibidos e comportamento de risco adotados por motociclistas. Apesar\u00a0de Sergipe n\u00e3o aparecer no ranking dos 100 trechos mais violentos, a regional da PRF em Sergipe resolveu deflagrar a opera\u00e7\u00e3o Rodovida, justificado pelo alto \u00edndice de acidentes no estado.<\/p>\n<p style=\"text-align: justify;\"><strong>Emerg\u00eancia em rodovias federais ligue 191.<\/strong><\/p>\n<p style=\"text-align: justify;\"><strong>ORIENTA\u00c7\u00d5ES:<\/strong> informa\u00e7\u00f5es reservadas aos ve\u00edculos de comunica\u00e7\u00e3o.<\/p>\n<p style=\"text-align: justify;\"><strong>1.\u00a0<\/strong>N\u00e3o divulgaremos balan\u00e7os parciais. No dia 03\/01\/13 \u00e0s 15h \u2013 Divulga\u00e7\u00e3o de n\u00fameros com\u00a0total de acidentes, feridos, mortes, acidentes com mortes e acidentes sem v\u00edtimas, ocorridos entre\u00a0a 0h de 21\/12 e \u00e0 meia-noite de 02\/01\/13. Al\u00e9m disso, divulgaremos os n\u00fameros de autua\u00e7\u00f5es e\u00a0pris\u00f5es por embriaguez ao volante e outras ocorr\u00eancias criminais.<\/p>\n<p style=\"text-align: justify;\"><strong>2.<\/strong> Detalhes da opera\u00e7\u00e3o e an\u00e1lises s\u00e3o responsabilidades do N\u00facleo de Comunica\u00e7\u00e3o Social da\u00a0PRF\/SE.<\/p>\n<p style=\"text-align: justify;\"><strong>3.<\/strong> Os policiais de plant\u00e3o poder\u00e3o conceder entrevistas desde que a pauta seja saber como est\u00e1 o\u00a0movimento nas rodovias ou situa\u00e7\u00f5es factuais (acidentes, apreens\u00f5es e pris\u00f5es).<\/p>\n<p style=\"text-align: justify;\"><strong>4.<\/strong> O balan\u00e7o total da \u201cOpera\u00e7\u00e3o Fim de Ano 2012\u201d ser\u00e1 divulgado no dia 03 de janeiro de\u00a02013 (quarta-feira) \u00e0s 15h, na SEDE da PRF &#8211; Av. Maranh\u00e3o (pr\u00f3ximo ao Aeroclube de\u00a0Sergipe).<\/p>\n<p style=\"text-align: justify;\"><strong>Reda\u00e7\u00e3o SE Not\u00edcias com informa\u00e7\u00f5es da PRF<\/strong><\/p>\n","protected":false},"excerpt":{"rendered":"<p>A Pol\u00edcia Rodovi\u00e1ria Federal (PRF) inicia nesta sexta-feira (21) a opera\u00e7\u00e3o \u201cFim de ano\u201d em Sergipe, com objetivo de reduzir os n\u00fameros de acidentes e mortes nas rodovias federais durante este per\u00edodo, onde o fluxo de ve\u00edculos \u00e9 maior. Conforme a PRF, a fiscaliza\u00e7\u00e3o ser\u00e1 refor\u00e7ada nos pontos com maior incid\u00eancia de acidentes, principalmente em [&hellip;]<\/p>\n","protected":false},"author":1,"featured_media":40357,"comment_status":"closed","ping_status":"closed","sticky":false,"template":"","format":"standard","meta":{"footnotes":""},"categories":[7,1],"tags":[],"class_list":{"0":"post-42457","1":"post","2":"type-post","3":"status-publish","4":"format-standard","5":"has-post-thumbnail","7":"category-policia","8":"category-sem-categoria"},"_links":{"self":[{"href":"https:\/\/senoticias.com.br\/se\/wp-json\/wp\/v2\/posts\/42457"}],"collection":[{"href":"https:\/\/senoticias.com.br\/se\/wp-json\/wp\/v2\/posts"}],"about":[{"href":"https:\/\/senoticias.com.br\/se\/wp-json\/wp\/v2\/types\/post"}],"author":[{"embeddable":true,"href":"https:\/\/senoticias.com.br\/se\/wp-json\/wp\/v2\/users\/1"}],"replies":[{"embeddable":true,"href":"https:\/\/senoticias.com.br\/se\/wp-json\/wp\/v2\/comments?post=42457"}],"version-history":[{"count":0,"href":"https:\/\/senoticias.com.br\/se\/wp-json\/wp\/v2\/posts\/42457\/revisions"}],"wp:featuredmedia":[{"embeddable":true,"href":"https:\/\/senoticias.com.br\/se\/wp-json\/wp\/v2\/media\/40357"}],"wp:attachment":[{"href":"https:\/\/senoticias.com.br\/se\/wp-json\/wp\/v2\/media?parent=42457"}],"wp:term":[{"taxonomy":"category","embeddable":true,"href":"https:\/\/senoticias.com.br\/se\/wp-json\/wp\/v2\/categories?post=42457"},{"taxonomy":"post_tag","embeddable":true,"href":"https:\/\/senoticias.com.br\/se\/wp-json\/wp\/v2\/tags?post=42457"}],"curies":[{"name":"wp","href":"https:\/\/api.w.org\/{rel}","templated":true}]}}