{"id":42448,"date":"2012-12-21T13:43:07","date_gmt":"2012-12-21T16:43:07","guid":{"rendered":"http:\/\/senoticias.com.br\/se\/?p=42448"},"modified":"2012-12-21T13:43:24","modified_gmt":"2012-12-21T16:43:24","slug":"governador-decreta-ponto-facultativo-nos-dias-24-e-31","status":"publish","type":"post","link":"https:\/\/senoticias.com.br\/se\/governador-decreta-ponto-facultativo-nos-dias-24-e-31\/","title":{"rendered":"Governador decreta ponto facultativo nos dias 24 e 31"},"content":{"rendered":"<p>&nbsp;<\/p>\n<p><span style=\"color: #333333;\"><strong>Servi\u00e7os emergenciais do Estado estar\u00e3o de plant\u00e3o para atender as demandas da popula\u00e7\u00e3o<\/strong><\/span><\/p>\n<div id=\"attachment_42449\" style=\"width: 310px\" class=\"wp-caption alignleft\"><a href=\"http:\/\/senoticias.com.br\/se\/wp-content\/uploads\/2012\/12\/Marcos-Rodrigues.jpg\"><img loading=\"lazy\" decoding=\"async\" aria-describedby=\"caption-attachment-42449\" class=\"size-full wp-image-42449\" title=\"Marcos Rodrigues\" src=\"http:\/\/senoticias.com.br\/se\/wp-content\/uploads\/2012\/12\/Marcos-Rodrigues.jpg\" alt=\"\" width=\"300\" height=\"200\" \/><\/a><p id=\"caption-attachment-42449\" class=\"wp-caption-text\">Governador decreta ponto facultativo nos dias 24 e 31. (Foto: Marcos Rodrigues\/ASN)<\/p><\/div>\n<p style=\"text-align: justify;\">De acordo com o decreto estadual de n\u00ba 28.282, de dezembro de 2011, o governador Marcelo D\u00e9da estabelece ponto facultativo em todas as reparti\u00e7\u00f5es e \u00f3rg\u00e3os estaduais da administra\u00e7\u00e3o direta e indireta nos dias 24 e 31 de dezembro, v\u00e9spera de Natal e Ano Novo, respectivamente.<\/p>\n<p style=\"text-align: justify;\">Tanto durante os pontos facultativos, quanto nos feriados nacionais dos dias 25 de dezembro e 1\u00b0 de janeiro, os servi\u00e7os emergenciais do Estado, como Corpo de Bombeiros, Defesa Civil, pol\u00edcias Militar e Civil, o Samu 192 Sergipe, hospitais e demais unidades de sa\u00fade de urg\u00eancia estar\u00e3o de plant\u00e3o para atender as demandas da popula\u00e7\u00e3o.<\/p>\n<p style=\"text-align: justify;\"><em><strong>Ag\u00eancia Sergipe de Not\u00edcias<\/strong><\/em><\/p>\n","protected":false},"excerpt":{"rendered":"<p>&nbsp; Servi\u00e7os emergenciais do Estado estar\u00e3o de plant\u00e3o para atender as demandas da popula\u00e7\u00e3o De acordo com o decreto estadual de n\u00ba 28.282, de dezembro de 2011, o governador Marcelo D\u00e9da estabelece ponto facultativo em todas as reparti\u00e7\u00f5es e \u00f3rg\u00e3os estaduais da administra\u00e7\u00e3o direta e indireta nos dias 24 e 31 de dezembro, v\u00e9spera de [&hellip;]<\/p>\n","protected":false},"author":1,"featured_media":42449,"comment_status":"closed","ping_status":"closed","sticky":false,"template":"","format":"standard","meta":{"footnotes":""},"categories":[6],"tags":[],"class_list":{"0":"post-42448","1":"post","2":"type-post","3":"status-publish","4":"format-standard","5":"has-post-thumbnail","7":"category-politica"},"_links":{"self":[{"href":"https:\/\/senoticias.com.br\/se\/wp-json\/wp\/v2\/posts\/42448"}],"collection":[{"href":"https:\/\/senoticias.com.br\/se\/wp-json\/wp\/v2\/posts"}],"about":[{"href":"https:\/\/senoticias.com.br\/se\/wp-json\/wp\/v2\/types\/post"}],"author":[{"embeddable":true,"href":"https:\/\/senoticias.com.br\/se\/wp-json\/wp\/v2\/users\/1"}],"replies":[{"embeddable":true,"href":"https:\/\/senoticias.com.br\/se\/wp-json\/wp\/v2\/comments?post=42448"}],"version-history":[{"count":0,"href":"https:\/\/senoticias.com.br\/se\/wp-json\/wp\/v2\/posts\/42448\/revisions"}],"wp:featuredmedia":[{"embeddable":true,"href":"https:\/\/senoticias.com.br\/se\/wp-json\/wp\/v2\/media\/42449"}],"wp:attachment":[{"href":"https:\/\/senoticias.com.br\/se\/wp-json\/wp\/v2\/media?parent=42448"}],"wp:term":[{"taxonomy":"category","embeddable":true,"href":"https:\/\/senoticias.com.br\/se\/wp-json\/wp\/v2\/categories?post=42448"},{"taxonomy":"post_tag","embeddable":true,"href":"https:\/\/senoticias.com.br\/se\/wp-json\/wp\/v2\/tags?post=42448"}],"curies":[{"name":"wp","href":"https:\/\/api.w.org\/{rel}","templated":true}]}}