{"id":42445,"date":"2012-12-21T13:12:05","date_gmt":"2012-12-21T16:12:05","guid":{"rendered":"http:\/\/senoticias.com.br\/se\/?p=42445"},"modified":"2012-12-23T09:06:07","modified_gmt":"2012-12-23T12:06:07","slug":"joaquim-barbosa-rejeita-pedido-de-prisao-imediata-dos-condenados-pelo-mensalao","status":"publish","type":"post","link":"https:\/\/senoticias.com.br\/se\/joaquim-barbosa-rejeita-pedido-de-prisao-imediata-dos-condenados-pelo-mensalao\/","title":{"rendered":"Joaquim Barbosa rejeita pedido de pris\u00e3o imediata dos condenados pelo mensal\u00e3o"},"content":{"rendered":"<p><span style=\"color: #333333;\"><strong>Reda\u00e7\u00e3o \u00c9poca<\/strong><\/span><\/p>\n<div id=\"attachment_42274\" style=\"width: 310px\" class=\"wp-caption alignleft\"><a href=\"http:\/\/senoticias.com.br\/se\/wp-content\/uploads\/2012\/12\/joaquim-barbosa-mensalao-20121210-02-size-598.jpg\"><img loading=\"lazy\" decoding=\"async\" aria-describedby=\"caption-attachment-42274\" class=\"size-medium wp-image-42274\" title=\"joaquim-barbosa-mensalao-20121210-02-size-598\" src=\"http:\/\/senoticias.com.br\/se\/wp-content\/uploads\/2012\/12\/joaquim-barbosa-mensalao-20121210-02-size-598-300x168.jpg\" alt=\"\" width=\"300\" height=\"168\" srcset=\"https:\/\/senoticias.com.br\/se\/wp-content\/uploads\/2012\/12\/joaquim-barbosa-mensalao-20121210-02-size-598-300x168.jpg 300w, https:\/\/senoticias.com.br\/se\/wp-content\/uploads\/2012\/12\/joaquim-barbosa-mensalao-20121210-02-size-598-342x192.jpg 342w, https:\/\/senoticias.com.br\/se\/wp-content\/uploads\/2012\/12\/joaquim-barbosa-mensalao-20121210-02-size-598.jpg 597w\" sizes=\"(max-width: 300px) 100vw, 300px\" \/><\/a><p id=\"caption-attachment-42274\" class=\"wp-caption-text\">O ministro Joaquim Barbosa, presidente do Supremo Tribunal Federal (STF) .( Fellipe Sampaio\/SCO\/STF<\/p><\/div>\n<p style=\"text-align: justify;\">O ministro Joaquim Barbosa, presidente do Supremo Tribunal Federal (STF), rejeitou o pedido da Procuradoria-Geral da Rep\u00fablica de determinar a pris\u00e3o imediata dos condenados pelo mensal\u00e3o. A informa\u00e7\u00e3o foi confirmada pela assessoria de imprensa da Corte.<\/p>\n<p style=\"text-align: justify;\">A decis\u00e3o foi tomada individualmente por Barbosa, j\u00e1 que o STF entrou em recesso na quinta (20) e ele \u00e9 o respons\u00e1vel por atender demandas urgentes.<\/p>\n<p style=\"text-align: justify;\">O julgamento do mensal\u00e3o terminou na \u00faltima segunda-feira. Na \u00faltima sess\u00e3o, com a presen\u00e7a de todos os ministros, o procurador-geral Roberto Gurgel n\u00e3o quis refazer o pedido de pris\u00e3o, alegando que apresentaria nova peti\u00e7\u00e3o refor\u00e7ando os argumentos para as pris\u00f5es imediatas. Logo no in\u00edcio do processo, em agosto, ele havia feito essa solicita\u00e7\u00e3o, mas os ministros adiaram a an\u00e1lise.<\/p>\n<p style=\"text-align: justify;\">Advogados do caso acionaram o STF pedindo que Barbosa levasse o caso ao plen\u00e1rio, pois n\u00e3o havia o requisito da urg\u00eancia. Gurgel defendeu as pris\u00f5es para dar efetividade \u00e0 decis\u00e3o do Supremo, que condenou 25 r\u00e9us, 22 deles a regime fechado ou semiaberto.<\/p>\n","protected":false},"excerpt":{"rendered":"<p>Reda\u00e7\u00e3o \u00c9poca O ministro Joaquim Barbosa, presidente do Supremo Tribunal Federal (STF), rejeitou o pedido da Procuradoria-Geral da Rep\u00fablica de determinar a pris\u00e3o imediata dos condenados pelo mensal\u00e3o. A informa\u00e7\u00e3o foi confirmada pela assessoria de imprensa da Corte. A decis\u00e3o foi tomada individualmente por Barbosa, j\u00e1 que o STF entrou em recesso na quinta (20) [&hellip;]<\/p>\n","protected":false},"author":1,"featured_media":42274,"comment_status":"closed","ping_status":"closed","sticky":false,"template":"","format":"standard","meta":{"footnotes":""},"categories":[310],"tags":[],"class_list":{"0":"post-42445","1":"post","2":"type-post","3":"status-publish","4":"format-standard","5":"has-post-thumbnail","7":"category-destaques-da-semana"},"_links":{"self":[{"href":"https:\/\/senoticias.com.br\/se\/wp-json\/wp\/v2\/posts\/42445"}],"collection":[{"href":"https:\/\/senoticias.com.br\/se\/wp-json\/wp\/v2\/posts"}],"about":[{"href":"https:\/\/senoticias.com.br\/se\/wp-json\/wp\/v2\/types\/post"}],"author":[{"embeddable":true,"href":"https:\/\/senoticias.com.br\/se\/wp-json\/wp\/v2\/users\/1"}],"replies":[{"embeddable":true,"href":"https:\/\/senoticias.com.br\/se\/wp-json\/wp\/v2\/comments?post=42445"}],"version-history":[{"count":0,"href":"https:\/\/senoticias.com.br\/se\/wp-json\/wp\/v2\/posts\/42445\/revisions"}],"wp:featuredmedia":[{"embeddable":true,"href":"https:\/\/senoticias.com.br\/se\/wp-json\/wp\/v2\/media\/42274"}],"wp:attachment":[{"href":"https:\/\/senoticias.com.br\/se\/wp-json\/wp\/v2\/media?parent=42445"}],"wp:term":[{"taxonomy":"category","embeddable":true,"href":"https:\/\/senoticias.com.br\/se\/wp-json\/wp\/v2\/categories?post=42445"},{"taxonomy":"post_tag","embeddable":true,"href":"https:\/\/senoticias.com.br\/se\/wp-json\/wp\/v2\/tags?post=42445"}],"curies":[{"name":"wp","href":"https:\/\/api.w.org\/{rel}","templated":true}]}}