{"id":42442,"date":"2012-12-21T13:01:55","date_gmt":"2012-12-21T16:01:55","guid":{"rendered":"http:\/\/senoticias.com.br\/se\/?p=42442"},"modified":"2012-12-21T13:05:36","modified_gmt":"2012-12-21T16:05:36","slug":"42442","status":"publish","type":"post","link":"https:\/\/senoticias.com.br\/se\/42442\/","title":{"rendered":"Licita\u00e7\u00e3o de fiscaliza\u00e7\u00e3o eletr\u00f4nica em Aracaju \u00e9 suspensa"},"content":{"rendered":"<div id=\"attachment_42443\" style=\"width: 310px\" class=\"wp-caption alignleft\"><a href=\"http:\/\/senoticias.com.br\/se\/wp-content\/uploads\/2012\/12\/TCE-Se.jpg\"><img loading=\"lazy\" decoding=\"async\" aria-describedby=\"caption-attachment-42443\" class=\"size-medium wp-image-42443\" title=\"TCE-Se\" src=\"http:\/\/senoticias.com.br\/se\/wp-content\/uploads\/2012\/12\/TCE-Se-300x206.jpg\" alt=\"\" width=\"300\" height=\"206\" srcset=\"https:\/\/senoticias.com.br\/se\/wp-content\/uploads\/2012\/12\/TCE-Se-300x206.jpg 300w, https:\/\/senoticias.com.br\/se\/wp-content\/uploads\/2012\/12\/TCE-Se-342x235.jpg 342w, https:\/\/senoticias.com.br\/se\/wp-content\/uploads\/2012\/12\/TCE-Se.jpg 501w\" sizes=\"(max-width: 300px) 100vw, 300px\" \/><\/a><p id=\"caption-attachment-42443\" class=\"wp-caption-text\">Relatado pelo conselheiro Reinaldo Moura, o processo tem como base uma den\u00fancia formulada pela empresa Eliseu Kopp &amp; Cia Ltda em face de poss\u00edveis irregularidades no Edital da Concorr\u00eancia P\u00fablica n\u00ba 002\/2012. (Foto: Divulga\u00e7\u00e3o)<\/p><\/div>\n<p style=\"text-align: justify;\">A licita\u00e7\u00e3o de forma parcelada, por item e n\u00e3o pelo pre\u00e7o global, amplia a competitividade e o universo de poss\u00edveis interessados na disputa. Essa foi a principal fundamenta\u00e7\u00e3o para que o colegiado do Tribunal de Contas do Estado (TCE), em sess\u00e3o plen\u00e1ria realizada na manh\u00e3 desta quinta, 20, decidisse pela concess\u00e3o de medida cautelar suspendendo o edital conduzido pela SMTT com o objetivo de contratar empresa especializada na implanta\u00e7\u00e3o, manuten\u00e7\u00e3o e opera\u00e7\u00e3o de equipamentos de fiscaliza\u00e7\u00e3o de tr\u00e2nsito em Aracaju.<\/p>\n<p style=\"text-align: justify;\">Relatado pelo conselheiro Reinaldo Moura, o processo tem como base uma den\u00fancia formulada pela empresa Eliseu Kopp &amp; Cia Ltda em face de poss\u00edveis irregularidades no Edital da Concorr\u00eancia P\u00fablica n\u00ba 002\/2012. A denunciante alega que o edital encontra-se em desacordo com os princ\u00edpios norteadores dos processos licitat\u00f3rios.<\/p>\n<p style=\"text-align: justify;\">De acordo com o relat\u00f3rio, ao analisar o Edital, a equipe da 6\u00aa Coordenadoria de Controle e Inspe\u00e7\u00e3o (CCI) chegou \u00e0 conclus\u00e3o de que o certame n\u00e3o adota o crit\u00e9rio adequado ao aglutinar diversos equipamentos distintos em uma mesma Licita\u00e7\u00e3o.<\/p>\n<p style=\"text-align: justify;\">O Edital segue o crit\u00e9rio de licita\u00e7\u00e3o por lote \u00fanico, em que se faz necess\u00e1rio que a proposta dos licitantes englobe toda a execu\u00e7\u00e3o do objeto, mesmo que nesta se incluam, concomitantemente, aquisi\u00e7\u00e3o de materiais, obras e presta\u00e7\u00e3o de servi\u00e7os, atividades de natureza distinta e que poderiam ser prestadas por diversas empresas.<\/p>\n<p style=\"text-align: justify;\">&#8220;A escolha que a SMTT estabeleceu para contrata\u00e7\u00e3o de pessoa jur\u00eddica especializada para execu\u00e7\u00e3o dos servi\u00e7os de implanta\u00e7\u00e3o, manuten\u00e7\u00e3o e opera\u00e7\u00e3o de equipamentos de fiscaliza\u00e7\u00e3o de tr\u00e2nsito mostra-se temer\u00e1ria. O mais adequado seria a divis\u00e3o em lotes, em raz\u00e3o das caracter\u00edsticas espec\u00edficas dos diferentes tipos de equipamentos a serem licitados&#8221;, diz o conselheiro em seu relat\u00f3rio.<\/p>\n<p style=\"text-align: justify;\">Segundo ele, percebida a viabilidade t\u00e9cnica e econ\u00f4mica, deve a SMTT realizar a licita\u00e7\u00e3o de forma parcelada, por item e n\u00e3o pelo pre\u00e7o global, observada a modalidade pertinente para o valor total da contrata\u00e7\u00e3o.<\/p>\n<p style=\"text-align: justify;\"><strong>Decis\u00e3o<\/strong><\/p>\n<p style=\"text-align: justify;\">Conforme a decis\u00e3o do TCE, fundamentada ainda pelo parecer do procurador-geral do Minist\u00e9rio P\u00fablico de Contas, Jos\u00e9 S\u00e9rgio Monte Alegre, o procedimento licitat\u00f3rio dever\u00e1 ser suspenso pelo prazo de 90 dias.<\/p>\n<p style=\"text-align: justify;\">J\u00e1 no prazo de 30 dias, dever\u00e1 a SMTT encaminhar c\u00f3pia de todo o processo licitat\u00f3rio, seus anexos, atas de julgamento, inclusive os recursos e seus respectivos julgamentos, e informar o est\u00e1gio em que se encontra o respectivo certame e justificativa para a escolha do Regime de Execu\u00e7\u00e3o Empreitada por Pre\u00e7o Global em detrimento do Regime de Pre\u00e7o Unit\u00e1rio.<\/p>\n<p style=\"text-align: justify;\"><span style=\"color: #333333;\"><strong>Ascom TCE\/SE<\/strong><\/span><\/p>\n","protected":false},"excerpt":{"rendered":"<p>A licita\u00e7\u00e3o de forma parcelada, por item e n\u00e3o pelo pre\u00e7o global, amplia a competitividade e o universo de poss\u00edveis interessados na disputa. Essa foi a principal fundamenta\u00e7\u00e3o para que o colegiado do Tribunal de Contas do Estado (TCE), em sess\u00e3o plen\u00e1ria realizada na manh\u00e3 desta quinta, 20, decidisse pela concess\u00e3o de medida cautelar suspendendo [&hellip;]<\/p>\n","protected":false},"author":1,"featured_media":42443,"comment_status":"closed","ping_status":"closed","sticky":false,"template":"","format":"standard","meta":{"footnotes":""},"categories":[6],"tags":[],"class_list":{"0":"post-42442","1":"post","2":"type-post","3":"status-publish","4":"format-standard","5":"has-post-thumbnail","7":"category-politica"},"_links":{"self":[{"href":"https:\/\/senoticias.com.br\/se\/wp-json\/wp\/v2\/posts\/42442"}],"collection":[{"href":"https:\/\/senoticias.com.br\/se\/wp-json\/wp\/v2\/posts"}],"about":[{"href":"https:\/\/senoticias.com.br\/se\/wp-json\/wp\/v2\/types\/post"}],"author":[{"embeddable":true,"href":"https:\/\/senoticias.com.br\/se\/wp-json\/wp\/v2\/users\/1"}],"replies":[{"embeddable":true,"href":"https:\/\/senoticias.com.br\/se\/wp-json\/wp\/v2\/comments?post=42442"}],"version-history":[{"count":0,"href":"https:\/\/senoticias.com.br\/se\/wp-json\/wp\/v2\/posts\/42442\/revisions"}],"wp:featuredmedia":[{"embeddable":true,"href":"https:\/\/senoticias.com.br\/se\/wp-json\/wp\/v2\/media\/42443"}],"wp:attachment":[{"href":"https:\/\/senoticias.com.br\/se\/wp-json\/wp\/v2\/media?parent=42442"}],"wp:term":[{"taxonomy":"category","embeddable":true,"href":"https:\/\/senoticias.com.br\/se\/wp-json\/wp\/v2\/categories?post=42442"},{"taxonomy":"post_tag","embeddable":true,"href":"https:\/\/senoticias.com.br\/se\/wp-json\/wp\/v2\/tags?post=42442"}],"curies":[{"name":"wp","href":"https:\/\/api.w.org\/{rel}","templated":true}]}}