{"id":42305,"date":"2012-12-18T10:23:25","date_gmt":"2012-12-18T13:23:25","guid":{"rendered":"http:\/\/senoticias.com.br\/se\/?p=42305"},"modified":"2012-12-18T10:24:14","modified_gmt":"2012-12-18T13:24:14","slug":"42305","status":"publish","type":"post","link":"https:\/\/senoticias.com.br\/se\/42305\/","title":{"rendered":"Pol\u00edcia Federal apreende HD&#8217;s e documentos no DCE da UFS"},"content":{"rendered":"<h5><strong><a href=\" http:\/\/www.infonet.com.br\/educacao\/ler.asp?id=138054&amp;pagina=1\" target=\"_blank\">Por Monique Garcez e Raquel Almeida &#8211; Portal Infonet<\/a><\/strong><\/h5>\n<div id=\"attachment_42307\" style=\"width: 310px\" class=\"wp-caption alignleft\"><a href=\"http:\/\/senoticias.com.br\/se\/wp-content\/uploads\/2012\/12\/grande-mandado_apreensao_dce_1712121.jpg\"><img loading=\"lazy\" decoding=\"async\" aria-describedby=\"caption-attachment-42307\" class=\"size-medium wp-image-42307\" title=\"grande-mandado_apreensao_dce_171212\" src=\"http:\/\/senoticias.com.br\/se\/wp-content\/uploads\/2012\/12\/grande-mandado_apreensao_dce_1712121-300x199.jpg\" alt=\"\" width=\"300\" height=\"199\" srcset=\"https:\/\/senoticias.com.br\/se\/wp-content\/uploads\/2012\/12\/grande-mandado_apreensao_dce_1712121-300x199.jpg 300w, https:\/\/senoticias.com.br\/se\/wp-content\/uploads\/2012\/12\/grande-mandado_apreensao_dce_1712121-342x227.jpg 342w, https:\/\/senoticias.com.br\/se\/wp-content\/uploads\/2012\/12\/grande-mandado_apreensao_dce_1712121.jpg 700w\" sizes=\"(max-width: 300px) 100vw, 300px\" \/><\/a><p id=\"caption-attachment-42307\" class=\"wp-caption-text\">Mandado foi expedido pela 2\u00aa Vara Federal de Aracaju (Foto: Reprodu\u00e7\u00e3o)<\/p><\/div>\n<p style=\"text-align: justify;\">Na manh\u00e3 desta segunda-feira, 17, a Pol\u00edcia Federal (PF), acompanhada da Procuradora da Rep\u00fablica Eunice Dantas, esteve no Diret\u00f3rio Central dos Estudantes (DCE) da Universidade Federal de Sergipe (UFS) para apreender materiais. O mandado de abusca e apreens\u00e3o foi solicitado pelo Minist\u00e9rio P\u00fablico Federal (MPF) \u00e0 Justi\u00e7a Federal, e concedido pelo juiz F\u00e1bio Cordeiro de Lima da 2\u00aa Vara Federal de Aracaju.<\/p>\n<p style=\"text-align: justify;\">Na oportunidade, segundo informa\u00e7\u00f5es do advogado do DCE, Magson Melo, e do mandado, enviado por ele \u00e0 equipe do Portal Infonet, al\u00e9m de cinco HDs, foram levados pela PF blocos de recibos, pastas com documentos, certificados, arquivos, comprovantes de dep\u00f3sito, listas de presen\u00e7a, e diversas anota\u00e7\u00f5es manuscritas contendo nomes, n\u00famero de contas, entre outros dados.<\/p>\n<p style=\"text-align: justify;\">De acordo com a assessoria de comunica\u00e7\u00e3o do MPF, a PF atendeu a um pedido do Minist\u00e9rio, e a a\u00e7\u00e3o de apreens\u00e3o faz parte das investiga\u00e7\u00f5es. \u201cO MPF temia que as provas pudessem ser destru\u00eddas, e ent\u00e3o foi pedida certa urg\u00eancia. Agora o material vai ser periciado pela Justi\u00e7a Federal e depois um relat\u00f3rio ser\u00e1 enviado para o Minist\u00e9rio\u201d, revela a assessoria.<\/p>\n<p style=\"text-align: justify;\"><strong>A\u00e7\u00e3o<\/strong><\/p>\n<p style=\"text-align: justify;\">O advogado do DCE relata que acompanhou a a\u00e7\u00e3o da PF, e afirma que foi dada total liberdade para que o trabalho do \u00f3rg\u00e3o fosse feito. \u201cInclusive prestamos informa\u00e7\u00f5es para ajud\u00e1-los\u201d, complementa.<\/p>\n<p style=\"text-align: justify;\">Com rela\u00e7\u00e3o \u00e0 den\u00fancia levada at\u00e9 o MPF, Magson relata que vai procurar saber quem fez as den\u00fancias contra o DCE. \u201cVou saber quem fez as acusa\u00e7\u00f5es infundadas, e eles ser\u00e3o denunciados por denuncia\u00e7\u00e3o caluniosa\u201d, relata.<\/p>\n<p style=\"text-align: justify;\"><strong>DCE<\/strong><\/p>\n<p style=\"text-align: justify;\">O membro do Conselho Fiscal do DCE, Fernando Carvalho, defende o Diret\u00f3rio e afirma que tudo o que est\u00e1 acontecendo \u00e9 fruto de uma manobra pol\u00edtica por parte da oposi\u00e7\u00e3o, que aproveitou a proximidade das elei\u00e7\u00f5es do DCE para realizar as acusa\u00e7\u00f5es.<\/p>\n<p style=\"text-align: justify;\">\u201cA PF e o MPF v\u00e3o ter acesso aos documentos e certificados que, inclusive, t\u00eam a assinatura do ex pr\u00f3-reitor M\u00e1rio Resende. Com rela\u00e7\u00e3o \u00e0 den\u00fancia, o subs\u00eddio da oposi\u00e7\u00e3o \u00e9 uma foto que foi comprada por M\u00e1rio\u201d, esclarece.<\/p>\n<p style=\"text-align: justify;\">Fernando ainda destaca que n\u00e3o h\u00e1 utiliza\u00e7\u00e3o de recurso p\u00fablico por parte do DCE, e que o dinheiro \u00e9 proveniente dos alunos. Ele afirma que toda a presta\u00e7\u00e3o de contas foi feita ao Conselho Fiscal e aos estudantes.<\/p>\n<p style=\"text-align: justify;\"><strong>Foto<\/strong><\/p>\n<p style=\"text-align: justify;\">A respeito da foto veiculada, o membro do Conselho Fiscal do Diret\u00f3rio alega que o dinheiro que aparece na imagem estava sendo utilizado para o pagamento de professores ligados a projeto do DCE.<\/p>\n<p style=\"text-align: justify;\">\u201cA foto foi uma brincadeira. Ela foi tirada em mar\u00e7o ou abril de 2011 por um aluno que era bolsista, e foi guardada durante todo esse tempo. Inclusive, temos conversas guardadas de pessoas dizendo que essa foto foi comprada\u201d, explica Fernando.<\/p>\n<p style=\"text-align: justify;\">Ele afirma que n\u00e3o h\u00e1 nada a esconder, e que os membros do DCE se sentem ofendidos com toda essa situa\u00e7\u00e3o. \u201cDe fato o que resta para n\u00f3s \u00e9 aguardar para que essa farsa seja desmanchada. Nos sentimos ofendidos, e queremos provar que n\u00e3o temos nada a esconder, e que esta \u00e9 mais uma manobra pol\u00edtica eleitoral\u201d, conclui o membro do Conselho Fiscal.<\/p>\n<p style=\"text-align: justify;\"><strong>UFS e PF<\/strong><\/p>\n<p style=\"text-align: justify;\">Apesar de o hor\u00e1rio do expediente da PF j\u00e1 ter extrapolado, a equipe do Portal Infonet entrou em contato com a assessoria de comunica\u00e7\u00e3o do \u00f3rg\u00e3o, por\u00e9m n\u00e3o obteve \u00eaxito. Tentamos tamb\u00e9m conversar com o reitor da UFS, mas este n\u00e3o atendeu as nossas liga\u00e7\u00f5es. Permanecemos \u00e0 disposi\u00e7\u00e3o atrav\u00e9s do e-mail jornalismo@infonet.com.br ou do telefone (79) 2106-8000.<\/p>\n<p style=\"text-align: justify;\"><strong>Clique<a href=\"http:\/\/www.infonet.com.br\/educacao\/ler.asp?id=138054&amp;pagina=1\" target=\"_blank\"> aqui<\/a> e leia a mat\u00e9ria completa<\/strong><\/p>\n","protected":false},"excerpt":{"rendered":"<p>Por Monique Garcez e Raquel Almeida &#8211; Portal Infonet Na manh\u00e3 desta segunda-feira, 17, a Pol\u00edcia Federal (PF), acompanhada da Procuradora da Rep\u00fablica Eunice Dantas, esteve no Diret\u00f3rio Central dos Estudantes (DCE) da Universidade Federal de Sergipe (UFS) para apreender materiais. O mandado de abusca e apreens\u00e3o foi solicitado pelo Minist\u00e9rio P\u00fablico Federal (MPF) \u00e0 [&hellip;]<\/p>\n","protected":false},"author":1,"featured_media":42307,"comment_status":"closed","ping_status":"closed","sticky":false,"template":"","format":"standard","meta":{"footnotes":""},"categories":[7],"tags":[],"class_list":{"0":"post-42305","1":"post","2":"type-post","3":"status-publish","4":"format-standard","5":"has-post-thumbnail","7":"category-policia"},"_links":{"self":[{"href":"https:\/\/senoticias.com.br\/se\/wp-json\/wp\/v2\/posts\/42305"}],"collection":[{"href":"https:\/\/senoticias.com.br\/se\/wp-json\/wp\/v2\/posts"}],"about":[{"href":"https:\/\/senoticias.com.br\/se\/wp-json\/wp\/v2\/types\/post"}],"author":[{"embeddable":true,"href":"https:\/\/senoticias.com.br\/se\/wp-json\/wp\/v2\/users\/1"}],"replies":[{"embeddable":true,"href":"https:\/\/senoticias.com.br\/se\/wp-json\/wp\/v2\/comments?post=42305"}],"version-history":[{"count":0,"href":"https:\/\/senoticias.com.br\/se\/wp-json\/wp\/v2\/posts\/42305\/revisions"}],"wp:featuredmedia":[{"embeddable":true,"href":"https:\/\/senoticias.com.br\/se\/wp-json\/wp\/v2\/media\/42307"}],"wp:attachment":[{"href":"https:\/\/senoticias.com.br\/se\/wp-json\/wp\/v2\/media?parent=42305"}],"wp:term":[{"taxonomy":"category","embeddable":true,"href":"https:\/\/senoticias.com.br\/se\/wp-json\/wp\/v2\/categories?post=42305"},{"taxonomy":"post_tag","embeddable":true,"href":"https:\/\/senoticias.com.br\/se\/wp-json\/wp\/v2\/tags?post=42305"}],"curies":[{"name":"wp","href":"https:\/\/api.w.org\/{rel}","templated":true}]}}