{"id":42293,"date":"2012-12-18T06:12:20","date_gmt":"2012-12-18T09:12:20","guid":{"rendered":"http:\/\/senoticias.com.br\/se\/?p=42293"},"modified":"2012-12-19T07:35:33","modified_gmt":"2012-12-19T10:35:33","slug":"mae-dorme-sobre-bebe-e-ele-morre-sufocado-diz-pm","status":"publish","type":"post","link":"https:\/\/senoticias.com.br\/se\/mae-dorme-sobre-bebe-e-ele-morre-sufocado-diz-pm\/","title":{"rendered":"M\u00e3e dorme sobre beb\u00ea e ele morre sufocado, diz PM"},"content":{"rendered":"<div id=\"attachment_42295\" style=\"width: 591px\" class=\"wp-caption aligncenter\"><a href=\"http:\/\/senoticias.com.br\/se\/wp-content\/uploads\/2012\/12\/CASA_BEB\u00ca.jpg\"><img loading=\"lazy\" decoding=\"async\" aria-describedby=\"caption-attachment-42295\" class=\"size-full wp-image-42295\" title=\"CASA_BEB\u00ca\" src=\"http:\/\/senoticias.com.br\/se\/wp-content\/uploads\/2012\/12\/CASA_BEB\u00ca.jpg\" alt=\"\" width=\"581\" height=\"436\" srcset=\"https:\/\/senoticias.com.br\/se\/wp-content\/uploads\/2012\/12\/CASA_BEB\u00ca.jpg 581w, https:\/\/senoticias.com.br\/se\/wp-content\/uploads\/2012\/12\/CASA_BEB\u00ca-300x225.jpg 300w, https:\/\/senoticias.com.br\/se\/wp-content\/uploads\/2012\/12\/CASA_BEB\u00ca-342x256.jpg 342w, https:\/\/senoticias.com.br\/se\/wp-content\/uploads\/2012\/12\/CASA_BEB\u00ca-60x45.jpg 60w, https:\/\/senoticias.com.br\/se\/wp-content\/uploads\/2012\/12\/CASA_BEB\u00ca-150x113.jpg 150w, https:\/\/senoticias.com.br\/se\/wp-content\/uploads\/2012\/12\/CASA_BEB\u00ca-269x201.jpg 269w\" sizes=\"(max-width: 581px) 100vw, 581px\" \/><\/a><p id=\"caption-attachment-42295\" class=\"wp-caption-text\">Pais da crian\u00e7a foram levados para a Delegacia de Guaratiba (43\u00aa) para prestar esclarecimentos.(Jadson Marques\/R7)<\/p><\/div>\n<p style=\"text-align: justify;\">Um beb\u00ea de 17 dias morreu sufocado depois que a m\u00e3e dormiu sobre ele na madrugada desta segunda-feira (17), em Guaratiba, zona oeste do Rio. A informa\u00e7\u00e3o \u00e9 do Batalh\u00e3o de Santa Cruz (27\u00ba BPM).<\/p>\n<p style=\"text-align: justify;\">Os policiais militares foram ao local para checar a den\u00fancia de que um rec\u00e9m-nascido havia sido espancado e morto. L\u00e1, segundo o 27\u00ba BPM, os pais da crian\u00e7a explicaram que o beb\u00ea dormia com o casal, quando a m\u00e3e virou-se durante o sono caindo sobre ele.<\/p>\n<p style=\"text-align: justify;\">O casal foi levado para a Delegacia de Guaratiba (43\u00aa DP), onde caso foi registrado.<\/p>\n<p style=\"text-align: justify;\">Do Portal R7<\/p>\n","protected":false},"excerpt":{"rendered":"<p>Um beb\u00ea de 17 dias morreu sufocado depois que a m\u00e3e dormiu sobre ele na madrugada desta segunda-feira (17), em Guaratiba, zona oeste do Rio. A informa\u00e7\u00e3o \u00e9 do Batalh\u00e3o de Santa Cruz (27\u00ba BPM). Os policiais militares foram ao local para checar a den\u00fancia de que um rec\u00e9m-nascido havia sido espancado e morto. L\u00e1, [&hellip;]<\/p>\n","protected":false},"author":1,"featured_media":42295,"comment_status":"closed","ping_status":"closed","sticky":false,"template":"","format":"standard","meta":{"footnotes":""},"categories":[310],"tags":[],"class_list":{"0":"post-42293","1":"post","2":"type-post","3":"status-publish","4":"format-standard","5":"has-post-thumbnail","7":"category-destaques-da-semana"},"_links":{"self":[{"href":"https:\/\/senoticias.com.br\/se\/wp-json\/wp\/v2\/posts\/42293"}],"collection":[{"href":"https:\/\/senoticias.com.br\/se\/wp-json\/wp\/v2\/posts"}],"about":[{"href":"https:\/\/senoticias.com.br\/se\/wp-json\/wp\/v2\/types\/post"}],"author":[{"embeddable":true,"href":"https:\/\/senoticias.com.br\/se\/wp-json\/wp\/v2\/users\/1"}],"replies":[{"embeddable":true,"href":"https:\/\/senoticias.com.br\/se\/wp-json\/wp\/v2\/comments?post=42293"}],"version-history":[{"count":0,"href":"https:\/\/senoticias.com.br\/se\/wp-json\/wp\/v2\/posts\/42293\/revisions"}],"wp:featuredmedia":[{"embeddable":true,"href":"https:\/\/senoticias.com.br\/se\/wp-json\/wp\/v2\/media\/42295"}],"wp:attachment":[{"href":"https:\/\/senoticias.com.br\/se\/wp-json\/wp\/v2\/media?parent=42293"}],"wp:term":[{"taxonomy":"category","embeddable":true,"href":"https:\/\/senoticias.com.br\/se\/wp-json\/wp\/v2\/categories?post=42293"},{"taxonomy":"post_tag","embeddable":true,"href":"https:\/\/senoticias.com.br\/se\/wp-json\/wp\/v2\/tags?post=42293"}],"curies":[{"name":"wp","href":"https:\/\/api.w.org\/{rel}","templated":true}]}}